{"id":128949,"date":"2025-12-30T11:45:13","date_gmt":"2025-12-30T11:45:13","guid":{"rendered":"https:\/\/www.europesays.com\/fi\/128949\/"},"modified":"2025-12-30T11:45:13","modified_gmt":"2025-12-30T11:45:13","slug":"suzanne-innes-stubb-paljastaa-onnensa-salaisuuden","status":"publish","type":"post","link":"https:\/\/www.europesays.com\/fi\/128949\/","title":{"rendered":"Suzanne Innes-Stubb paljastaa onnensa salaisuuden"},"content":{"rendered":"<p class=\"ingress\">Tasavallan presidentin puoliso Suzanne Innes-Stubb otti toimittajan mukaan ty\u00f6p\u00e4iv\u00e4\u00e4ns\u00e4 ja kertoo muun muassa, mit\u00e4 miettii nykyisest\u00e4 roolistaan.<\/p>\n<p>Presidentin puoliso <strong>Suzanne Innes-Stubb<\/strong> astuu ripein askelin sis\u00e4lle Tampereen messukeskuksen ovista Suomen Punaisen Ristin tilaisuuteen. H\u00e4n tekee sen mutkattomasti ja pelkk\u00e4 turvamies seuranaan, kuin kunnianosoituksena tamperelaiselle ei tehd\u00e4 t\u00e4st\u00e4 numeroa -mentaliteetille.<\/p>\n<p>Jos t\u00e4m\u00e4 olisi avoin yleis\u00f6tilaisuus, alkaisi ihmisjoukossa vaivihkainen supina, ja rohkeimmat tulisivat pyyt\u00e4m\u00e4\u00e4n valtakunnan ykk\u00f6spuolisoa selfieen. N\u00e4in k\u00e4y silloin, kun Innes-Stubb liikkuu ihmisten parissa esimerkiksi ostoksilla.<\/p>\n<p><strong>Lue my\u00f6s<\/strong>:\u00a0<a href=\"https:\/\/anna.fi\/ihmiset\/suzanne-innes-stubb-jattaa-tyopaikkansa-koneella-loysi-uuden-uran-mukavalla-tyoajalla\" rel=\"nofollow noopener\" target=\"_blank\">Suzanne Innes-Stubb j\u00e4tt\u00e4\u00e4 ty\u00f6paikkansa Koneella \u2013 l\u00f6ysi uuden uran mukavalla ty\u00f6ajalla<\/a><\/p>\n<p>\u201dIhmiset tulevat sanomaan mukavia asioita. Vaikka se on suloista, minulla on opettelemista t\u00e4llaisen huomion kohteena olemisessa. En ollut julkinen henkil\u00f6 aiemmin\u201d, Suzanne Innes-Stubb sanoo, kun tilaisuuden p\u00e4\u00e4tteeksi juttelemme h\u00e4nen el\u00e4m\u00e4st\u00e4\u00e4n. <\/p>\n<p>Mutta ei menn\u00e4 asioiden edelle. Nyt h\u00e4n on vasta saapunut messukeskukseen, koska sinne on pystytetty jotain, mit\u00e4 Suomessa n\u00e4hd\u00e4\u00e4n harvoin. <\/p>\n<p>Hallin t\u00e4ytt\u00e4\u00e4 SPR:n kentt\u00e4sairaala. Tavallisesti se on pakattuna varastossa Tampereen lentokent\u00e4n l\u00e4hell\u00e4 valmiina kiid\u00e4tett\u00e4viksi maailman katastrofikohteisiin heti, kun pyynt\u00f6 tulee. <\/p>\n<p>Viime vuosina SPR on ollut mukana kentt\u00e4sairaalaoperaatioissa Gazassa ja Haitilla. Kentt\u00e4sairaala rakennetaan moduuleista, jotka ovat yhteensopivia muiden maiden Punaisten Ristien kentt\u00e4sairaaloiden kanssa.<\/p>\n<p>Nyt koko valtava aluesairaalatasoinen kokonaisuus on pystyss\u00e4 sertifiointia varten, jotta eri auttajien kentt\u00e4sairaalat ovat yhdenmukaisia ja apua pyyt\u00e4v\u00e4 taho tiet\u00e4\u00e4 tarkasti, mink\u00e4laista apua saa.<\/p>\n<p>Suomi ei en\u00e4\u00e4 salattu kieli<\/p>\n<p>T\u00e4n\u00e4\u00e4n p\u00e4\u00e4semme mukaan presidentin puolison ty\u00f6p\u00e4iv\u00e4\u00e4n. Suzanne Innes-Stubb on kutsuttu avaamaan SPR:n yhteisty\u00f6kumppaneille ja suurlahjoittajille suunnattu tilaisuus.<\/p>\n<p>Innes-Stubb on muokannut presidentin puolison toimenkuvaa omia mielenkiinnon kohteitaan vastaavaksi. Aiemmin samalla viikolla h\u00e4n piti puheen naisiin kohdistuvaa v\u00e4kivaltaa vastustavan Oranssit p\u00e4iv\u00e4t -kampanjan suojelijana. Siell\u00e4 h\u00e4n puhui suomeksi, ja niin h\u00e4n tekee t\u00e4n\u00e4\u00e4nkin.<\/p>\n<p>Muuttaessaan Suomeen viisitoista vuotta sitten Suzanne Innes-Stubb ei ymm\u00e4rt\u00e4nyt suomea niin kuin nykyisin. Tuolloin h\u00e4nen puolisonsa <strong>Alexander Stubb<\/strong>, silloinen ulkoministeri, pystyi helposti j\u00e4rjest\u00e4m\u00e4\u00e4n vaimolleen 40-vuotisyll\u00e4tysjuhlat t\u00e4m\u00e4n ymm\u00e4rt\u00e4m\u00e4tt\u00e4, mit\u00e4 ymp\u00e4rill\u00e4 puhuttiin. <\/p>\n<p>\u201dNykyisin osaan suomea niin hyvin, ett\u00e4 moinen salailu ei onnistuisi alkuunkaan\u201d, Innes-Stubb sanoo pilkett\u00e4 silmiss\u00e4.<\/p>\n<p>H\u00e4n puhuu my\u00f6s ruotsia.<\/p>\n<p>\u201dAlex puhuu ruotsia lastemme kanssa, joten opin kuuntelemalla kotiruotsin. Suomen opin muodollisemmin, opiskelemalla, lukemalla ja kirjoittamalla. Pystyn puhumaan naisiin kohdistuvasta v\u00e4kivallasta suomeksi, mutta en ruotsiksi.\u201d <\/p>\n<p>T\u00e4m\u00e4 haastattelu tehd\u00e4\u00e4n kuitenkin Innes-Stubbin \u00e4idinkielell\u00e4 englanniksi, koska t\u00e4llaisessa yhteydess\u00e4 suomi tuntuu h\u00e4nest\u00e4 haastavalta.<\/p>\n<p>Tilaisuuden avajaispuheessa Innes-Stubb kiittelee muun muassa sit\u00e4, millaisen reservin vapaaehtoisty\u00f6t\u00e4 tekevi\u00e4 ihmisi\u00e4 SPR tuottaa suomalaiseen yhteiskuntaan.<\/p>\n<p>Kentt\u00e4sairaalakierroksella<\/p>\n<p>Suzanne Innes-Stubbin ty\u00f6p\u00e4iv\u00e4n kohokohdaksi osoittautuu opastettu kierros kentt\u00e4sairaalassa.<\/p>\n<p>SPR:n katastrofiavun koordinaattori <strong>Johanna Starck<\/strong> kuvaa kaoottista sota- tai katastrofitilannetta, jonka keskell\u00e4 ihmiset hakevat kentt\u00e4sairaalasta apua hengenvaarallisiin vammoihin tai sairauksiin. S\u00e4hk\u00f6\u00e4 tai puhdasta vett\u00e4 ei ehk\u00e4 ole, ei liioin mahdollisuutta muonittaa avustusty\u00f6ntekij\u00f6iden joukkoa. Siksi sairaala tuottaa itse s\u00e4hk\u00f6ns\u00e4, puhdistaa vetens\u00e4 ja kuljettaa kahden viikon muonavaraston mukanaan.<\/p>\n<p>Avunhakijat astuvat ensimm\u00e4isen\u00e4 telttaan, jossa heid\u00e4t rekister\u00f6id\u00e4\u00e4n ja vaivat luokitellaan.<\/p>\n<p>Innes-Stubbia kiinnostaa, mill\u00e4 kielell\u00e4 apua hakevien kanssa kommunikoidaan. Johanna Starck kertoo, ett\u00e4 potilaat hoidetaan heid\u00e4n omalla kielell\u00e4\u00e4n. Sairaalan py\u00f6ritt\u00e4miseen tarvitaan nimitt\u00e4in nelj\u00e4nkymmenen kansainv\u00e4lisen avustusty\u00f6ntekij\u00e4n lis\u00e4ksi noin nelinkertainen m\u00e4\u00e4r\u00e4 paikallisia ty\u00f6ntekij\u00f6it\u00e4, jotka toimivat kaikenlaisissa teht\u00e4viss\u00e4 tulkeista kirurgeihin.<\/p>\n<p>Synnytyshuoneessa tapaamme k\u00e4til\u00f6 <strong>P\u00e4ivi Laineen<\/strong>, joka on ollut komennuksilla Bangladeshissa ja Haitissa. Yht\u00e4\u00e4n normaalia synnytyst\u00e4 ei h\u00e4nen teht\u00e4v\u00e4kseen ole komennuksilla tullut, koska Punaisen Ristin hoteisiin p\u00e4\u00e4tyv\u00e4t usein vain vaikeimmat tapaukset.<\/p>\n<p>Joskus h\u00e4d\u00e4n valtava mittakaava, oma riitt\u00e4m\u00e4tt\u00f6myyden tunne tai kaikki se, mit\u00e4 tuhon tai sodan keskell\u00e4 joutuu avustusteht\u00e4viss\u00e4 kohtaamaan, voivat olla liikaa avustusty\u00f6ntekij\u00e4lle. P\u00e4ivi Laineellekin on tullut hetki\u00e4, joissa ep\u00e4toivo on vallannut mielen.<\/p>\n<p>\u201dKollegoiden tuki on auttanut sen yli\u201d, h\u00e4n sanoo.<\/p>\n<p>Suzanne Innes-Stubb on utelias kuulemaan, onko P\u00e4ivi Laineen vaikeaa sopeutua kotioloihin katastrofialueella ty\u00f6skentelyn j\u00e4lkeen.<\/p>\n<p>\u201dKulttuurishokki tosiaan on vaikeampi kotiin palatessa. Tuntuu, ett\u00e4 t\u00e4\u00e4ll\u00e4 ihmiset valittavat pienist\u00e4. H\u00e4mm\u00e4styn komennuksilla joka kerta, miten taitavia paikalliset kollegat ovat ja kuinka v\u00e4hill\u00e4 v\u00e4lineill\u00e4 he p\u00e4rj\u00e4\u00e4v\u00e4t t\u00e4ss\u00e4 ty\u00f6ss\u00e4. Tuon sit\u00e4 oppia Suomeen.\u201d<\/p>\n<p>Kriisikohteissa avustusty\u00f6ntekij\u00f6ille kertyy juuri sellaista osaamista ja hiljaista tietoa, mist\u00e4 Suomessa ollaan kiinnostuneita oman kansallisen kriisivalmiuden parantamiseksi. Itse asiassa koko kentt\u00e4sairaala on osa kotimaista varautumista, sill\u00e4 se on k\u00e4ytett\u00e4viss\u00e4 my\u00f6s t\u00e4\u00e4ll\u00e4, jos tarvetta ilmenee.<\/p>\n<p>Some huolettaa Innes-Stubbia<\/p>\n<p>Kentt\u00e4sairaala-alueen per\u00e4lt\u00e4 l\u00f6ytyy jotain hyvin suomalaista: sauna. Se usein ihmetytt\u00e4\u00e4 kansainv\u00e4list\u00e4 avustusty\u00f6ntekij\u00e4joukkoa, ainakin aluksi. Miksi kukaan haluaisi hikoilla tropiikissa viel\u00e4 lis\u00e4\u00e4?<\/p>\n<p>\u201dYmm\u00e4rr\u00e4n hyvin saunan merkityksen. Minulle se on paikka, jossa elimist\u00f6 puhdistuu ja keho rentoutuu\u201d, Suzanne Innes-Stubb sanoo.<\/p>\n<p>K\u00e4til\u00f6 P\u00e4ivi Laineelle sauna oli Bangladeshissa juuri paikka rentoutua. Ja kun hetken istuu 80 asteessa, ulkoilman 30 astetta tuntuu siedett\u00e4v\u00e4lt\u00e4.<\/p>\n<p>Sairaalakierroksen j\u00e4lkeen SPR tarjoilee kentt\u00e4lounaan ulkona teltassa. Ruokana on h\u00e4vikkibataateista valmistettua herkullista keittoa. Lounaan \u00e4\u00e4ress\u00e4 Suzanne Innes-Stubb summaa n\u00e4kem\u00e4\u00e4ns\u00e4.<\/p>\n<p>\u201dT\u00e4m\u00e4 kokemus on l\u00e4hell\u00e4 k\u00e4rke\u00e4 kaikkien kiinnostavien asioiden joukossa, joita olen presidentin puolisona p\u00e4\u00e4ssyt n\u00e4kem\u00e4\u00e4n.\u201d<\/p>\n<p>H\u00e4n on vaikuttunut siit\u00e4 avun konkreettisuudesta ja tehokkuudesta, mit\u00e4 kentt\u00e4sairaalassa\u00ad pystyt\u00e4\u00e4n antamaan. Se puolestaan yll\u00e4tti, kuinka katastrofiolosuhteissa saatua tietotaitoa k\u00e4ytet\u00e4\u00e4n hyv\u00e4ksi kotimaisessa varautumisessa.<\/p>\n<p>Innes-Stubb haluaa k\u00e4ytt\u00e4\u00e4 asemaansa presidentin puolisona huomion kiinnitt\u00e4miseksi muihinkin t\u00e4rkeisiin yhteiskunnallisiin aiheisiin. Erityisen l\u00e4hell\u00e4 h\u00e4nen syd\u00e4nt\u00e4\u00e4n ovat lapset ja nuoret, etenkin he, jotka ovat tavalla tai toisella syrjittyj\u00e4.<\/p>\n<p>My\u00f6s v\u00e4kivalta ylip\u00e4\u00e4t\u00e4\u00e4n, ja erityisesti naisiin ja tytt\u00f6ihin kohdistuvana, on aihe, joka ei Suzanne Innes-Stubbin mielest\u00e4 saa tarpeeksi huomiota.<\/p>\n<p>\u201dOngelma mahdollisesti vain kasvaa sosiaalisen median ja sen vaikutusten vuoksi. Olen huolissani varsinkin nuorista ja siit\u00e4, miten se vaikuttaa heid\u00e4n ihmissuhteisiinsa. N\u00e4emme nuorten miesten ja naisten v\u00e4list\u00e4 polarisaatiota monella tapaa\u201d, h\u00e4n sanoo ja jatkaa: <\/p>\n<p>\u201dTilanne v\u00e4kivallan suhteen on ollut jo vuosia Suomessa melko vakava. Siksi meid\u00e4n on puhuttava siit\u00e4 ja teht\u00e4v\u00e4 jotain nyt, jotta ongelma ei pahene tulevaisuudessa.\u201d<\/p>\n<p>Vanhempien sosiaalinen vastuuntunto\u00a0<\/p>\n<p>Suzanne Innes-Stubb on opettajavanhempien tyt\u00e4r Keski-Englannista. Muiden auttaminen ja vapaaehtoisty\u00f6 ovat olleet h\u00e4nen vanhempiensa arjessa aina mukana. Ennen kahden tytt\u00e4rens\u00e4 syntym\u00e4\u00e4 vanhemmat tekiv\u00e4t vapaaehtoisty\u00f6t\u00e4 opettajina Keniassa.<\/p>\n<p>\u201dNykyisin \u00e4itini on 83- ja is\u00e4 pian 87-vuotias, eiv\u00e4tk\u00e4 he ole yht\u00e4 aktiivisia kuin ennen. Silti he yh\u00e4 kyyditsev\u00e4t kavereitaan l\u00e4\u00e4k\u00e4riin ja vierailevat tuttujensa luona hoivakodeissa.\u201d<\/p>\n<p>Nuorena Innes-Stubb ei haaveillut juristin urasta. Lakiopinnot h\u00e4n valitsi vasta, kun oli sis\u00e4ll\u00e4 yliopistossa.<\/p>\n<p>\u201dOlen tehnyt ty\u00f6urani yritysjuridiikan parissa. En koe siin\u00e4 ty\u00f6ss\u00e4 kantaneeni korttani kekoon niink\u00e4\u00e4n yhteisen hyv\u00e4n puolesta, joten tuntuu hyv\u00e4lt\u00e4, ett\u00e4 pystyn nykyisess\u00e4 roolissani tekem\u00e4\u00e4n niin. Luulen, ett\u00e4 sosiaalinen vastuuntunto kumpuaa lapsuudenperheeni arvomaailmasta.\u201d<\/p>\n<p>Kun Suzanne Innes-Stubbista tuli tasavallan ykk\u00f6spuoliso, vanhemmat olivat ylpeit\u00e4 paitsi v\u00e4vyst\u00e4\u00e4n my\u00f6s tytt\u00e4rest\u00e4\u00e4n. Mit\u00e4 presidenttiys konkreettisesti merkitsee, hahmottui heille kuitenkin vasta, kun he vierailivat Suomessa v\u00e4vypojan virkakauden alettua.<\/p>\n<p>\u201dKun he n\u00e4kiv\u00e4t turvaj\u00e4rjestelyt ja ihmisten reaktiot kadulla, he alkoivat ymm\u00e4rt\u00e4\u00e4, miten isosta arkemme muutoksesta on kyse.\u201d<\/p>\n<p>Innes-Stubb ei itsek\u00e4\u00e4n tiennyt, mit\u00e4 odottaa valtakunnan ykk\u00f6spuolison roolista. <strong>Jenni Haukion<\/strong> kirja Sinun t\u00e4htesi t\u00e4\u00e4ll\u00e4 toimi alustavana oppaana rooliin, samoin keskustelut Haukion kanssa. Silti tuli yll\u00e4tyksi\u00e4.<\/p>\n<p><strong>Lue my\u00f6s<\/strong>: <a href=\"https:\/\/kotiliesi.fi\/ihmiset\/jenni-haukio-siirtyi-rivikansalaiseksi\/\" rel=\"nofollow noopener\" target=\"_blank\">Jenni Haukio siirtyi rivikansalaiseksi ja viett\u00e4\u00e4 vapaa-aikansa lukemalla Aaro-pojalle: \u201dMinulla ei ole kiire minnek\u00e4\u00e4n muualle\u201d<\/a><\/p>\n<p>\u201dMinulle isoin sopeutuminen on ollut tottua aseman mukanaan tuomiin turvaj\u00e4rjestelyihin. Ne ovat tarkoittaneet autonomiani, itsen\u00e4isyyteni ja yksityisyyteni pient\u00e4 v\u00e4henemist\u00e4. T\u00e4h\u00e4n olen kyll\u00e4 tottunut ajan mittaan.\u201d<\/p>\n<p>Mist\u00e4\u00e4n omista harrastuksistaan h\u00e4nen ei kuitenkaan ole tarvinnut luopua.<\/p>\n<p>\u201dVoin k\u00e4yd\u00e4 juoksulenkeill\u00e4, py\u00f6r\u00e4ilem\u00e4ss\u00e4 ja ulkona yst\u00e4vieni kanssa kuten ennenkin. Arvostan t\u00e4t\u00e4, sill\u00e4 sellainen ei ole mahdollista kaikissa maissa valtion johtajan puolisoille.\u201d<\/p>\n<p>\u00c4itiys yll\u00e4tti Suzanne Innes-Stubbin<\/p>\n<p>Presidentin puolison rooli ei kuitenkaan ole asia, joka on mullistanut Suzanne Innes-Stubbin el\u00e4m\u00e4\u00e4 kaikkein eniten. \u00c4itiys on.<\/p>\n<p>\u201dEn nuorena ollut mik\u00e4\u00e4n vauvaihminen, joten yll\u00e4tyin, miten paljon nautin \u00e4itiydest\u00e4. Se on parasta, mit\u00e4 minulle on tapahtunut. \u00c4itiys n\u00e4ytt\u00e4\u00e4, kuka todella olet, ja tuo parhaat puolesi esiin. L\u00f6ysin itsest\u00e4ni uusia asioita: yll\u00e4tyin siit\u00e4, miten k\u00e4rsiv\u00e4llinen olen lasten kanssa.\u201d<\/p>\n<p>Presidenttiparin lapset ovat jo aikuisia. 24-vuotias esikoistyt\u00e4r <strong>Emilie<\/strong> lopettelee opintojaan Lontoossa, ja 21-vuotias kuopus <strong>Oliver<\/strong> opiskelee niin ik\u00e4\u00e4n Isossa-Britanniassa. Aikuisten lasten vanhemmuus on Suzanne Innes-Stubbista kiehtovaa.<\/p>\n<p>\u201dMeill\u00e4 on hienoja keskusteluja. He haastavat minua ja p\u00e4ivitt\u00e4v\u00e4t tietojani monista asioista\u2009\u2013\u2009ja antavat kuulua, jos minulla on v\u00e4\u00e4r\u00e4t k\u00e4sitykset joistain asioista.\u201d<\/p>\n<p>Juuri nyt h\u00e4n el\u00e4\u00e4 erityist\u00e4 luopumisen aikaa \u00e4itin\u00e4.<\/p>\n<p>\u201dTuntuu v\u00e4lill\u00e4 vaikealta, kun lapsia ei en\u00e4\u00e4 n\u00e4e niin usein heid\u00e4n muutettuaan pois kotoa. Samaan aikaan olen valtavan ylpe\u00e4 siit\u00e4, ett\u00e4 he luovat omaa el\u00e4m\u00e4\u00e4ns\u00e4 ja etsiv\u00e4t omia polkujaan. Suren heid\u00e4n l\u00e4ht\u00f6\u00e4\u00e4n, ja samalla olen ylpe\u00e4 siit\u00e4, ett\u00e4 he tekiv\u00e4t niin.\u201d<\/p>\n<p>\u00c4lykkyys pit\u00e4\u00e4 rakkauden yll\u00e4<\/p>\n<p>Suzanne Innes-Stubb kohtasi tulevan puolisonsa juuri opiskeluaikoina 24-vuotiaana, kun molemmat opiskelivat belgialaisessa yliopistossa.<\/p>\n<p>Mihin h\u00e4n ihastui nuoressa Alexanderissa?\u00ad<\/p>\n<p>\u201dH\u00e4n oli heti alusta asti karismaattinen ja eritt\u00e4in \u00e4lyk\u00e4s, mik\u00e4 oli hyvin vieh\u00e4tt\u00e4v\u00e4\u00e4. Alexilla on yh\u00e4 samat ominaisuudet, ja pohjimmiltaan h\u00e4n on sama ihminen. Ehk\u00e4 juuri siksi olemme edelleen niin onnellisia yhdess\u00e4.\u201d<\/p>\n<p>Parilla on takanaan kolmekymment\u00e4yksi yhteist\u00e4 vuotta. Toisen muutosta on vaikeaa n\u00e4hd\u00e4 l\u00e4helt\u00e4, mutta Suzanne Innes-Stubb arvelee puolisonsa muuttuneen joissain asioissa\u00ad k\u00e4rsiv\u00e4llisemm\u00e4ksi, toisissa k\u00e4rsim\u00e4tt\u00f6m\u00e4mm\u00e4ksi.<\/p>\n<p>K\u00e4rsiv\u00e4llisyys n\u00e4kyy etenkin siin\u00e4, miten presidentti jaksaa puhua diplomaattisesti my\u00f6s niiden ihmisten kanssa, joiden kanssa ei ole samaa mielt\u00e4.<\/p>\n<p>\u201dIhmisille on pystytt\u00e4v\u00e4 puhumaan riippumatta siit\u00e4, ovatko he yst\u00e4vi\u00e4si vai eiv\u00e4t. Se on eritt\u00e4in arvokas taito.\u201d<\/p>\n<p>Suzanne Innes-Subb ei l\u00e4hde arvaamaan, mihin puoliso ihastui h\u00e4ness\u00e4 tai mit\u00e4 t\u00e4m\u00e4 h\u00e4ness\u00e4 eniten arvostaa.<\/p>\n<p>\u201dEn tied\u00e4!\u201d h\u00e4n sanoo ja hymyilee. \u201dSit\u00e4 pit\u00e4isi kysy\u00e4 h\u00e4nelt\u00e4 itselt\u00e4\u00e4n.\u201d<\/p>\n<p>Itse h\u00e4n sanoo arvostavansa puolisossaan eniten t\u00e4m\u00e4n kyky\u00e4 yksinkertaistaa vaikeita asioita viestiksi, jonka kaikki voivat ymm\u00e4rt\u00e4\u00e4\u2009\u2013\u2009ne kuuluisat kolme pointtia.<\/p>\n<p>\u201dT\u00e4m\u00e4n h\u00e4n osaa tehd\u00e4 tavalla, joka ei latista monimutkaisia asioita, vaan kirkastaa ytimen.\u201d<\/p>\n<p>On tullut aika p\u00e4\u00e4st\u00e4\u00e4 presidentin puoliso kohti muita velvollisuuksia, joista suurin on haastatteluhetkell\u00e4 viel\u00e4 muutaman p\u00e4iv\u00e4n p\u00e4\u00e4ss\u00e4: juhlavastaanoton em\u00e4nn\u00f6iminen Suomen 108. itsen\u00e4isyysp\u00e4iv\u00e4n\u00e4. <\/p>\n<p>Kun Linnassa tanssitaan, kentt\u00e4sairaala on jo palautettu varastoon, jossa se odottaa l\u00e4ht\u00f6telineiss\u00e4 seuraavaa katastrofia. <\/p>\n<p>Suzanne Innes-Stubb, 55<\/p>\n<p><strong>Ty\u00f6<\/strong>: Tasavallan presidentin puoliso ja Aalto-yliopiston johtava ty\u00f6el\u00e4m\u00e4asiantuntija.<\/p>\n<p><strong>Koti<\/strong>: Virka-asunnon remontin ajan presidenttipari asuu Valtion vierastalossa Helsingin Munkkiniemess\u00e4.<\/p>\n<p><strong>Perhe<\/strong>: Puoliso Alexander Stubb, lapset Emilie, 24, ja Oliver, 21, sek\u00e4 Milo-kissa.<\/p>\n<p><strong>Harrastukset:<\/strong> Triathlonlajit juoksu, py\u00f6r\u00e4ily ja uinti.<\/p>\n<p>Juttu on julkaistu Annassa 1\/2026<\/p>\n<p>    Sinua voi kiinnostaa my\u00f6s:<\/p>\n<ol class=\"read-also__list\">\n<li>\n<p>            <img loading=\"lazy\" decoding=\"async\" class=\"card__image awpo-lqip awpo-lazy\" width=\"2100\" height=\"1400\" src=\"https:\/\/www.europesays.com\/fi\/wp-content\/uploads\/2025\/12\/1767095110_885_johannapetajamaki.jpg\"\/>                <a href=\"https:\/\/anna.fi\/kategoria\/ihmiset\" class=\"card__vignette\" rel=\"nofollow noopener\" target=\"_blank\"><br \/>\n            Ihmiset          <\/a><\/p>\n<p>      <a href=\"https:\/\/anna.fi\/ihmiset\/paihde-ja-mielenterveyskuntoutuja-johanna\" class=\"card__link-overlay\" rel=\"nofollow noopener\" target=\"_blank\">Johanna kertoi rankasta menneisyydest\u00e4\u00e4n avoimesti Suzanne Innes-Stubbille \u2013 sai kutsun Linnan juhliin<\/a><\/p>\n<\/li>\n<li>\n<p>            <img loading=\"lazy\" decoding=\"async\" class=\"card__image awpo-lqip awpo-lazy\" width=\"2560\" height=\"1600\" src=\"https:\/\/www.europesays.com\/fi\/wp-content\/uploads\/2025\/12\/stubb1.jpg\"\/>                <a href=\"https:\/\/anna.fi\/kategoria\/ihmiset\" class=\"card__vignette\" rel=\"nofollow noopener\" target=\"_blank\"><br \/>\n            Ihmiset          <\/a><\/p>\n<p>      <a href=\"https:\/\/anna.fi\/ihmiset\/suzanne-innes-stubbin-mekko\" class=\"card__link-overlay\" rel=\"nofollow noopener\" target=\"_blank\">Suzanne Innes-Stubbin mekko kiinnitti huomion  Instagram-kuvassa \u2212 tekij\u00e4 on poikkeuksellinen suomalaisyritys<\/a><\/p>\n<\/li>\n<li>\n<p>            <img loading=\"lazy\" decoding=\"async\" class=\"card__image awpo-lqip awpo-lazy\" width=\"1600\" height=\"1024\" src=\"https:\/\/www.europesays.com\/fi\/wp-content\/uploads\/2025\/12\/suzannevihrea.jpg\"\/>                <a href=\"https:\/\/anna.fi\/kategoria\/ihmiset\" class=\"card__vignette\" rel=\"nofollow noopener\" target=\"_blank\"><br \/>\n            Ihmiset          <\/a><\/p>\n<p>      <a href=\"https:\/\/anna.fi\/ihmiset\/suzanne-innes-stubbin-puku\" class=\"card__link-overlay\" rel=\"nofollow noopener\" target=\"_blank\">Suzanne Innes-Stubb valitsi ylleen vihre\u00e4\u00e4 \u2212 edusti samassa v\u00e4riss\u00e4 viimeksi 14 vuotta sitten<\/a><\/p>\n<\/li>\n<\/ol>\n","protected":false},"excerpt":{"rendered":"Tasavallan presidentin puoliso Suzanne Innes-Stubb otti toimittajan mukaan ty\u00f6p\u00e4iv\u00e4\u00e4ns\u00e4 ja kertoo muun muassa, mit\u00e4 miettii nykyisest\u00e4 roolistaan. Presidentin&hellip;\n","protected":false},"author":2,"featured_media":128950,"comment_status":"","ping_status":"","sticky":false,"template":"","format":"standard","meta":{"footnotes":""},"categories":[14],"tags":[2454,22848,1075,22,23,26,27,33,31,30,17,24,25,28,29,15,18,21,32,10000,19,20,56,16,59,60,61],"class_list":{"0":"post-128949","1":"post","2":"type-post","3":"status-publish","4":"format-standard","5":"has-post-thumbnail","7":"category-ulkomaat","8":"tag-aitiys","9":"tag-auttaminen","10":"tag-avioliitto","11":"tag-breaking-news","12":"tag-breakingnews","13":"tag-featured-news","14":"tag-featurednews","15":"tag-fi","16":"tag-finland","17":"tag-finnish","18":"tag-headlines","19":"tag-latest-news","20":"tag-latestnews","21":"tag-main-news","22":"tag-mainnews","23":"tag-news","24":"tag-otsikot","25":"tag-paauutiset","26":"tag-suomi","27":"tag-suzanne-innes-stubb","28":"tag-top-stories","29":"tag-topstories","30":"tag-ulkomaat","31":"tag-uutiset","32":"tag-world","33":"tag-world-news","34":"tag-worldnews"},"share_on_mastodon":{"url":"https:\/\/pubeurope.com\/@fi\/115808352540242238","error":""},"_links":{"self":[{"href":"https:\/\/www.europesays.com\/fi\/wp-json\/wp\/v2\/posts\/128949","targetHints":{"allow":["GET"]}}],"collection":[{"href":"https:\/\/www.europesays.com\/fi\/wp-json\/wp\/v2\/posts"}],"about":[{"href":"https:\/\/www.europesays.com\/fi\/wp-json\/wp\/v2\/types\/post"}],"author":[{"embeddable":true,"href":"https:\/\/www.europesays.com\/fi\/wp-json\/wp\/v2\/users\/2"}],"replies":[{"embeddable":true,"href":"https:\/\/www.europesays.com\/fi\/wp-json\/wp\/v2\/comments?post=128949"}],"version-history":[{"count":0,"href":"https:\/\/www.europesays.com\/fi\/wp-json\/wp\/v2\/posts\/128949\/revisions"}],"wp:featuredmedia":[{"embeddable":true,"href":"https:\/\/www.europesays.com\/fi\/wp-json\/wp\/v2\/media\/128950"}],"wp:attachment":[{"href":"https:\/\/www.europesays.com\/fi\/wp-json\/wp\/v2\/media?parent=128949"}],"wp:term":[{"taxonomy":"category","embeddable":true,"href":"https:\/\/www.europesays.com\/fi\/wp-json\/wp\/v2\/categories?post=128949"},{"taxonomy":"post_tag","embeddable":true,"href":"https:\/\/www.europesays.com\/fi\/wp-json\/wp\/v2\/tags?post=128949"}],"curies":[{"name":"wp","href":"https:\/\/api.w.org\/{rel}","templated":true}]}}