{"id":128954,"date":"2025-12-30T11:59:11","date_gmt":"2025-12-30T11:59:11","guid":{"rendered":"https:\/\/www.europesays.com\/fi\/128954\/"},"modified":"2025-12-30T11:59:11","modified_gmt":"2025-12-30T11:59:11","slug":"eeva-antti-j-jokinen-avoimena-avioliitostaan-krista-kososen-kanssa","status":"publish","type":"post","link":"https:\/\/www.europesays.com\/fi\/128954\/","title":{"rendered":"Eeva: Antti J. Jokinen avoimena avioliitostaan Krista Kososen kanssa"},"content":{"rendered":"<p>            ATTE KAJOVA\n        <\/p>\n<p class=\"subtitle \">Antti ja Krista ovat olleet yhdess\u00e4 jo 14 vuotta.<\/p>\n<p class=\"article-content article-content-width !bg-background\">N\u00e4yttelij\u00e4  kertoi marraskuun alkupuolella Seiskalle, <a href=\"https:\/\/www.seiska.fi\/kotimaa\/krista-kosonen-ja-antti-j-jokinen-paljastus-suhteesta\/1984715\" target=\"_blank\" rel=\"nofollow noopener\">millaista on ty\u00f6skennell\u00e4 kameran edess\u00e4<\/a> oman puolison istuskellessa ohjaajan pallilla.\u00a0<\/p>\n<p class=\"font-weight-bold m-font-weight-bold article-content article-content-width !bg-background\">Video: Krista Kososen lapsivinkit:<\/p>\n<p class=\"article-content article-content-width !bg-background\">Krista on ollut vuodesta 2018 naimisissa ohjaaja  kanssa. Pariskunnalla on kaksi yhteist\u00e4 lasta, ja yhteisi\u00e4 elokuviakin on kertynyt jo viiden kappaleen verran. Kristan mukaan aviopuolison ohjauksessa n\u00e4ytteleminen on varsin mukavaa.\u00a0<\/p>\n<p>        <a itemprop=\"url\" href=\"https:\/\/www.seiska.fi\/katso\/tallainen-on-krista-kososen-tahdittama-netflix-sarja\/2015216\" rel=\"nofollow noopener\" target=\"_blank\"><\/p>\n<p>\nKrista Kosonen\n<\/p>\n<p class=\"section-date\">\n        <strong class=\"article-section\" data-section=\"katso\"><br \/>\n            katso<br \/>\n        <\/strong><br \/>\n        21.12. 15:15\n    <\/p>\n<p>T\u00e4llainen on Krista Kososen t\u00e4hditt\u00e4m\u00e4 Netflix-sarja\n    <\/p>\n<p itemprop=\"description\" class=\"subtitle \">\n    Ensi viikon suoratoistot\u00e4rpit: Kate Winsletin esikoisohjaus syntyi oman pojan k\u00e4sikirjoituksesta.\n<\/p>\n<p>        <\/a><\/p>\n<p class=\"article-content article-content-width !bg-background\">\u2013\u00a0Mit\u00e4 paremmin tuntee tai mit\u00e4 l\u00e4heisemm\u00e4t v\u00e4lit on, sit\u00e4 helpompaa ty\u00f6skenteleminenkin on, Krista kuvaili parisen kuukautta takaperin.\u00a0<\/p>\n<p>                <img decoding=\"async\" src=\"https:\/\/www.europesays.com\/fi\/wp-content\/uploads\/2025\/12\/2033587.webp.jpeg\" width=\"576\" height=\"720\" alt=\"Krista nauttii Antin kanssa ty\u00f6skentelemisest\u00e4.\" loading=\"lazy\" \/>            <\/p>\n<p>\n            Krista nauttii Antin kanssa ty\u00f6skentelemisest\u00e4.<br \/>\n            Timo Korhonen\n        <\/p>\n<p>Teki aloitteen<\/p>\n<p class=\"article-content article-content-width !bg-background\">Nyt puolestaan Antti kertoo tunnetun pariskunnan suhteesta -lehden tuoreessa haastattelussa. H\u00e4n muistelee tutustuneensa Kristaan Puhdistus-elokuvan (2012) kuvauksissa.<a href=\"https:\/\/www.eeva.fi\/jutut\/antti-j-jokinen-ja-krista-kosonen?fbclid=PAZXh0bgNhZW0CMTEAc3J0YwZhcHBfaWQMMjU2MjgxMDQwNTU4AAGnLs5Qph3fkkLVsjNBotjnY6PWnk3sd6AskjVul-e5KHjNmX3nDVhrKeCkfc8_aem_DgZ1FDOMr6YvbVOsnFsqag\" target=\"_blank\" rel=\"nofollow noopener\"> Suhde muuttui romanttiseksi kuitenkin vasta my\u00f6hemmin<\/a>.\u00a0<\/p>\n<p>        <a itemprop=\"url\" href=\"https:\/\/www.seiska.fi\/kotimaa\/krista-kososelta-vakava-viesti\/2004042\" rel=\"nofollow noopener\" target=\"_blank\"><\/p>\n<p>\nPuhuu v\u00e4kivallasta\n<\/p>\n<p class=\"section-date\">\n        <strong class=\"article-section\" data-section=\"kotimaa\"><br \/>\n            kotimaa<br \/>\n        <\/strong><br \/>\n        25.11. 20:30\n    <\/p>\n<p>Krista Kososelta vakava viesti\n    <\/p>\n<p itemprop=\"description\" class=\"subtitle \">\n    Joka p\u00e4iv\u00e4 Suomessa pahoinpidell\u00e4\u00e4n 80 naista.\n<\/p>\n<p>        <\/a><\/p>\n<p class=\"article-content article-content-width !bg-background\">\u2013\u00a0Min\u00e4 olin aluksi aktiivisempi, mutta meill\u00e4 on ollut selke\u00e4 sielunkumppanuus suhteemme alusta asti. Kaikki v\u00e4lill\u00e4mme on luontevaa, Antti kuvailee kaksikon v\u00e4list\u00e4 kemiaa lehdelle.\u00a0<\/p>\n<p>Eiv\u00e4t kilpaile kesken\u00e4\u00e4n<\/p>\n<p class=\"article-content article-content-width !bg-background\">Avioliitto on sek\u00e4 57-vuotiaalle Antille ett\u00e4 Kristalle, 42, ensimm\u00e4inen. Ohjaajan mukaan liitto on juuri sellainen, josta h\u00e4n on jo nuorena unelmoinut. H\u00e4n kertoo pyrkiv\u00e4ns\u00e4 olemaan luotettava puoliso ja vaimonsa rakkauden arvoinen.\u00a0<\/p>\n<p>                <img decoding=\"async\" src=\"https:\/\/www.europesays.com\/fi\/wp-content\/uploads\/2025\/12\/2033589.webp.jpeg\" width=\"576\" height=\"720\" alt=\"Antilla on my\u00f6s yksi jo aikuinen lapsi aiemmasta suhteestaan.\" loading=\"lazy\" \/>            <\/p>\n<p>\n            Antilla on my\u00f6s yksi jo aikuinen lapsi aiemmasta suhteestaan.<br \/>\n            ATTE KAJOVA\n        <\/p>\n<p class=\"article-content article-content-width !bg-background\">Kristasta Antti puhuu ylist\u00e4v\u00e4\u00e4n s\u00e4vyyn. H\u00e4n toteaa olevansa Kristan suurin ihailija.<\/p>\n<p class=\"article-content article-content-width !bg-background\">\u2013\u00a0V\u00e4lill\u00e4mme ei ole koskaan ollut valtataistelua eik\u00e4 pienint\u00e4k\u00e4\u00e4n kilpailua.<\/p>\n<p>T\u00e4ydellinen vaimo<\/p>\n<p class=\"article-content article-content-width !bg-background\">Erityist\u00e4 kiitosta Krista saa Antilta siit\u00e4, ett\u00e4 h\u00e4n vastaa p\u00e4\u00e4asiassa perheen k\u00e4yt\u00e4nn\u00f6n j\u00e4rjestelyist\u00e4\u00a0\u2013 joita lapsiperheess\u00e4 luonnollisesti riitt\u00e4\u00e4. Antti paljastaa my\u00f6s, mink\u00e4 asian h\u00e4n kumpanissaan muuttaisi: Ei mit\u00e4\u00e4n.\u00a0<\/p>\n<p>        <a itemprop=\"url\" href=\"https:\/\/www.seiska.fi\/katso\/pitkalla-sairauslomalla-ollut-antti-j-jokinen-palaa-ohjaajaksi-tama-on-hanen-seuraava-projektinsa\/201666\" rel=\"nofollow noopener\" target=\"_blank\"><\/p>\n<p>\nkotimaa\n<\/p>\n<p class=\"section-date\">\n        <strong class=\"article-section\" data-section=\"katso\"><br \/>\n            katso<br \/>\n        <\/strong><br \/>\n        14.6.2022 14:23\n    <\/p>\n<p>Pitk\u00e4ll\u00e4 sairauslomalla ollut Antti J. Jokinen palaa ohjaajaksi \u2013 t\u00e4m\u00e4 on h\u00e4nen seuraava projektinsa\n    <\/p>\n<p>        <\/a><\/p>\n<p class=\"article-content article-content-width !bg-background\">\u2013\u00a0Seh\u00e4n olisi aivan \u00e4lyt\u00f6nt\u00e4. Jos muuttaisi toista, h\u00e4n ei olisikaan se sama ja rakastaisiko h\u00e4nt\u00e4 en\u00e4\u00e4? N\u00e4in on oikein hyv\u00e4, Antti sanoo lehdess\u00e4.\u00a0<\/p>\n<p>                <img decoding=\"async\" src=\"https:\/\/www.europesays.com\/fi\/wp-content\/uploads\/2025\/12\/2033591.webp.jpeg\" width=\"576\" height=\"720\" alt=\"Krista n\u00e4hd\u00e4\u00e4n pieness\u00e4 roolissa my\u00f6s Antin tulevassa Kalevala: Kullervon tarina -elokuvassa.\" loading=\"lazy\" \/>            <\/p>\n<p>\n            Krista n\u00e4hd\u00e4\u00e4n pieness\u00e4 roolissa my\u00f6s Antin tulevassa Kalevala: Kullervon tarina -elokuvassa.<br \/>\n            Pasi Murto\n        <\/p>\n","protected":false},"excerpt":{"rendered":"ATTE KAJOVA Antti ja Krista ovat olleet yhdess\u00e4 jo 14 vuotta. N\u00e4yttelij\u00e4 kertoi marraskuun alkupuolella Seiskalle, millaista on&hellip;\n","protected":false},"author":2,"featured_media":128955,"comment_status":"","ping_status":"","sticky":false,"template":"","format":"standard","meta":{"footnotes":""},"categories":[136],"tags":[11597,1075,407,11568,155,137,33,31,30,408,7387,98,1417,32,109],"class_list":{"0":"post-128954","1":"post","2":"type-post","3":"status-publish","4":"format-standard","5":"has-post-thumbnail","7":"category-julkkikset","8":"tag-antti-j-jokinen","9":"tag-avioliitto","10":"tag-celebrities","11":"tag-elokuvaohjaaja","12":"tag-elokuvat","13":"tag-entertainment","14":"tag-fi","15":"tag-finland","16":"tag-finnish","17":"tag-julkkikset","18":"tag-krista-kosonen","19":"tag-perhe","20":"tag-suhde","21":"tag-suomi","22":"tag-viihde"},"share_on_mastodon":{"url":"https:\/\/pubeurope.com\/@fi\/115808407622332867","error":""},"_links":{"self":[{"href":"https:\/\/www.europesays.com\/fi\/wp-json\/wp\/v2\/posts\/128954","targetHints":{"allow":["GET"]}}],"collection":[{"href":"https:\/\/www.europesays.com\/fi\/wp-json\/wp\/v2\/posts"}],"about":[{"href":"https:\/\/www.europesays.com\/fi\/wp-json\/wp\/v2\/types\/post"}],"author":[{"embeddable":true,"href":"https:\/\/www.europesays.com\/fi\/wp-json\/wp\/v2\/users\/2"}],"replies":[{"embeddable":true,"href":"https:\/\/www.europesays.com\/fi\/wp-json\/wp\/v2\/comments?post=128954"}],"version-history":[{"count":0,"href":"https:\/\/www.europesays.com\/fi\/wp-json\/wp\/v2\/posts\/128954\/revisions"}],"wp:featuredmedia":[{"embeddable":true,"href":"https:\/\/www.europesays.com\/fi\/wp-json\/wp\/v2\/media\/128955"}],"wp:attachment":[{"href":"https:\/\/www.europesays.com\/fi\/wp-json\/wp\/v2\/media?parent=128954"}],"wp:term":[{"taxonomy":"category","embeddable":true,"href":"https:\/\/www.europesays.com\/fi\/wp-json\/wp\/v2\/categories?post=128954"},{"taxonomy":"post_tag","embeddable":true,"href":"https:\/\/www.europesays.com\/fi\/wp-json\/wp\/v2\/tags?post=128954"}],"curies":[{"name":"wp","href":"https:\/\/api.w.org\/{rel}","templated":true}]}}