{"id":128981,"date":"2025-12-30T12:32:09","date_gmt":"2025-12-30T12:32:09","guid":{"rendered":"https:\/\/www.europesays.com\/fi\/128981\/"},"modified":"2025-12-30T12:32:09","modified_gmt":"2025-12-30T12:32:09","slug":"tour-de-ski-suomen-hiihtajat-lyttaavat-nykyisen-tourin","status":"publish","type":"post","link":"https:\/\/www.europesays.com\/fi\/128981\/","title":{"rendered":"Tour de Ski: Suomen hiiht\u00e4j\u00e4t lytt\u00e4\u00e4v\u00e4t nykyisen Tourin"},"content":{"rendered":"<p>Hiihto|\u201dEi t\u00e4m\u00e4 en\u00e4\u00e4 ole l\u00e4hellek\u00e4\u00e4n samanlainen kuin vanhan ajan Tour\u201d, sanoo Suomen p\u00e4\u00e4valmentaja Teemu Pasanen.<\/p>\n<p class=\"article-body mb-nof-24 px-nof-16\">Toblach<\/p>\n<p class=\"article-body mb-nof-24 px-nof-16\">Mahtavana r\u00e4\u00e4kkikiertueena 19 vuotta sitten esitelty Tour de Ski on nyky\u00e4\u00e4n vain haalea muisto entisest\u00e4.<\/p>\n<p class=\"article-body mb-nof-24 px-nof-16\">Tourilla j\u00e4rjestet\u00e4\u00e4n kahdella paikkakunnalla Pohjois-Italiassa, ja kisakilometrej\u00e4 tulee yhteens\u00e4 vain noin 50. Kiertue on ollut typistym\u00e4\u00e4n p\u00e4in jo monta vuotta, mutta nyt on saavutettu jonkinlainen aallonpohja.<\/p>\n<p class=\"article-body mb-nof-24 px-nof-16\">\u201dEi t\u00e4m\u00e4 en\u00e4\u00e4 ole l\u00e4hellek\u00e4\u00e4n samanlainen kuin vanhan ajan Tour. Jos kiertue halutaan s\u00e4ilytt\u00e4\u00e4 ja pit\u00e4\u00e4 sill\u00e4 edes jonkinlainen arvo, niin kyll\u00e4 se sitten saisi olla ihan kunnon Tour\u201d, toteaa Suomen p\u00e4\u00e4valmentaja<a class=\"font-bold underline-offset-[0.12em] [text-decoration:var(--person-link-text-decoration)] ![text-decoration-color:var(--person-link-text-decoration-color)]\" href=\"https:\/\/www.hs.fi\/haku\/?query=%20Teemu%20Pasanen\" rel=\"nofollow noopener\" target=\"_blank\"> Teemu Pasanen<\/a>.<\/p>\n<p class=\"article-body mb-nof-24 px-nof-16\">T\u00e4m\u00e4n vuoden kuudesta osakilpailusta kaksi on sprinttej\u00e4, mink\u00e4 lis\u00e4ksi ohjelmassa on erikoismatkat eli 5 kilometrin yhteisl\u00e4ht\u00f6 ja Alpe Cermisin loppunousu. Klassisia normaalimatkoja kiertueelle mahtuu en\u00e4\u00e4 kaksi.<\/p>\n<p class=\"article-body mb-nof-24 px-nof-16\">\u201dNyth\u00e4n voi puhua sprintti-Tourista. Ei t\u00e4m\u00e4 perinteisen Tour de Skin arvoinen ohjelma ole\u201d, <a class=\"font-bold underline-offset-[0.12em] [text-decoration:var(--person-link-text-decoration)] ![text-decoration-color:var(--person-link-text-decoration-color)]\" href=\"https:\/\/www.hs.fi\/haku\/?query=Johanna%20Matintalo\" rel=\"nofollow noopener\" target=\"_blank\">Johanna Matintalo<\/a> linjaa.<\/p>\n<p class=\"article-body mb-nof-24 px-nof-16\">Enimmill\u00e4\u00e4n etappeja on ollut yhdeks\u00e4n, kausina 2011\u201312 ja 2015\u201316.<\/p>\n<p class=\"article-body mb-nof-24 px-nof-16\">\u201dNyth\u00e4n se on niin, ett\u00e4 moni urheilija tulee t\u00e4nne hiiht\u00e4m\u00e4\u00e4n yksitt\u00e4isi\u00e4 kisoja, eik\u00e4 kovin monella ole edes mieless\u00e4 Tourin kokonaiskilpailu. Jos haluttaisiin kunnon Tour, kokonaiskilpailun pit\u00e4isi olla se juttu\u201d, Pasanen sanoo.<\/p>\n<p class=\"article-body mb-nof-24 px-nof-16\">P\u00e4\u00e4valmentaja vaatii muutoksia.<\/p>\n<p class=\"article-body mb-nof-24 px-nof-16\">\u201dKiertueen pit\u00e4isi olla niin raaka ja kova, ett\u00e4 se ker\u00e4isi sen takia arvostusta hiiht\u00e4jien keskuudessa.\u201d<\/p>\n<p class=\"article-body mb-nof-24 px-nof-16\">My\u00f6s <a class=\"font-bold underline-offset-[0.12em] [text-decoration:var(--person-link-text-decoration)] ![text-decoration-color:var(--person-link-text-decoration-color)]\" href=\"https:\/\/www.hs.fi\/haku\/?query=Kerttu%20Niskanen\" rel=\"nofollow noopener\" target=\"_blank\">Kerttu Niskanen <\/a>on happamana Tourin nykyversiosta.<\/p>\n<p class=\"article-body mb-nof-24 px-nof-16\">\u201dEi t\u00e4m\u00e4 Tour de Ski saisi olla. T\u00e4m\u00e4 on enemm\u00e4n sprintti-Tour. Vaikka olisin huippukunnossa, t\u00e4m\u00e4 olisi ehk\u00e4 huonoin Tour, mit\u00e4 olen urallani hiiht\u00e4nyt. Minun olisi vaikea olla t\u00e4llaisessa ihan huipulla\u201d, Niskanen sanoi.<\/p>\n<p><img decoding=\"async\" src=\"https:\/\/www.europesays.com\/fi\/wp-content\/uploads\/2025\/12\/1767097928_221_468.jpg\" alt=\"T\u00e4m\u00e4n kauden Tour de Ski suosii sprinttereit\u00e4.\" class=\"_Img_1rerz_1\" style=\"aspect-ratio:1.5\" loading=\"eager\"\/><\/p>\n<p class=\"article-picture-caption\">T\u00e4m\u00e4n kauden Tour de Ski suosii sprinttereit\u00e4. Kuva:\u00a0MAXIM THORE \/ Bildbyr\u00e5n \/ MVPhotos<\/p>\n<p class=\"article-body mb-nof-24 px-nof-16\">Syy t\u00e4m\u00e4n kauden tylpp\u00e4-Touriin on tietysti olympialaisissa, jotka alkavat jo helmikuun alussa. Jos Tour olisi raskaampi, hiiht\u00e4j\u00e4kato voisi k\u00e4yd\u00e4 kovaksi.<\/p>\n<p class=\"article-body mb-nof-24 px-nof-16\">Pasasella on ehdotus t\u00e4h\u00e4nkin dilemmaan.<\/p>\n<p class=\"article-body mb-nof-24 px-nof-16\">\u201dOlympiavuonna voisi mietti\u00e4, j\u00e4rjestett\u00e4isiink\u00f6 Tour kauden p\u00e4\u00e4tteeksi.\u201d<\/p>\n<p class=\"article-body mb-nof-24 px-nof-16\">Kahden vuoden kuluttua on seuraava arvokisaton kausi.<\/p>\n<p class=\"article-body mb-nof-24 px-nof-16\">\u201dArvokisattomana vuonna kyll\u00e4 tykk\u00e4isin, ett\u00e4 olisi oikeasti tosi raju Tour\u201d, <a class=\"font-bold underline-offset-[0.12em] [text-decoration:var(--person-link-text-decoration)] ![text-decoration-color:var(--person-link-text-decoration-color)]\" href=\"https:\/\/www.hs.fi\/haku\/?query=Vilma%20Ryytty\" rel=\"nofollow noopener\" target=\"_blank\">Vilma Ryytty <\/a>toteaa.<\/p>\n<p><img decoding=\"async\" src=\"https:\/\/www.europesays.com\/fi\/wp-content\/uploads\/2025\/12\/1767097928_270_468.jpg\" alt=\"Johanna Matintalo oli maanantaina hiihdetyss\u00e4 10 kilometrin kisassa seitsem\u00e4s.\" class=\"_Img_1rerz_1\" style=\"aspect-ratio:0.6666666666666666\" loading=\"eager\"\/><\/p>\n<p class=\"article-picture-caption\">Johanna Matintalo oli maanantaina hiihdetyss\u00e4 10 kilometrin kisassa seitsem\u00e4s. Kuva:\u00a0ANDREA SOLERO<\/p>\n<p class=\"article-body mb-nof-24 px-nof-16\"><a class=\"font-bold underline-offset-[0.12em] [text-decoration:var(--person-link-text-decoration)] ![text-decoration-color:var(--person-link-text-decoration-color)]\" href=\"https:\/\/www.hs.fi\/haku\/?query=Vilma%20Nissinen\" rel=\"nofollow noopener\" target=\"_blank\">Vilma Nissinen <\/a>on mielipiteens\u00e4 kanssa toista maata.<\/p>\n<p class=\"article-body mb-nof-24 px-nof-16\">\u201dMulla ei ole mit\u00e4\u00e4n valittamista, t\u00e4m\u00e4h\u00e4n on ihan mukava. En kaipaa t\u00e4nne 50 kilometrin kisoja.\u201d<\/p>\n<p class=\"article-body mb-nof-24 px-nof-16\">Linjaus on yll\u00e4tt\u00e4v\u00e4, sill\u00e4 Nissinen hiihti maaliskuun MM-kisoissa viidell\u00e4kympill\u00e4 hienosti sijalle 15.<\/p>\n<p class=\"article-body mb-nof-24 px-nof-16\">\u201dSe on mun sy\u00f6m\u00e4hammas, kun muuhun ei riit\u00e4 ja kukaan muu ei 50 kilometri\u00e4 halua hiiht\u00e4\u00e4. Minulle j\u00e4\u00e4 j\u00e4m\u00e4t\u201d, h\u00e4n vitsailee.<\/p>\n<p><img decoding=\"async\" src=\"https:\/\/www.europesays.com\/fi\/wp-content\/uploads\/2025\/12\/1767097928_933_468.jpg\" alt=\"Kerttu Niskasen mukaan k\u00e4ynniss\u00e4 oleva Tour on kaikkien aikojen surkein. Kuva on Rukan maailmancupista.\" class=\"_Img_1rerz_1\" style=\"aspect-ratio:1.5\" loading=\"eager\"\/><\/p>\n<p class=\"article-picture-caption\">Kerttu Niskasen mukaan k\u00e4ynniss\u00e4 oleva Tour on kaikkien aikojen surkein. Kuva on Rukan maailmancupista. Kuva:\u00a0Juhani Niiranen \/ HS<\/p>\n<p class=\"article-body mb-nof-24 px-nof-16\">T\u00e4m\u00e4n talven Tour-viritelm\u00e4ss\u00e4 monia risoo se, kuinka paljon ohjelma hy\u00f6dytt\u00e4\u00e4 sprinttitykkej\u00e4. Jos sprinttien erist\u00e4 karsiutuu, tappiota k\u00e4rkeen tulee automaattisesti yli minuutin.<\/p>\n<p class=\"article-body mb-nof-24 px-nof-16\">Sprinttietapin voitosta n\u00e4et palkitaan 60 bonussekunilla.<\/p>\n<p class=\"article-body mb-nof-24 px-nof-16\">\u201dEn ole sen kannalla, ett\u00e4 sprinttimenestyksest\u00e4 palkitaan Tourilla noin paljon. Minuutin etu sprintin voitosta on hirve\u00e4n paljon\u201d, Matintalo ilmoittaa.<\/p>\n<p class=\"article-body mb-nof-24 px-nof-16\"><a class=\"font-bold underline-offset-[0.12em] [text-decoration:var(--person-link-text-decoration)] ![text-decoration-color:var(--person-link-text-decoration-color)]\" href=\"https:\/\/www.hs.fi\/haku\/?query=Iivo%20Niskanen\" rel=\"nofollow noopener\" target=\"_blank\">Iivo Niskanen<\/a> muistuttaa, ett\u00e4 sprinttien suosiminen n\u00e4kyy muussakin maailmancupin kalenterissa kuin vain Tourilla.<\/p>\n<p class=\"article-body mb-nof-24 px-nof-16\">\u201dSiihen t\u00e4m\u00e4 n\u00e4ytt\u00e4\u00e4 koko ajan menev\u00e4n, ett\u00e4 sprintit ottavat kalenterissa enemm\u00e4n sijaa. Nytkin on poistettu monet 20 kilometrin kisat. Tarjolla on tosi paljon v\u00e4hemm\u00e4n normaalimatkan hiiht\u00e4jien matkoja.\u201d<\/p>\n<p><img decoding=\"async\" src=\"https:\/\/www.europesays.com\/fi\/wp-content\/uploads\/2025\/12\/1767097929_936_468.jpg\" alt=\"Iivo Niskasen kaltainen kest\u00e4vyyskone ei p\u00e4\u00e4se kunnolla oikeuksiinsa sprintti-Tourilla.\" class=\"_Img_1rerz_1\" style=\"aspect-ratio:1.5\" loading=\"eager\"\/><\/p>\n<p class=\"article-picture-caption\">Iivo Niskasen kaltainen kest\u00e4vyyskone ei p\u00e4\u00e4se kunnolla oikeuksiinsa sprintti-Tourilla. Kuva:\u00a0MAXIM THORE \/ Bildbyr\u00e5n \/ MVPhotos<\/p>\n<p class=\"article-body mb-nof-24 px-nof-16\">Sprinttipainotuksen takia Niskasen menestysmahdollisuudet kokonaiskilpailussa ovat nyt olemattomat.<\/p>\n<p class=\"article-body mb-nof-24 px-nof-16\">\u201dOmien ominaisuuksien puolesta menn\u00e4\u00e4n v\u00e4\u00e4r\u00e4\u00e4n suuntaan. Tourilla voisi olla pidempi\u00e4 etappikisoja vaikka helpommissa maastoissa, mik\u00e4 toisi vaihtelua normaaliin\u201d, h\u00e4n ehdottaa.<\/p>\n<p class=\"article-body mb-nof-24 px-nof-16\">Lue lis\u00e4\u00e4: <a class=\"underline underline-offset-[0.12em] [text-decoration-thickness:var(--generic-link-underline-thickness)] [text-decoration-color:var(--generic-link-underline-color)] [text-decoration-skip-ink:var(--generic-link-underline-skip-ink)] break-words\" href=\"https:\/\/www.hs.fi\/urheilu\/art-2000011718961.html\" rel=\"nofollow noopener\" target=\"_blank\">Iivo Niskanen manasi \u201dkatastrofia\u201d \u2013 \u201dJos 20 kilometrill\u00e4 ei kulje, l\u00e4hden kotiin\u201d<\/a><\/p>\n<p class=\"article-body mb-nof-24 px-nof-16\">Lue lis\u00e4\u00e4: <a class=\"underline underline-offset-[0.12em] [text-decoration-thickness:var(--generic-link-underline-thickness)] [text-decoration-color:var(--generic-link-underline-color)] [text-decoration-skip-ink:var(--generic-link-underline-skip-ink)] break-words\" href=\"https:\/\/www.hs.fi\/urheilu\/art-2000011720250.html\" rel=\"nofollow noopener\" target=\"_blank\">Kirvesniemi sammuttelee roihua: \u201dIivolla ei ole h\u00e4d\u00e4n p\u00e4iv\u00e4\u00e4\u201d<\/a><\/p>\n<p class=\"article-body mb-nof-24 px-nof-16\">Lue lis\u00e4\u00e4: <a class=\"underline underline-offset-[0.12em] [text-decoration-thickness:var(--generic-link-underline-thickness)] [text-decoration-color:var(--generic-link-underline-color)] [text-decoration-skip-ink:var(--generic-link-underline-skip-ink)] break-words\" href=\"https:\/\/www.hs.fi\/urheilu\/art-2000011719657.html\" rel=\"nofollow noopener\" target=\"_blank\">Kerttu Niskanen helpottui: \u201dOllut niin hiton vaikeaa\u201d<\/a><\/p>\n<p class=\"article-body mb-nof-24 px-nof-16\">Lue lis\u00e4\u00e4: <a class=\"underline underline-offset-[0.12em] [text-decoration-thickness:var(--generic-link-underline-thickness)] [text-decoration-color:var(--generic-link-underline-color)] [text-decoration-skip-ink:var(--generic-link-underline-skip-ink)] break-words\" href=\"https:\/\/www.hs.fi\/urheilu\/art-2000011718912.html\" rel=\"nofollow noopener\" target=\"_blank\">Perttu Hyv\u00e4rinen her\u00e4tti taistelun olympiapaikoista henkiin<\/a><\/p>\n<p class=\"article-body mb-nof-24 px-nof-16\">Lue lis\u00e4\u00e4: <a class=\"underline underline-offset-[0.12em] [text-decoration-thickness:var(--generic-link-underline-thickness)] [text-decoration-color:var(--generic-link-underline-color)] [text-decoration-skip-ink:var(--generic-link-underline-skip-ink)] break-words\" href=\"https:\/\/www.hs.fi\/urheilu\/art-2000011717020.html\" rel=\"nofollow noopener\" target=\"_blank\">Iivo Niskanen hiihti sijalle 91, mutta h\u00e4nest\u00e4 siin\u00e4 ei ollut mit\u00e4\u00e4n yll\u00e4tt\u00e4v\u00e4\u00e4<\/a><\/p>\n<p class=\"article-body mb-nof-24 px-nof-16\">Lue lis\u00e4\u00e4: <a class=\"underline underline-offset-[0.12em] [text-decoration-thickness:var(--generic-link-underline-thickness)] [text-decoration-color:var(--generic-link-underline-color)] [text-decoration-skip-ink:var(--generic-link-underline-skip-ink)] break-words\" href=\"https:\/\/www.hs.fi\/urheilu\/art-2000011717061.html\" rel=\"nofollow noopener\" target=\"_blank\">Jasmi Joensuu s\u00e4tti suksiaan: \u201dEn min\u00e4 t\u00e4llaisia sijoja halua\u201d<\/a><\/p>\n<p>Fakta<\/p>\n<p>Tour de Ski 2025\u201326Toblach<\/p>\n<p class=\"article-body mb-nof-24 px-nof-16\">Sunnuntai 28.12. <\/p>\n<ul class=\"mb-nof-16 px-nof-16 article-unordered-list unordered-list\">\n<li class=\"unordered-list-item\">\n<p class=\"article-body\">12.45 M\/N Sprintin (v) karsinta<\/p>\n<\/li>\n<li class=\"unordered-list-item\">\n<p class=\"article-body\">15.15 M\/N Sprintin (v) er\u00e4vaihe<\/p>\n<\/li>\n<\/ul>\n<p class=\"article-body mb-nof-24 px-nof-16\">Maanantai 29.12.<\/p>\n<ul class=\"mb-nof-16 px-nof-16 article-unordered-list unordered-list\">\n<li class=\"unordered-list-item\">\n<p class=\"article-body\">12.45 M 10 km (p) v\u00e4liaikal\u00e4ht\u00f6<\/p>\n<\/li>\n<li class=\"unordered-list-item\">\n<p class=\"article-body\">15.45 N 10 km (p) v\u00e4liaikal\u00e4ht\u00f6<\/p>\n<\/li>\n<\/ul>\n<p class=\"article-body mb-nof-24 px-nof-16\">Keskiviikko 31.12.<\/p>\n<ul class=\"mb-nof-16 px-nof-16 article-unordered-list unordered-list\">\n<li class=\"unordered-list-item\">\n<p class=\"article-body\">12.30 M 5 km (v) er\u00e4yhteisl\u00e4ht\u00f6<\/p>\n<\/li>\n<li class=\"unordered-list-item\">\n<p class=\"article-body\">15.30 N 5 km (v) er\u00e4yhteisl\u00e4ht\u00f6<\/p>\n<\/li>\n<\/ul>\n<p class=\"article-body mb-nof-24 px-nof-16\">Torstai 1.1.<\/p>\n<ul class=\"mb-nof-16 px-nof-16 article-unordered-list unordered-list\">\n<li class=\"unordered-list-item\">\n<p class=\"article-body\">11.30 M 20 km (p) takaa-ajo<\/p>\n<\/li>\n<li class=\"unordered-list-item\">\n<p class=\"article-body\">13.30 N 20 km (p) takaa-ajo<\/p>\n<\/li>\n<\/ul>\n<p>Val di Fiemme<\/p>\n<p class=\"article-body mb-nof-24 px-nof-16\">Lauantai 3.1.<\/p>\n<ul class=\"mb-nof-16 px-nof-16 article-unordered-list unordered-list\">\n<li class=\"unordered-list-item\">\n<p class=\"article-body\">13.15 N\/M Sprintin (p) karsinta<\/p>\n<\/li>\n<li class=\"unordered-list-item\">\n<p class=\"article-body\">15.45 N\/M Sprintin (p) er\u00e4vaihe<\/p>\n<\/li>\n<\/ul>\n<p class=\"article-body mb-nof-24 px-nof-16\">Sunnuntai 4.1.<\/p>\n<ul class=\"mb-nof-16 px-nof-16 article-unordered-list unordered-list\">\n<li class=\"unordered-list-item\">\n<p class=\"article-body\">12.30 M Loppunousu, 10 km (v) yhteisl\u00e4ht\u00f6<\/p>\n<\/li>\n<li class=\"unordered-list-item\">\n<p class=\"article-body\">16.30 N Loppunousu, 10 km (v) yhteisl\u00e4ht\u00f6<\/p>\n<\/li>\n<\/ul>\n<p class=\"article-body mb-nof-24 px-nof-16\">Nelj\u00e4 ensimm\u00e4ist\u00e4 kilpailup\u00e4iv\u00e4\u00e4 Toblachista n\u00e4kyv\u00e4t vain Viaplayn kanavilla: suoratoistopalvelussa ja Viaplay 1 Urheilu -maksukanavalla.<\/p>\n<p class=\"article-body mb-nof-24 px-nof-16\">Val di Fiemmess\u00e4 k\u00e4yt\u00e4v\u00e4t kaksi viimeist\u00e4 osakilpailua n\u00e4kyv\u00e4t sek\u00e4 Viaplayn ett\u00e4 Ylen kanavilla.<\/p>\n","protected":false},"excerpt":{"rendered":"Hiihto|\u201dEi t\u00e4m\u00e4 en\u00e4\u00e4 ole l\u00e4hellek\u00e4\u00e4n samanlainen kuin vanhan ajan Tour\u201d, sanoo Suomen p\u00e4\u00e4valmentaja Teemu Pasanen. Toblach Mahtavana r\u00e4\u00e4kkikiertueena&hellip;\n","protected":false},"author":2,"featured_media":128982,"comment_status":"","ping_status":"","sticky":false,"template":"","format":"standard","meta":{"footnotes":""},"categories":[158],"tags":[33,31,30,46,159,32,160],"class_list":{"0":"post-128981","1":"post","2":"type-post","3":"status-publish","4":"format-standard","5":"has-post-thumbnail","7":"category-urheilu","8":"tag-fi","9":"tag-finland","10":"tag-finnish","11":"tag-helsingin-sanomat","12":"tag-sports","13":"tag-suomi","14":"tag-urheilu"},"share_on_mastodon":{"url":"https:\/\/pubeurope.com\/@fi\/115808537372988584","error":""},"_links":{"self":[{"href":"https:\/\/www.europesays.com\/fi\/wp-json\/wp\/v2\/posts\/128981","targetHints":{"allow":["GET"]}}],"collection":[{"href":"https:\/\/www.europesays.com\/fi\/wp-json\/wp\/v2\/posts"}],"about":[{"href":"https:\/\/www.europesays.com\/fi\/wp-json\/wp\/v2\/types\/post"}],"author":[{"embeddable":true,"href":"https:\/\/www.europesays.com\/fi\/wp-json\/wp\/v2\/users\/2"}],"replies":[{"embeddable":true,"href":"https:\/\/www.europesays.com\/fi\/wp-json\/wp\/v2\/comments?post=128981"}],"version-history":[{"count":0,"href":"https:\/\/www.europesays.com\/fi\/wp-json\/wp\/v2\/posts\/128981\/revisions"}],"wp:featuredmedia":[{"embeddable":true,"href":"https:\/\/www.europesays.com\/fi\/wp-json\/wp\/v2\/media\/128982"}],"wp:attachment":[{"href":"https:\/\/www.europesays.com\/fi\/wp-json\/wp\/v2\/media?parent=128981"}],"wp:term":[{"taxonomy":"category","embeddable":true,"href":"https:\/\/www.europesays.com\/fi\/wp-json\/wp\/v2\/categories?post=128981"},{"taxonomy":"post_tag","embeddable":true,"href":"https:\/\/www.europesays.com\/fi\/wp-json\/wp\/v2\/tags?post=128981"}],"curies":[{"name":"wp","href":"https:\/\/api.w.org\/{rel}","templated":true}]}}