{"id":128999,"date":"2025-12-30T13:00:10","date_gmt":"2025-12-30T13:00:10","guid":{"rendered":"https:\/\/www.europesays.com\/fi\/128999\/"},"modified":"2025-12-30T13:00:10","modified_gmt":"2025-12-30T13:00:10","slug":"kaksi-peurakolaria-harkolansuoralla-vuorokauden-sisaan-siina-on-tunnusmerkkeja-etta-on-petoja-mukana","status":"publish","type":"post","link":"https:\/\/www.europesays.com\/fi\/128999\/","title":{"rendered":"Kaksi peurakolaria H\u00e4rk\u00f6l\u00e4nsuoralla vuorokauden sis\u00e4\u00e4n \u2013 &#8221;Siin\u00e4 on tunnusmerkkej\u00e4, ett\u00e4 on petoja mukana&#8221;"},"content":{"rendered":"<p>                                  Paikallisuutiset<\/p>\n<p>                <img loading=\"lazy\" decoding=\"async\" itemprop=\"contentUrl\" class=\"figure-img img-fluid\"  src=\"https:\/\/www.europesays.com\/fi\/wp-content\/uploads\/2025\/12\/1767099609_688_imengine.public.prod.hil.infomaker.io.jpeg\" width=\"4847\" height=\"2726\"  alt=\"\"\/><\/p>\n<p>                                    Arkistokuvassa mets\u00e4peuroja H\u00e4rk\u00f6l\u00e4nsuoralla helmikuussa 2025.<br \/>\n                                                    Kuva:<br \/>\n                    Anu Honkonen<\/p>\n<p class=\"ew-preamble\" itemprop=\"description\">Useiden kymmenien mets\u00e4peurojen tokka k\u00e4ytt\u00e4ytyy Sotkamon riistanhoitoyhdistyksen toiminnanohjaaja Jari Korhosen mukaan vauhkosti.<\/p>\n<p>      MAINOS &#8211; juttu jatkuu mainoksen j\u00e4lkeen<\/p>\n<p>      MAINOS &#8211; mainos p\u00e4\u00e4ttyy<\/p>\n<p class=\"ew-body\">H\u00e4rk\u00f6l\u00e4n suoralla Sotkamon kirkonkyl\u00e4lt\u00e4 Kuhmon suuntaan on tapahtunut vuorokauden sis\u00e4\u00e4n kaksi mets\u00e4peurakolaria. Ensimm\u00e4inen onnettomuus tapahtui maanantai-iltana ja toinen heti per\u00e4\u00e4n tiistaiaamuna.<\/p>\n<p class=\"ew-body\">\u2013 Eilen illalla selvitelless\u00e4 n\u00e4kiv\u00e4t tokan tien ylityksess\u00e4. Nopea arvio oli, ett\u00e4 noin 50\u201370 mets<\/p>\n<p>  <a class=\"btn btn-secondary btn-icon-left\" href=\"#coral_thread\"><br \/>\n    <img decoding=\"async\" src=\"https:\/\/www.sotkamolehti.fi\/wp-content\/themes\/hilla-theme\/assets\/img\/icon_comments.svg\" alt=\"\"\/><br \/>\n    Kommentoi<br \/>\n    \u00a0(0)<br \/>\n  <\/a><\/p>\n<p>  <a class=\"btn btn-secondary btn-icon-left mailto_web\" href=\"mailto:toimitus@sotkamolehti.fi?subject=Ilmoita%20asiavirheest%C3%A4&amp;body=Otsikko%3A%20Kaksi%20peurakolaria%20H%C3%A4rk%C3%B6l%C3%A4nsuoralla%20vuorokauden%20sis%C3%A4%C3%A4n%20%E2%80%93%20%22Siin%C3%A4%20on%20tunnusmerkkej%C3%A4%2C%20ett%C3%A4%20on%20petoja%20mukana%22%0AUuid%3A%201abf3f28-4946-431b-99e9-399aeb2879af%0AUrl%3A%20https%3A%2F%2Fwww.sotkamolehti.fi%2Fartikkeli%2Fkaksi-peurakolaria-harkolansuoralla-vuorokauden-sisaan-siina-on-tunnusmerkkeja-etta-on-petoja-mu\"><br \/>\n    <img decoding=\"async\" src=\"https:\/\/www.sotkamolehti.fi\/wp-content\/themes\/hilla-theme\/assets\/img\/icon_feedback.svg\" alt=\"\"\/><br \/>\n    Ilmoita asiavirheest\u00e4<br \/>\n  <\/a><\/p>\n","protected":false},"excerpt":{"rendered":"Paikallisuutiset Arkistokuvassa mets\u00e4peuroja H\u00e4rk\u00f6l\u00e4nsuoralla helmikuussa 2025. Kuva: Anu Honkonen Useiden kymmenien mets\u00e4peurojen tokka k\u00e4ytt\u00e4ytyy Sotkamon riistanhoitoyhdistyksen toiminnanohjaaja Jari&hellip;\n","protected":false},"author":2,"featured_media":129000,"comment_status":"","ping_status":"","sticky":false,"template":"","format":"standard","meta":{"footnotes":""},"categories":[112],"tags":[33,31,30,118,32,119],"class_list":{"0":"post-128999","1":"post","2":"type-post","3":"status-publish","4":"format-standard","5":"has-post-thumbnail","7":"category-tiede","8":"tag-fi","9":"tag-finland","10":"tag-finnish","11":"tag-science","12":"tag-suomi","13":"tag-tiede"},"share_on_mastodon":{"url":"https:\/\/pubeurope.com\/@fi\/115808647498522797","error":""},"_links":{"self":[{"href":"https:\/\/www.europesays.com\/fi\/wp-json\/wp\/v2\/posts\/128999","targetHints":{"allow":["GET"]}}],"collection":[{"href":"https:\/\/www.europesays.com\/fi\/wp-json\/wp\/v2\/posts"}],"about":[{"href":"https:\/\/www.europesays.com\/fi\/wp-json\/wp\/v2\/types\/post"}],"author":[{"embeddable":true,"href":"https:\/\/www.europesays.com\/fi\/wp-json\/wp\/v2\/users\/2"}],"replies":[{"embeddable":true,"href":"https:\/\/www.europesays.com\/fi\/wp-json\/wp\/v2\/comments?post=128999"}],"version-history":[{"count":0,"href":"https:\/\/www.europesays.com\/fi\/wp-json\/wp\/v2\/posts\/128999\/revisions"}],"wp:featuredmedia":[{"embeddable":true,"href":"https:\/\/www.europesays.com\/fi\/wp-json\/wp\/v2\/media\/129000"}],"wp:attachment":[{"href":"https:\/\/www.europesays.com\/fi\/wp-json\/wp\/v2\/media?parent=128999"}],"wp:term":[{"taxonomy":"category","embeddable":true,"href":"https:\/\/www.europesays.com\/fi\/wp-json\/wp\/v2\/categories?post=128999"},{"taxonomy":"post_tag","embeddable":true,"href":"https:\/\/www.europesays.com\/fi\/wp-json\/wp\/v2\/tags?post=128999"}],"curies":[{"name":"wp","href":"https:\/\/api.w.org\/{rel}","templated":true}]}}