{"id":129009,"date":"2025-12-30T13:17:08","date_gmt":"2025-12-30T13:17:08","guid":{"rendered":"https:\/\/www.europesays.com\/fi\/129009\/"},"modified":"2025-12-30T13:17:08","modified_gmt":"2025-12-30T13:17:08","slug":"brittien-tahtinayttelija-idris-elba-lyotiin-ritariksi-uutisia-lyhyesti","status":"publish","type":"post","link":"https:\/\/www.europesays.com\/fi\/129009\/","title":{"rendered":"Brittien t\u00e4htin\u00e4yttelij\u00e4 Idris Elba ly\u00f6tiin ritariksi | Uutisia lyhyesti"},"content":{"rendered":"<p><img decoding=\"async\" alt=\"N\u00e4yttelij\u00e4 Idris Elba.\" src=\"https:\/\/www.europesays.com\/fi\/wp-content\/uploads\/2025\/12\/39-15755406953bebbaca1e.jpeg\" class=\"aw-1l9m598 hKVVvP\"\/><\/p>\n<p>Avaa kuvien katselu<\/p>\n<p>N\u00e4yttelij\u00e4 Idris Elba. Arkistokuva joulukuulta 2025. Kuva: AOP<\/p>\n<p>13:50\u2022P\u00e4ivitetty 13:53<\/p>\n<p class=\"aw-1gybjub aw-1p7kakr kEtdKx cEmitX yle__article__paragraph\">N\u00e4yttelij\u00e4 <strong class=\"aw-ak79eh KyCXm yle__article__strong\">Idris Elba<\/strong> on saanut kuninkaallisen tunnustuksen. Hyv\u00e4ntekev\u00e4isyysty\u00f6st\u00e4\u00e4n tunnettu t\u00e4hti ly\u00f6tiin ritariksi. Muun muassa Luther-sarjan piinattua poliisia esitt\u00e4nyt Elba voi jatkossa k\u00e4ytt\u00e4\u00e4 Sir-arvonime\u00e4. Sir tai Dame-arvonimen sai t\u00e4n\u00e4 vuonna 1157 henkil\u00f6\u00e4. Joukossa on politiikan, kultuurin ja urheilun edustajia. Taitoluistelupari <strong class=\"aw-ak79eh KyCXm yle__article__strong\">Jayne Torvill<\/strong> ja <strong class=\"aw-ak79eh KyCXm yle__article__strong\">Christopher Dean<\/strong> on palkittujen joukossa.<\/p>\n<p class=\"aw-1gybjub aw-1p7kakr kEtdKx cEmitX yle__article__paragraph\"><a class=\"aw-iao6s4 iHOxEa yle__article__link\" href=\"https:\/\/www.bbc.com\/news\/articles\/crrkgzy52keo\" role=\"link\" rel=\"nofollow noopener\" target=\"_blank\">Asiasta kertoi Britannian yleisradioyhti\u00f6 BBC<\/a>.<\/p>\n","protected":false},"excerpt":{"rendered":"Avaa kuvien katselu N\u00e4yttelij\u00e4 Idris Elba. Arkistokuva joulukuulta 2025. Kuva: AOP 13:50\u2022P\u00e4ivitetty 13:53 N\u00e4yttelij\u00e4 Idris Elba on saanut&hellip;\n","protected":false},"author":2,"featured_media":129010,"comment_status":"","ping_status":"","sticky":false,"template":"","format":"standard","meta":{"footnotes":""},"categories":[136],"tags":[1775,407,137,33,31,30,8190,440,408,32,56,109],"class_list":{"0":"post-129009","1":"post","2":"type-post","3":"status-publish","4":"format-standard","5":"has-post-thumbnail","7":"category-julkkikset","8":"tag-britannia","9":"tag-celebrities","10":"tag-entertainment","11":"tag-fi","12":"tag-finland","13":"tag-finnish","14":"tag-idris-elba","15":"tag-ihmiset","16":"tag-julkkikset","17":"tag-suomi","18":"tag-ulkomaat","19":"tag-viihde"},"share_on_mastodon":{"url":"https:\/\/pubeurope.com\/@fi\/115808714275785067","error":""},"_links":{"self":[{"href":"https:\/\/www.europesays.com\/fi\/wp-json\/wp\/v2\/posts\/129009","targetHints":{"allow":["GET"]}}],"collection":[{"href":"https:\/\/www.europesays.com\/fi\/wp-json\/wp\/v2\/posts"}],"about":[{"href":"https:\/\/www.europesays.com\/fi\/wp-json\/wp\/v2\/types\/post"}],"author":[{"embeddable":true,"href":"https:\/\/www.europesays.com\/fi\/wp-json\/wp\/v2\/users\/2"}],"replies":[{"embeddable":true,"href":"https:\/\/www.europesays.com\/fi\/wp-json\/wp\/v2\/comments?post=129009"}],"version-history":[{"count":0,"href":"https:\/\/www.europesays.com\/fi\/wp-json\/wp\/v2\/posts\/129009\/revisions"}],"wp:featuredmedia":[{"embeddable":true,"href":"https:\/\/www.europesays.com\/fi\/wp-json\/wp\/v2\/media\/129010"}],"wp:attachment":[{"href":"https:\/\/www.europesays.com\/fi\/wp-json\/wp\/v2\/media?parent=129009"}],"wp:term":[{"taxonomy":"category","embeddable":true,"href":"https:\/\/www.europesays.com\/fi\/wp-json\/wp\/v2\/categories?post=129009"},{"taxonomy":"post_tag","embeddable":true,"href":"https:\/\/www.europesays.com\/fi\/wp-json\/wp\/v2\/tags?post=129009"}],"curies":[{"name":"wp","href":"https:\/\/api.w.org\/{rel}","templated":true}]}}