{"id":129023,"date":"2025-12-30T13:43:06","date_gmt":"2025-12-30T13:43:06","guid":{"rendered":"https:\/\/www.europesays.com\/fi\/129023\/"},"modified":"2025-12-30T13:43:06","modified_gmt":"2025-12-30T13:43:06","slug":"vuoden-viraalit-talousilmiot-kertovat-maailman-hulluudesta","status":"publish","type":"post","link":"https:\/\/www.europesays.com\/fi\/129023\/","title":{"rendered":"Vuoden viraalit talousilmi\u00f6t kertovat maailman hulluudesta"},"content":{"rendered":"<p>Sosiaalinen media|Pingviinitullit, Katy Perryn avaruuslento ja Labubut olivat p\u00e4\u00e4ttyv\u00e4n vuoden merkillisimpi\u00e4 viraali-ilmi\u00f6it\u00e4. Monen niist\u00e4 taustalla on Tiktok.<\/p>\n<p class=\"article-body mb-nof-24 px-nof-16\">Maailma n\u00e4ytt\u00e4ytyy j\u00e4rjett\u00f6m\u00e4n\u00e4, jos p\u00e4\u00e4ttyv\u00e4\u00e4 vuotta tarkastelee talouden viraalien ilmi\u00f6iden kautta.<\/p>\n<p class=\"article-body mb-nof-24 px-nof-16\">Vuoden vakavia ilmi\u00f6it\u00e4 olivat kauppasota, p\u00f6rssien heilunta ja pel\u00e4tty teko\u00e4lykupla, mutta niit\u00e4 pienemm\u00e4t ilmi\u00f6t varastivat monen huomion.<\/p>\n","protected":false},"excerpt":{"rendered":"Sosiaalinen media|Pingviinitullit, Katy Perryn avaruuslento ja Labubut olivat p\u00e4\u00e4ttyv\u00e4n vuoden merkillisimpi\u00e4 viraali-ilmi\u00f6it\u00e4. Monen niist\u00e4 taustalla on Tiktok. Maailma&hellip;\n","protected":false},"author":2,"featured_media":129024,"comment_status":"","ping_status":"","sticky":false,"template":"","format":"standard","meta":{"footnotes":""},"categories":[136],"tags":[407,137,33,31,30,46,408,32,109],"class_list":{"0":"post-129023","1":"post","2":"type-post","3":"status-publish","4":"format-standard","5":"has-post-thumbnail","7":"category-julkkikset","8":"tag-celebrities","9":"tag-entertainment","10":"tag-fi","11":"tag-finland","12":"tag-finnish","13":"tag-helsingin-sanomat","14":"tag-julkkikset","15":"tag-suomi","16":"tag-viihde"},"share_on_mastodon":{"url":"https:\/\/pubeurope.com\/@fi\/115808816514616625","error":""},"_links":{"self":[{"href":"https:\/\/www.europesays.com\/fi\/wp-json\/wp\/v2\/posts\/129023","targetHints":{"allow":["GET"]}}],"collection":[{"href":"https:\/\/www.europesays.com\/fi\/wp-json\/wp\/v2\/posts"}],"about":[{"href":"https:\/\/www.europesays.com\/fi\/wp-json\/wp\/v2\/types\/post"}],"author":[{"embeddable":true,"href":"https:\/\/www.europesays.com\/fi\/wp-json\/wp\/v2\/users\/2"}],"replies":[{"embeddable":true,"href":"https:\/\/www.europesays.com\/fi\/wp-json\/wp\/v2\/comments?post=129023"}],"version-history":[{"count":0,"href":"https:\/\/www.europesays.com\/fi\/wp-json\/wp\/v2\/posts\/129023\/revisions"}],"wp:featuredmedia":[{"embeddable":true,"href":"https:\/\/www.europesays.com\/fi\/wp-json\/wp\/v2\/media\/129024"}],"wp:attachment":[{"href":"https:\/\/www.europesays.com\/fi\/wp-json\/wp\/v2\/media?parent=129023"}],"wp:term":[{"taxonomy":"category","embeddable":true,"href":"https:\/\/www.europesays.com\/fi\/wp-json\/wp\/v2\/categories?post=129023"},{"taxonomy":"post_tag","embeddable":true,"href":"https:\/\/www.europesays.com\/fi\/wp-json\/wp\/v2\/tags?post=129023"}],"curies":[{"name":"wp","href":"https:\/\/api.w.org\/{rel}","templated":true}]}}