{"id":129025,"date":"2025-12-30T13:46:12","date_gmt":"2025-12-30T13:46:12","guid":{"rendered":"https:\/\/www.europesays.com\/fi\/129025\/"},"modified":"2025-12-30T13:46:12","modified_gmt":"2025-12-30T13:46:12","slug":"1980-luvun-supersuositussa-tv-sarjassa-naytellyt-melanie-watson-on-kuollut","status":"publish","type":"post","link":"https:\/\/www.europesays.com\/fi\/129025\/","title":{"rendered":"1980-luvun supersuositussa tv-sarjassa n\u00e4ytellyt Melanie Watson on kuollut"},"content":{"rendered":"<p>Diff\u2019rent Strokes -sarjassa n\u00e4ytellyt <strong>Melanie Watson <\/strong>on kuollut 57-vuotiaana.<\/p>\n<p>H\u00e4n menehtyi verenvuotoon sairaalassa, kertovat l\u00e4hipiiri ja TMZ.<\/p>\n<p>Watson syntyi 20.7.1968 Kaliforniassa ja k\u00e4rsi synnynn\u00e4isest\u00e4 sidekudossairaudesta (Osteogenesis imperfecta), joka aiheuttaa luuston haurautta.<\/p>\n<p>Diff\u2019rent Strokesia\u00a0tehtiin 1978\u20131986 ja kyseess\u00e4 oli huippusuosittu sitcom erityisesti 1980-luvun alussa.<\/p>\n<p>Lue my\u00f6s: <a href=\"https:\/\/www.episodi.fi\/uutiset\/brigitte-bardot-on-kuollut-91-vuotiaana\/\" title=\"Brigitte Bardot on kuollut 91-vuotiaana\" class=\"underline-custom !font-montserrat !font-bold !underline-offset-4 !decoration-4 !decoration-episodi-blue !text-md\" rel=\"nofollow noopener\" target=\"_blank\">Brigitte Bardot on kuollut 91-vuotiaana<\/a><\/p>\n<p>Lue my\u00f6s: <a href=\"https:\/\/www.episodi.fi\/uutiset\/daniel-woodrell-72-on-kuollut-kirjoitti-kehutun-jannarin-joka-oli-ehdolla-myos-parhaan-elokuvan-oscariin\/\" title=\"Daniel Woodrell, 72, on kuollut \u2013\u00a0Kirjoitti kehutun j\u00e4nn\u00e4rin, joka oli ehdolla my\u00f6s parhaan elokuvan Oscariin\" class=\"underline-custom !font-montserrat !font-bold !underline-offset-4 !decoration-4 !decoration-episodi-blue !text-md\" rel=\"nofollow noopener\" target=\"_blank\">Daniel Woodrell, 72, on kuollut \u2013\u00a0Kirjoitti kehutun j\u00e4nn\u00e4rin, joka oli ehdolla my\u00f6s parhaan elokuvan Oscariin<\/a><\/p>\n<p>Sarja kertoi varakkaasta leskimiehest\u00e4 Phillip Drummondista (<strong>Conrad Bain<\/strong>). H\u00e4n adoptoi Harlemista kaksi afroamerikkalaista veljest\u00e4, jotka ovat menett\u00e4neet is\u00e4ns\u00e4.<\/p>\n<p>Sarjassa k\u00e4siteltiin rohkeasti tabuaiheita, kuten rasismia, huumeita ja jopa pedofiliaa, mutta n\u00e4yttelij\u00f6iden kokemat siviiliel\u00e4m\u00e4n tragediat nousivat my\u00f6hemmin sarjaa tunnetummaksi.<\/p>\n<p>Watson n\u00e4ytteli Diff\u2019rent Strokesissa vuosina 1981\u201384. py\u00f6r\u00e4tuolissa olevaa Kathy Gordonina.<\/p>\n<p>L\u00e4hde: <a href=\"https:\/\/deadline.com\/2025\/12\/melanie-watson-dies-57-1236657752\/\" rel=\"nofollow noopener\" target=\"_blank\">Deadline<\/a><\/p>\n","protected":false},"excerpt":{"rendered":"Diff\u2019rent Strokes -sarjassa n\u00e4ytellyt Melanie Watson on kuollut 57-vuotiaana. H\u00e4n menehtyi verenvuotoon sairaalassa, kertovat l\u00e4hipiiri ja TMZ. Watson&hellip;\n","protected":false},"author":2,"featured_media":16716,"comment_status":"","ping_status":"","sticky":false,"template":"","format":"standard","meta":{"footnotes":""},"categories":[133],"tags":[22862,137,33,31,30,22863,32,206,156,109],"class_list":{"0":"post-129025","1":"post","2":"type-post","3":"status-publish","4":"format-standard","5":"has-post-thumbnail","7":"category-televisiot","8":"tag-diffrent-strokes","9":"tag-entertainment","10":"tag-fi","11":"tag-finland","12":"tag-finnish","13":"tag-melanie-watson","14":"tag-suomi","15":"tag-televisiot","16":"tag-tv","17":"tag-viihde"},"share_on_mastodon":{"url":"https:\/\/pubeurope.com\/@fi\/115808828267847600","error":""},"_links":{"self":[{"href":"https:\/\/www.europesays.com\/fi\/wp-json\/wp\/v2\/posts\/129025","targetHints":{"allow":["GET"]}}],"collection":[{"href":"https:\/\/www.europesays.com\/fi\/wp-json\/wp\/v2\/posts"}],"about":[{"href":"https:\/\/www.europesays.com\/fi\/wp-json\/wp\/v2\/types\/post"}],"author":[{"embeddable":true,"href":"https:\/\/www.europesays.com\/fi\/wp-json\/wp\/v2\/users\/2"}],"replies":[{"embeddable":true,"href":"https:\/\/www.europesays.com\/fi\/wp-json\/wp\/v2\/comments?post=129025"}],"version-history":[{"count":0,"href":"https:\/\/www.europesays.com\/fi\/wp-json\/wp\/v2\/posts\/129025\/revisions"}],"wp:featuredmedia":[{"embeddable":true,"href":"https:\/\/www.europesays.com\/fi\/wp-json\/wp\/v2\/media\/16716"}],"wp:attachment":[{"href":"https:\/\/www.europesays.com\/fi\/wp-json\/wp\/v2\/media?parent=129025"}],"wp:term":[{"taxonomy":"category","embeddable":true,"href":"https:\/\/www.europesays.com\/fi\/wp-json\/wp\/v2\/categories?post=129025"},{"taxonomy":"post_tag","embeddable":true,"href":"https:\/\/www.europesays.com\/fi\/wp-json\/wp\/v2\/tags?post=129025"}],"curies":[{"name":"wp","href":"https:\/\/api.w.org\/{rel}","templated":true}]}}