{"id":129040,"date":"2025-12-30T14:02:08","date_gmt":"2025-12-30T14:02:08","guid":{"rendered":"https:\/\/www.europesays.com\/fi\/129040\/"},"modified":"2025-12-30T14:02:08","modified_gmt":"2025-12-30T14:02:08","slug":"rovaniemen-jaaalueilla-on-hyvin-petollisia-paikkoja-alakorkalon-ja-valajaskosken-voimalaitospadon-valisella-alueella-on-poikkeuksellisen-heikko-jaa","status":"publish","type":"post","link":"https:\/\/www.europesays.com\/fi\/129040\/","title":{"rendered":"Rovaniemen j\u00e4\u00e4alueilla on hyvin petollisia paikkoja \u2013 Alakorkalon ja Valajaskosken voimalaitospadon v\u00e4lisell\u00e4 alueella on poikkeuksellisen heikko j\u00e4\u00e4"},"content":{"rendered":"<p>\n      Rovaniemen jokien j\u00e4ill\u00e4 on hyvin petollisia paikkoja, joissa j\u00e4\u00e4 ei kest\u00e4 ihmisen painoa, varoittaa Rovaniemen kaupunki tiedotteessaan. J\u00e4ill\u00e4 liikkujien t\u00e4ytyy olla erityisen varovaisia.\n    <\/p>\n<p>\n      J\u00e4tk\u00e4nkynttil\u00e4n ja rautatiesillan v\u00e4lill\u00e4 on ajettu moottorikelkalla, vaikka alueella on hengenvaarallisia paikkoja kaikille j\u00e4\u00e4ll\u00e4 liikkujille. Alue on vaarallinen koko talven ajan. My\u00f6s Alakorkalon ja Valajaskosken voimalaitospadon v\u00e4lisell\u00e4 alueella on t\u00e4ll\u00e4 hetkell\u00e4 poikkeuksellisen heikko j\u00e4\u00e4, ja se voi olla vaarallinen kelkkailijoille.\n    <\/p>\n<p class=\"article__paragraph\">\n      Kaupunki muistuttaa, ett\u00e4 he eiv\u00e4t ole viel\u00e4 merkanneet jokien j\u00e4ille turvallisia kelkkareittej\u00e4 tai muita ulkoilureittej\u00e4.\n    <\/p>\n<p class=\"article__paragraph\">\n      My\u00f6sk\u00e4\u00e4n Paavalniemen j\u00e4\u00e4tien ulkopuolelle ei saa poiketa autolla, sill\u00e4 j\u00e4\u00e4 kest\u00e4\u00e4 vain tien kohdalla. My\u00f6s jalankulkijoille j\u00e4\u00e4alue tien ulkopuolella ei ole aina tuvallinen.\n    <\/p>\n<p class=\"article__paragraph\">\n      Jos ihmisen n\u00e4kee j\u00e4\u00e4ll\u00e4 Rovaniemen keskustan alueella, h\u00e4nt\u00e4 tulee kehottaa poistumaan sielt\u00e4 v\u00e4litt\u00f6m\u00e4sti. Kaupunki vetoaa tiedotteessaan paikallisiin ja yrityksiin, etteiv\u00e4t he n\u00e4ytt\u00e4isi huonoa esimerkki\u00e4 j\u00e4ille menosta matkailijoille, jotka eiv\u00e4t ole aina tottuneet j\u00e4ill\u00e4 liikkumiseen.\n    <\/p>\n","protected":false},"excerpt":{"rendered":"Rovaniemen jokien j\u00e4ill\u00e4 on hyvin petollisia paikkoja, joissa j\u00e4\u00e4 ei kest\u00e4 ihmisen painoa, varoittaa Rovaniemen kaupunki tiedotteessaan. J\u00e4ill\u00e4&hellip;\n","protected":false},"author":2,"featured_media":129041,"comment_status":"","ping_status":"","sticky":false,"template":"","format":"standard","meta":{"footnotes":""},"categories":[113],"tags":[446,33,31,30,118,32,119,447],"class_list":{"0":"post-129040","1":"post","2":"type-post","3":"status-publish","4":"format-standard","5":"has-post-thumbnail","7":"category-ymparisto","8":"tag-environment","9":"tag-fi","10":"tag-finland","11":"tag-finnish","12":"tag-science","13":"tag-suomi","14":"tag-tiede","15":"tag-ymparisto"},"share_on_mastodon":{"url":"https:\/\/pubeurope.com\/@fi\/115808891162270815","error":""},"_links":{"self":[{"href":"https:\/\/www.europesays.com\/fi\/wp-json\/wp\/v2\/posts\/129040","targetHints":{"allow":["GET"]}}],"collection":[{"href":"https:\/\/www.europesays.com\/fi\/wp-json\/wp\/v2\/posts"}],"about":[{"href":"https:\/\/www.europesays.com\/fi\/wp-json\/wp\/v2\/types\/post"}],"author":[{"embeddable":true,"href":"https:\/\/www.europesays.com\/fi\/wp-json\/wp\/v2\/users\/2"}],"replies":[{"embeddable":true,"href":"https:\/\/www.europesays.com\/fi\/wp-json\/wp\/v2\/comments?post=129040"}],"version-history":[{"count":0,"href":"https:\/\/www.europesays.com\/fi\/wp-json\/wp\/v2\/posts\/129040\/revisions"}],"wp:featuredmedia":[{"embeddable":true,"href":"https:\/\/www.europesays.com\/fi\/wp-json\/wp\/v2\/media\/129041"}],"wp:attachment":[{"href":"https:\/\/www.europesays.com\/fi\/wp-json\/wp\/v2\/media?parent=129040"}],"wp:term":[{"taxonomy":"category","embeddable":true,"href":"https:\/\/www.europesays.com\/fi\/wp-json\/wp\/v2\/categories?post=129040"},{"taxonomy":"post_tag","embeddable":true,"href":"https:\/\/www.europesays.com\/fi\/wp-json\/wp\/v2\/tags?post=129040"}],"curies":[{"name":"wp","href":"https:\/\/api.w.org\/{rel}","templated":true}]}}