{"id":129048,"date":"2025-12-30T14:17:11","date_gmt":"2025-12-30T14:17:11","guid":{"rendered":"https:\/\/www.europesays.com\/fi\/129048\/"},"modified":"2025-12-30T14:17:11","modified_gmt":"2025-12-30T14:17:11","slug":"vuosi-paattyy-isosti-tampere-talossa-pepe-willberg-saimaa-ja-vantaan-viihdeorkesteri-paikalliset","status":"publish","type":"post","link":"https:\/\/www.europesays.com\/fi\/129048\/","title":{"rendered":"Vuosi p\u00e4\u00e4ttyy isosti \u2013 Tampere-talossa Pepe Willberg, Saimaa ja Vantaan Viihdeorkesteri | Paikalliset"},"content":{"rendered":"<p>\t\t\t\tPepe Willberg<\/p>\n<p><strong>Pepe Willberg<\/strong> laskeutuu vuoteen 2026 isosti. Viel\u00e4 79-vuotias laulaja saa lavalle seurakseen Saimaa-yhtyeen, Vantaan Viihdeorkesterin ja Vaskivuoren lukion alumnikuoron. Onneksi Ison salin estradi on kookas ja akustiikka palvelee suurta musiikkia. Tampere-talon katto kohoilee ja ilma v\u00e4reilee, kun Pepe astelee ainutlaatuisesti T\u00e4ll\u00e4 kadulla.<\/p>\n<p class=\"diks-storyline__additional-information\">Keskiviikko 31.12. Tampere-talo<\/p>\n<p>\t\t<a class=\"diks-gallery__link\" href=\"https:\/\/i.media.fi\/incoming\/ki63kv\/11221336.jpg\/alternates\/FREE_1440\/11221336.jpg\" data-thumbnail=\"\" data-sub-html=\"Markus Nordenstreng iskee isolla jengill\u00e4 Tampereen tiistaissa. Peter Stone\" aria-label=\"Katso isompi kuva\" rel=\"nofollow noopener\" target=\"_blank\"><br \/>\n\t\t\t\t<img class=\"diks-figure__image\" src=\"https:\/\/www.europesays.com\/fi\/wp-content\/uploads\/2025\/12\/11221336.jpg\" loading=\"lazy\" decoding=\"sync\" alt=\"\"\/><\/p>\n<p>\t\t\t<\/a><br \/>\n\t\t\t\t\tMarkus Nordenstreng iskee isolla jengill\u00e4 Tampereen tiistaissa. Peter Stone<\/p>\n<p>\t\t\t\tLatebird\u2019s New Year Bash<\/p>\n<p>Muusikko, toimittaja ja kulttuurialan vaikuttaja Markus Nordenstreng on jo vuosia tuonut uudenvuoden juhlansa Tampereen Telakalle. T\u00e4n\u00e4 vuonna musiikillisesti korkeatasoinen ja yll\u00e4tt\u00e4v\u00e4 tapahtuma raikaa tiistaina. Latebird\u2019s New Year Bashiss\u00e4 on sielua ja juurta enemm\u00e4n kuin tarpeeksi, mutta popkaan ei ole n\u00e4iss\u00e4 juhlissa kauhistus. Viihtymistakuu.<\/p>\n<p class=\"diks-storyline__additional-information\">Tiistai 30.12. Telakka<\/p>\n<p>\t\t<a class=\"diks-gallery__link\" href=\"https:\/\/i.media.fi\/incoming\/p55c9a\/11221338.jpg\/alternates\/FREE_1440\/11221338.jpg\" data-thumbnail=\"\" data-sub-html=\"Tarot vie raskaan musiikin ytimeen perjantaina. Grey Beard\" aria-label=\"Katso isompi kuva\" rel=\"nofollow noopener\" target=\"_blank\"><br \/>\n\t\t\t\t<img class=\"diks-figure__image\" src=\"https:\/\/www.europesays.com\/fi\/wp-content\/uploads\/2025\/12\/11221338.jpg\" loading=\"lazy\" decoding=\"sync\" alt=\"\"\/><\/p>\n<p>\t\t\t<\/a><br \/>\n\t\t\t\t\tTarot vie raskaan musiikin ytimeen perjantaina. Grey Beard<\/p>\n<p>\t\t\t\tTarot<\/p>\n<p>Nelj\u00e4kymment\u00e4 vuotta The Spell of Iron -albumin ilmestymisen j\u00e4lkeen tervolainen Tarot ilmestyy Tampereen Tavara-asemalle. Perjantaina on luvassa perinteist\u00e4 heavy\u00e4, raskasta rytmi\u00e4 ja hurttia meininki\u00e4, onhan lavalla muuan <strong>Marco Hietala<\/strong>. Ennen aikuisten ukkojen Tarotia iskee nuoren polven edustaja Arion, joka sekin ollut pystyss\u00e4 pian viisitoista vuotta.<\/p>\n<p class=\"diks-storyline__additional-information\">Perjantai 2.1. Tavara-asema<\/p>\n<p>\t\t<a class=\"diks-gallery__link\" href=\"https:\/\/i.media.fi\/incoming\/czhfwe\/11221334.jpg\/alternates\/FREE_1440\/11221334.jpg\" data-thumbnail=\"\" data-sub-html=\"Heli Hartikainen jazzaa vuoteen 2026. Heidi Piiroinen\" aria-label=\"Katso isompi kuva\" rel=\"nofollow noopener\" target=\"_blank\"><br \/>\n\t\t\t\t<img class=\"diks-figure__image\" src=\"https:\/\/www.europesays.com\/fi\/wp-content\/uploads\/2025\/12\/11221334.jpg\" loading=\"lazy\" decoding=\"sync\" alt=\"\"\/><\/p>\n<p>\t\t\t<\/a><br \/>\n\t\t\t\t\tHeli Hartikainen jazzaa vuoteen 2026. Heidi Piiroinen<\/p>\n<p>\t\t\t\tHeli Hartikainen<\/p>\n<p>Telakan vuoden 2026 avaa Telakka Jazz -tapahtuma, joka soi perjantaina ja lauantaina. Yksi festivaalin esiintyjist\u00e4 on rajoja rikkova saksofonisti <strong>Heli Hartikainen<\/strong>. Puhallinta ja viimeisint\u00e4 \u00e4\u00e4niteknologiaa kohti \u00e4\u00e4rirajoja puskeva taiteilija tuuttaa lauantaina. Toinen saman illan t\u00e4ky on Otto Eskelisen Uusi Aika, jonka jazz on varsinaista seikkailua.<\/p>\n<p class=\"diks-storyline__additional-information\">Lauantai 3.1. Telakka<\/p>\n<p>\t\t<a class=\"diks-gallery__link\" href=\"https:\/\/i.media.fi\/incoming\/tyercm\/11221333.jpg\/alternates\/FREE_1440\/11221333.jpg\" data-thumbnail=\"\" data-sub-html=\"Aron elvistelee j\u00e4lleen rockin kuninkaan syntym\u00e4p\u00e4iv\u00e4n kunniaksi. Tom Lahti\" aria-label=\"Katso isompi kuva\" rel=\"nofollow noopener\" target=\"_blank\"><br \/>\n\t\t\t\t<img class=\"diks-figure__image\" src=\"https:\/\/www.europesays.com\/fi\/wp-content\/uploads\/2025\/12\/11221333.jpg\" loading=\"lazy\" decoding=\"sync\" alt=\"\"\/><\/p>\n<p>\t\t\t<\/a><br \/>\n\t\t\t\t\tAron elvistelee j\u00e4lleen rockin kuninkaan syntym\u00e4p\u00e4iv\u00e4n kunniaksi. Tom Lahti<\/p>\n<p>\t\t\t\tAron<\/p>\n<p>Elvis Aaron Presley t\u00e4ytt\u00e4isi 8. tammikuuta yhdeks\u00e4nkymment\u00e4yksi vuotta. Sen kunniaksi <strong>Juha \u201cAron\u201d Lepp\u00e4nen<\/strong> ja h\u00e4nen s\u00e4est\u00e4j\u00e4ns\u00e4 <strong>Franc Toth<\/strong> t\u00e4ytt\u00e4v\u00e4t Vesilahden kirkon gospelilla ja rakkauslauluilla. Kello 18 alkava ja kaikenik\u00e4isille tarkoitettu konsertti p\u00e4\u00e4tt\u00e4\u00e4 joulunajan l\u00e4mpim\u00e4sti: Love Me Tender olkoon arjen slogan vuonna 2026.<\/p>\n<p class=\"diks-storyline__additional-information\">Tiistai 6.1. Vesilahden kirkko<\/p>\n","protected":false},"excerpt":{"rendered":"Pepe Willberg Pepe Willberg laskeutuu vuoteen 2026 isosti. Viel\u00e4 79-vuotias laulaja saa lavalle seurakseen Saimaa-yhtyeen, Vantaan Viihdeorkesterin ja&hellip;\n","protected":false},"author":2,"featured_media":129049,"comment_status":"","ping_status":"","sticky":false,"template":"","format":"standard","meta":{"footnotes":""},"categories":[130],"tags":[138,137,33,31,30,47,3018,32,551,13399,5257,712,109],"class_list":{"0":"post-129048","1":"post","2":"type-post","3":"status-publish","4":"format-standard","5":"has-post-thumbnail","7":"category-viihde","8":"tag-audio","9":"tag-entertainment","10":"tag-fi","11":"tag-finland","12":"tag-finnish","13":"tag-musiikki","14":"tag-muusikko","15":"tag-suomi","16":"tag-tampere","17":"tag-tampere-rock-city","18":"tag-tampere-talo","19":"tag-tampereen-seutukunta","20":"tag-viihde"},"share_on_mastodon":{"url":"https:\/\/pubeurope.com\/@fi\/115808950275202611","error":""},"_links":{"self":[{"href":"https:\/\/www.europesays.com\/fi\/wp-json\/wp\/v2\/posts\/129048","targetHints":{"allow":["GET"]}}],"collection":[{"href":"https:\/\/www.europesays.com\/fi\/wp-json\/wp\/v2\/posts"}],"about":[{"href":"https:\/\/www.europesays.com\/fi\/wp-json\/wp\/v2\/types\/post"}],"author":[{"embeddable":true,"href":"https:\/\/www.europesays.com\/fi\/wp-json\/wp\/v2\/users\/2"}],"replies":[{"embeddable":true,"href":"https:\/\/www.europesays.com\/fi\/wp-json\/wp\/v2\/comments?post=129048"}],"version-history":[{"count":0,"href":"https:\/\/www.europesays.com\/fi\/wp-json\/wp\/v2\/posts\/129048\/revisions"}],"wp:featuredmedia":[{"embeddable":true,"href":"https:\/\/www.europesays.com\/fi\/wp-json\/wp\/v2\/media\/129049"}],"wp:attachment":[{"href":"https:\/\/www.europesays.com\/fi\/wp-json\/wp\/v2\/media?parent=129048"}],"wp:term":[{"taxonomy":"category","embeddable":true,"href":"https:\/\/www.europesays.com\/fi\/wp-json\/wp\/v2\/categories?post=129048"},{"taxonomy":"post_tag","embeddable":true,"href":"https:\/\/www.europesays.com\/fi\/wp-json\/wp\/v2\/tags?post=129048"}],"curies":[{"name":"wp","href":"https:\/\/api.w.org\/{rel}","templated":true}]}}