{"id":129066,"date":"2025-12-30T14:43:10","date_gmt":"2025-12-30T14:43:10","guid":{"rendered":"https:\/\/www.europesays.com\/fi\/129066\/"},"modified":"2025-12-30T14:43:10","modified_gmt":"2025-12-30T14:43:10","slug":"kuvittaja-tini-sauvon-matkakirja-vie-1970-luvun-intiaan-sanoin-ja-kuvin","status":"publish","type":"post","link":"https:\/\/www.europesays.com\/fi\/129066\/","title":{"rendered":"Kuvittaja Tini Sauvon matkakirja vie 1970-luvun Intiaan sanoin ja kuvin"},"content":{"rendered":"<p><strong><\/p>\n<p>Tervetuloa matkalle kaukaiseen menneisyyteen, jolloin kaikki oli toisin kuin nyt! T\u00e4m\u00e4 teos\u00a0perustuu <strong>Tini Sauvon<\/strong> kolmen Intian matkan p\u00e4iv\u00e4kirjamerkint\u00f6ihin ja matkoilla syntyneisiin piirroksiin.<\/p>\n<p><\/strong><\/p>\n<p><strong>Tini Sauvon<\/strong> matkakirja Aamuy\u00f6n matkustajia \u2013 Kuvap\u00e4iv\u00e4kirjoja 1970-luvun Intiasta\u00a0on julkaistu Momentum Kirjojen kustantamana.<\/p>\n<p>Vuonna 1971 h\u00e4n l\u00e4hti kolmen yst\u00e4v\u00e4ns\u00e4 kanssa ensi kertaa Intiaan vailla sen kummempia tulevaisuudensuunnitelmia. T\u00e4st\u00e4 matkasta kertoo kirjan ensimm\u00e4inen osa Ihmeellinen Intia.<\/p>\n<p>Toinen osa, Kolme kuukautta Intiassa, kertoo yst\u00e4vysten paluusta maahan vuonna 1977. Matkaa jatkettiin Intiasta aina Kaukoit\u00e4\u00e4n asti ja kotiin palattiin kuusi kuukautta my\u00f6hemmin Siperian halki junalla.<br \/>Kirjan viimeisess\u00e4 osassa One Silver Elephant matkataan Bombayn lastenelokuvafestivaalille, johon Tini Sauvo osallistui ensimm\u00e4isen animaatioelokuvansa Minulla on tiikeri kanssa vuonna 1979.<\/p>\n<p><strong>Tini Sauvo <\/strong>(s. 1946 Lappeenranta) on taiteilija, kuvittaja ja animaationtekij\u00e4. H\u00e4n on tehnyt el\u00e4m\u00e4nty\u00f6ns\u00e4 lastenkulttuurin parissa: animaatioelokuvia, kuvakirjoja ja kuvituksia. Aapiskukko-aapisen muistavat yh\u00e4 monet 1980-luvun ekaluokkaiset.<\/p>\n<p>Matkailu on h\u00e4nelle kuin puoli el\u00e4m\u00e4\u00e4. \u201cJoskus olen miettinyt, kumpi puolisko on t\u00e4rke\u00e4mpi, se vai varsinainen el\u00e4m\u00e4nty\u00f6. Toista ei kuitenkaan voisi olla ilman toista.\u201d<\/p>\n<p>SAUVO, TINI : Aamuy\u00f6n matkustajia \u2013 Kuvap\u00e4iv\u00e4kirjoja 1970-luvun Intiasta<br \/>154 sivua<br \/>ISBN 9789524172127<br \/>Ilmestymisaika: Syyskuu 2025<\/p>\n<p><strong>Arvostelukappaleet, pressikuvat ja haastattelupyynn\u00f6t<\/strong><\/p>\n<p>L\u00e4het\u00e4mme pyynn\u00f6st\u00e4 arvostelukappaleen teoksesta joko painettuna tai s\u00e4hk\u00f6postitse. Arvostelukappalepyynn\u00f6t, haastattelupyynn\u00f6t sek\u00e4 tiedustelut pressikuvista voi l\u00e4hett\u00e4\u00e4 osoitteeseen <a href=\"https:\/\/www.sttinfo.fi\/tiedote\/71709927\/mailto:info@momentumkirjat.fi\" rel=\"nofollow noopener\" target=\"_blank\">info@momentumkirjat.fi<\/a>.\u00a0<\/p>\n<p>Vuonna 2023 perustettu Momentum Kirjat kuuluu Aviador Oy:hyn, kuten my\u00f6s vuonna 2012 perustettu Aviador Kustannus.<\/p>\n","protected":false},"excerpt":{"rendered":"Tervetuloa matkalle kaukaiseen menneisyyteen, jolloin kaikki oli toisin kuin nyt! T\u00e4m\u00e4 teos\u00a0perustuu Tini Sauvon kolmen Intian matkan p\u00e4iv\u00e4kirjamerkint\u00f6ihin&hellip;\n","protected":false},"author":2,"featured_media":129067,"comment_status":"","ping_status":"","sticky":false,"template":"","format":"standard","meta":{"footnotes":""},"categories":[130],"tags":[137,33,31,30,32,109],"class_list":{"0":"post-129066","1":"post","2":"type-post","3":"status-publish","4":"format-standard","5":"has-post-thumbnail","7":"category-viihde","8":"tag-entertainment","9":"tag-fi","10":"tag-finland","11":"tag-finnish","12":"tag-suomi","13":"tag-viihde"},"share_on_mastodon":{"url":"https:\/\/pubeurope.com\/@fi\/115809052450907716","error":""},"_links":{"self":[{"href":"https:\/\/www.europesays.com\/fi\/wp-json\/wp\/v2\/posts\/129066","targetHints":{"allow":["GET"]}}],"collection":[{"href":"https:\/\/www.europesays.com\/fi\/wp-json\/wp\/v2\/posts"}],"about":[{"href":"https:\/\/www.europesays.com\/fi\/wp-json\/wp\/v2\/types\/post"}],"author":[{"embeddable":true,"href":"https:\/\/www.europesays.com\/fi\/wp-json\/wp\/v2\/users\/2"}],"replies":[{"embeddable":true,"href":"https:\/\/www.europesays.com\/fi\/wp-json\/wp\/v2\/comments?post=129066"}],"version-history":[{"count":0,"href":"https:\/\/www.europesays.com\/fi\/wp-json\/wp\/v2\/posts\/129066\/revisions"}],"wp:featuredmedia":[{"embeddable":true,"href":"https:\/\/www.europesays.com\/fi\/wp-json\/wp\/v2\/media\/129067"}],"wp:attachment":[{"href":"https:\/\/www.europesays.com\/fi\/wp-json\/wp\/v2\/media?parent=129066"}],"wp:term":[{"taxonomy":"category","embeddable":true,"href":"https:\/\/www.europesays.com\/fi\/wp-json\/wp\/v2\/categories?post=129066"},{"taxonomy":"post_tag","embeddable":true,"href":"https:\/\/www.europesays.com\/fi\/wp-json\/wp\/v2\/tags?post=129066"}],"curies":[{"name":"wp","href":"https:\/\/api.w.org\/{rel}","templated":true}]}}