{"id":129070,"date":"2025-12-30T14:47:08","date_gmt":"2025-12-30T14:47:08","guid":{"rendered":"https:\/\/www.europesays.com\/fi\/129070\/"},"modified":"2025-12-30T14:47:08","modified_gmt":"2025-12-30T14:47:08","slug":"bbc-venalaissotilaita-kuolee-kiihtyvaan-tahtiin-ukrainassa","status":"publish","type":"post","link":"https:\/\/www.europesays.com\/fi\/129070\/","title":{"rendered":"BBC: ven\u00e4l\u00e4issotilaita kuolee kiihtyv\u00e4\u00e4n tahtiin Ukrainassa"},"content":{"rendered":"<p>Ukrainassa kaatuneita on kartoitettu kuolinilmoituksista. Todellinen tappioiden m\u00e4\u00e4r\u00e4 on paljon suurempi.<\/p>\n<p class=\"article-body mb-nof-24 px-nof-16\"><a class=\"underline underline-offset-[0.12em] [text-decoration-thickness:var(--generic-link-underline-thickness)] [text-decoration-color:var(--generic-link-underline-color)] [text-decoration-skip-ink:var(--generic-link-underline-skip-ink)] break-words\" href=\"https:\/\/www.bbc.com\/news\/articles\/c62n922dnw7o\" rel=\"nofollow noopener\" target=\"_blank\">BBC:n <\/a>ja ven\u00e4l\u00e4isen Mediazonan yhdess\u00e4 tekem\u00e4n selvityksen mukaan Ven\u00e4j\u00e4n sotilaiden kuolemat Ukrainassa ovat olleet loppuvuonna 2025 selv\u00e4ss\u00e4 kasvussa.<\/p>\n<p class=\"article-body mb-nof-24 px-nof-16\">Ven\u00e4l\u00e4issotilaita kuolee nyt BBC:n mukaan kovempaan tahtiin kuin koskaan aiemmin vuonna 2022 alkaneen sodan aikana.<\/p>\n<p class=\"article-body mb-nof-24 px-nof-16\">BBC:n ven\u00e4j\u00e4nkielinen toimitus, Mediazona ja ryhm\u00e4 vapaaehtoisia ovat kartoittaneet Ven\u00e4j\u00e4n tappiota seuraamalla julkisia l\u00e4hteit\u00e4, kuten kuolinilmoituksia ja muistokirjoituksia. Kartoitusta on tehty jopa hautausmailla.<\/p>\n<p class=\"article-body mb-nof-24 px-nof-16\">Toimittajat ovat tunnistaneet kaikkiaan per\u00e4ti 160\u202f000 kaatunutta ven\u00e4l\u00e4issotilasta.<\/p>\n<p class=\"article-body mb-nof-24 px-nof-16\">Vuonna 2025 muistokirjoituksia julkaistiin 40 prosenttia enemm\u00e4n kuin edellisvuonna.<\/p>\n<p class=\"article-body mb-nof-24 px-nof-16\">Vuoden 2025 lopulla niit\u00e4 on ollut huippulukemissa lokakuussa yli 12\u202f000. L\u00e4hes sama tahti on jatkunut senkin j\u00e4lkeen.<\/p>\n<p class=\"article-body mb-nof-24 px-nof-16\">BBC tekee huomion, ett\u00e4 viimeisin kehitys on tapahtunut samanaikaisesti Yhdysvaltain rauhanpyrkimysten kanssa.<\/p>\n<p class=\"article-body mb-nof-24 px-nof-16\">Asioilla saattaa olla yhteys, sill\u00e4 Ven\u00e4j\u00e4 n\u00e4kee aluevaltaukset keinona vaikuttaa neuvotteluihin, ja kasvaneet ponnistelut sotarintamalla tuottavat v\u00e4ist\u00e4m\u00e4tt\u00e4 enemm\u00e4n tappioita.<\/p>\n<p class=\"article-body mb-nof-24 px-nof-16\">Presidentti <a class=\"font-bold underline-offset-[0.12em] [text-decoration:var(--person-link-text-decoration)] ![text-decoration-color:var(--person-link-text-decoration-color)]\" href=\"https:\/\/www.is.fi\/haku\/?query=Vladimir%20Putinin\" rel=\"nofollow noopener\" target=\"_blank\">Vladimir Putinin <\/a>neuvonantaja <a class=\"font-bold underline-offset-[0.12em] [text-decoration:var(--person-link-text-decoration)] ![text-decoration-color:var(--person-link-text-decoration-color)]\" href=\"https:\/\/www.is.fi\/haku\/?query=Juri%20Ushakov\" rel=\"nofollow noopener\" target=\"_blank\">Juri Ushakov <\/a>totesi my\u00f6s \u00e4skett\u00e4in, ett\u00e4 menestyksell\u00e4 sotarintamalla on ollut \u201dpositiivinen vaikutus\u201d.<\/p>\n<p class=\"article-body mb-nof-24 px-nof-16\">Ven\u00e4j\u00e4n tappioluvut ovat on todenn\u00e4k\u00f6isesti paljon suuremmat kuin tunnistetut 160\u202f000 kuollutta, sill\u00e4 kaikkia tapauksia on mahdoton varmistaa.<\/p>\n<p class=\"article-body mb-nof-24 px-nof-16\">BBC:n mukaan sotilasasiantuntijat ovat arvioineet, ett\u00e4 luku saattaa olla 45\u201365 prosenttia korkeampi, jolloin kuolleita olisi 243\u202f000-352\u202f000.<\/p>\n<p class=\"article-body mb-nof-24 px-nof-16\">Haavoittuneiden m\u00e4\u00e4r\u00e4t ovat tyypillisesti paljon korkeammat kuin kuolleiden m\u00e4\u00e4r\u00e4t. N\u00e4in ollen lasketut kokonaistappiot saattavat hipoa jo miljoonaa miest\u00e4. Se vastaa suunnilleen my\u00f6s lukua, jonka Ukraina on ilmoittanut ven\u00e4l\u00e4istappioiksi.<\/p>\n","protected":false},"excerpt":{"rendered":"Ukrainassa kaatuneita on kartoitettu kuolinilmoituksista. Todellinen tappioiden m\u00e4\u00e4r\u00e4 on paljon suurempi. BBC:n ja ven\u00e4l\u00e4isen Mediazonan yhdess\u00e4 tekem\u00e4n selvityksen&hellip;\n","protected":false},"author":2,"featured_media":129071,"comment_status":"","ping_status":"","sticky":false,"template":"","format":"standard","meta":{"footnotes":""},"categories":[14],"tags":[22,23,26,27,33,31,30,17,34,24,25,28,29,15,18,21,32,19,20,56,16,59,60,61],"class_list":{"0":"post-129070","1":"post","2":"type-post","3":"status-publish","4":"format-standard","5":"has-post-thumbnail","7":"category-ulkomaat","8":"tag-breaking-news","9":"tag-breakingnews","10":"tag-featured-news","11":"tag-featurednews","12":"tag-fi","13":"tag-finland","14":"tag-finnish","15":"tag-headlines","16":"tag-ilta-sanomat","17":"tag-latest-news","18":"tag-latestnews","19":"tag-main-news","20":"tag-mainnews","21":"tag-news","22":"tag-otsikot","23":"tag-paauutiset","24":"tag-suomi","25":"tag-top-stories","26":"tag-topstories","27":"tag-ulkomaat","28":"tag-uutiset","29":"tag-world","30":"tag-world-news","31":"tag-worldnews"},"share_on_mastodon":{"url":"https:\/\/pubeurope.com\/@fi\/115809068245048213","error":""},"_links":{"self":[{"href":"https:\/\/www.europesays.com\/fi\/wp-json\/wp\/v2\/posts\/129070","targetHints":{"allow":["GET"]}}],"collection":[{"href":"https:\/\/www.europesays.com\/fi\/wp-json\/wp\/v2\/posts"}],"about":[{"href":"https:\/\/www.europesays.com\/fi\/wp-json\/wp\/v2\/types\/post"}],"author":[{"embeddable":true,"href":"https:\/\/www.europesays.com\/fi\/wp-json\/wp\/v2\/users\/2"}],"replies":[{"embeddable":true,"href":"https:\/\/www.europesays.com\/fi\/wp-json\/wp\/v2\/comments?post=129070"}],"version-history":[{"count":0,"href":"https:\/\/www.europesays.com\/fi\/wp-json\/wp\/v2\/posts\/129070\/revisions"}],"wp:featuredmedia":[{"embeddable":true,"href":"https:\/\/www.europesays.com\/fi\/wp-json\/wp\/v2\/media\/129071"}],"wp:attachment":[{"href":"https:\/\/www.europesays.com\/fi\/wp-json\/wp\/v2\/media?parent=129070"}],"wp:term":[{"taxonomy":"category","embeddable":true,"href":"https:\/\/www.europesays.com\/fi\/wp-json\/wp\/v2\/categories?post=129070"},{"taxonomy":"post_tag","embeddable":true,"href":"https:\/\/www.europesays.com\/fi\/wp-json\/wp\/v2\/tags?post=129070"}],"curies":[{"name":"wp","href":"https:\/\/api.w.org\/{rel}","templated":true}]}}