{"id":129111,"date":"2025-12-30T15:58:07","date_gmt":"2025-12-30T15:58:07","guid":{"rendered":"https:\/\/www.europesays.com\/fi\/129111\/"},"modified":"2025-12-30T15:58:07","modified_gmt":"2025-12-30T15:58:07","slug":"sisu-2n-voi-katsoa-suomessa-kotona-jo-ensi-viikolla","status":"publish","type":"post","link":"https:\/\/www.europesays.com\/fi\/129111\/","title":{"rendered":"Sisu 2:n voi katsoa Suomessa kotona jo ensi viikolla"},"content":{"rendered":"<p>Kuva: Heikki Leis \u00a9 2025 CTMG, Inc. <\/p>\n<p>Sisu 2 tulee saataville kotikatseluun 5. tammikuuta.<\/p>\n<p><a href=\"https:\/\/muropaketti.com\/avainsana\/sisu-2\/\" rel=\"nofollow noopener\" target=\"_blank\">Sisu 2<\/a> ker\u00e4si Suomen elokuvateattereissa yli 126 000 katsojaa ja piipahti valkokankailla Yhdysvaltoja my\u00f6ten. <a href=\"https:\/\/www.sfanytime.com\/fi\/movie\/sisu-ii\" target=\"_blank\" rel=\"noreferrer noopener nofollow\">SF Anytime<\/a> on nyt vahvistanut, ett\u00e4 ensi viikolla Aatami Korven kostoreissulle p\u00e4\u00e4see mukaan my\u00f6s omalta kotisohvaltaan.<\/p>\n<p>Digitaalinen myyntiversio on tulossa saataville vod-palveluissa 5. tammikuuta.<\/p>\n<p>Jalmari Helanderin ohjaama ja Jorma Tommilan t\u00e4hditt\u00e4m\u00e4 Sisu 2 on pysynyt yll\u00e4tt\u00e4v\u00e4n tuoreena <a href=\"https:\/\/www.rottentomatoes.com\/m\/sisu_road_to_revenge\" target=\"_blank\" rel=\"noreferrer noopener nofollow\">Rotten Tomatoesissa<\/a>. Viel\u00e4 93 arvostelun j\u00e4lkeenkin elokuvan tuoreusarvo on 95 prosenttia.<\/p>\n<p>Vuonna 2022 julkaistun Sisun jatko-osa on edelt\u00e4j\u00e4\u00e4ns\u00e4 viel\u00e4kin verisempi ja sen juonikuvaus kuuluu n\u00e4in:<\/p>\n<p>\u201cSisu 2 on t\u00e4ydell\u00e4 r\u00e4hin\u00e4ll\u00e4 eteenp\u00e4in vy\u00f6ryv\u00e4 toimintaelokuva, joka on jatkoa aina kansainv\u00e4liseksi hitiksi asti nousseelle ykk\u00f6sosalle Sisu. Aatami Korpi, \u201cmies, joka ei suostu kuolemaan\u201d (Jorma Tommila) palaa kotikonnuilleen neuvostomiehityksen alaiseen Karjalaan, purkaa talonsa, lastaa sen kuormurin kyytiin ja p\u00e4\u00e4tt\u00e4\u00e4 vakaasti panna pirttins\u00e4 taas pystyyn Suomen puolelle. Kun tieto Aatamin rajan ylityksest\u00e4 levi\u00e4\u00e4, palaa h\u00e4nen perheens\u00e4 surmannut partisaanien komentaja (Stephen Lang) hoitamaan jo legendan maineen saaneen suomalaisen sotilaan pois p\u00e4ivilt\u00e4.\u201d<\/p>\n<p>Muropaketin arvostelussa Sisu 2:n turpasauna arvioitiin nelj\u00e4n t\u00e4hden arvoiseksi.<\/p>\n","protected":false},"excerpt":{"rendered":"Kuva: Heikki Leis \u00a9 2025 CTMG, Inc. Sisu 2 tulee saataville kotikatseluun 5. tammikuuta. Sisu 2 ker\u00e4si Suomen&hellip;\n","protected":false},"author":2,"featured_media":64431,"comment_status":"","ping_status":"","sticky":false,"template":"","format":"standard","meta":{"footnotes":"","_share_on_mastodon":"0"},"categories":[131],"tags":[155,137,33,173,31,30,1487,3296,172,3298,32,109],"class_list":["post-129111","post","type-post","status-publish","format-standard","has-post-thumbnail","category-elokuvat","tag-elokuvat","tag-entertainment","tag-fi","tag-film","tag-finland","tag-finnish","tag-jalmari-helander","tag-jorma-tommila","tag-movies","tag-sisu-2","tag-suomi","tag-viihde"],"share_on_mastodon":{"url":"https:\/\/pubeurope.com\/@fi\/115809347366775619","error":""},"_links":{"self":[{"href":"https:\/\/www.europesays.com\/fi\/wp-json\/wp\/v2\/posts\/129111","targetHints":{"allow":["GET"]}}],"collection":[{"href":"https:\/\/www.europesays.com\/fi\/wp-json\/wp\/v2\/posts"}],"about":[{"href":"https:\/\/www.europesays.com\/fi\/wp-json\/wp\/v2\/types\/post"}],"author":[{"embeddable":true,"href":"https:\/\/www.europesays.com\/fi\/wp-json\/wp\/v2\/users\/2"}],"replies":[{"embeddable":true,"href":"https:\/\/www.europesays.com\/fi\/wp-json\/wp\/v2\/comments?post=129111"}],"version-history":[{"count":0,"href":"https:\/\/www.europesays.com\/fi\/wp-json\/wp\/v2\/posts\/129111\/revisions"}],"wp:featuredmedia":[{"embeddable":true,"href":"https:\/\/www.europesays.com\/fi\/wp-json\/wp\/v2\/media\/64431"}],"wp:attachment":[{"href":"https:\/\/www.europesays.com\/fi\/wp-json\/wp\/v2\/media?parent=129111"}],"wp:term":[{"taxonomy":"category","embeddable":true,"href":"https:\/\/www.europesays.com\/fi\/wp-json\/wp\/v2\/categories?post=129111"},{"taxonomy":"post_tag","embeddable":true,"href":"https:\/\/www.europesays.com\/fi\/wp-json\/wp\/v2\/tags?post=129111"}],"curies":[{"name":"wp","href":"https:\/\/api.w.org\/{rel}","templated":true}]}}