{"id":129150,"date":"2025-12-30T16:50:07","date_gmt":"2025-12-30T16:50:07","guid":{"rendered":"https:\/\/www.europesays.com\/fi\/129150\/"},"modified":"2025-12-30T16:50:07","modified_gmt":"2025-12-30T16:50:07","slug":"stranger-thingsin-finaalijakson-traileri-on-ulkona-1-tammikuuta-tarahtaa","status":"publish","type":"post","link":"https:\/\/www.europesays.com\/fi\/129150\/","title":{"rendered":"Stranger Thingsin finaalijakson traileri on ulkona \u2013 1. tammikuuta t\u00e4r\u00e4ht\u00e4\u00e4"},"content":{"rendered":"<p>Vuosikausia siin\u00e4 on kest\u00e4nyt, mutta vihdoin Stranger Things -sarja p\u00e4\u00e4ttyy. Fanit ovat odottaneet t\u00e4t\u00e4 hetke\u00e4.<\/p>\n<p>Finaalijakso esitet\u00e4\u00e4n Netflixiss\u00e4 1. tammikuuta kello 3.<\/p>\n<p>Lue my\u00f6s: <a href=\"https:\/\/www.episodi.fi\/uutiset\/arvostelupommituksen-kohteeksi-joutunut-stranger-things-myy-naytokset-loppuun-finaalijakso-nahdaan-teattereissa\/\" title=\"Arvostelupommituksen kohteeksi joutunut Stranger Things myy n\u00e4yt\u00f6kset loppuun \u2013 finaalijakso n\u00e4hd\u00e4\u00e4n teattereissa\" class=\"underline-custom !font-montserrat !font-bold !underline-offset-4 !decoration-4 !decoration-episodi-blue !text-md\" rel=\"nofollow noopener\" target=\"_blank\">Arvostelupommituksen kohteeksi joutunut Stranger Things myy n\u00e4yt\u00f6kset loppuun \u2013 finaalijakso n\u00e4hd\u00e4\u00e4n teattereissa<\/a><\/p>\n<p>Lue my\u00f6s: <a href=\"https:\/\/www.episodi.fi\/uutiset\/netflix-perui-stranger-things-tekijoiden-stephen-king-sarjan\/\" title=\"Netflix perui Stranger Things -tekij\u00f6iden Stephen King -sarjan\" class=\"underline-custom !font-montserrat !font-bold !underline-offset-4 !decoration-4 !decoration-episodi-blue !text-md\" rel=\"nofollow noopener\" target=\"_blank\">Netflix perui Stranger Things -tekij\u00f6iden Stephen King -sarjan<\/a><\/p>\n<p>Finaalijakso kest\u00e4\u00e4 hieman yli kaksi tuntia, joten viimeisest\u00e4 mittel\u00f6st\u00e4 tulee eeppinen.<\/p>\n<p>Tutut sankarimme ottavat viel\u00e4 viimeisen kerran yhteen Vecnan ja Mind Flayerin kanssa. Miten taistossa k\u00e4y? Ketk\u00e4 kuolevat? Kuka voittaa?<\/p>\n<p>Kest\u00e4v\u00e4tk\u00f6 vanhat suhteet? Syntyyk\u00f6 uusia? Mit\u00e4 tapahtuu, kun kaksi maailmaa uhkaa yhty\u00e4?<\/p>\n<p>Trailerilla on vinkkej\u00e4 tulevista tapahtumista. Katso se alta.<\/p>\n<p><img loading=\"lazy\" decoding=\"async\" alt=\"YouTube video\" width=\"480\" height=\"360\" data-pin-nopin=\"true\" nopin=\"nopin\" class=\"perfmatters-lazy\" src=\"https:\/\/www.europesays.com\/fi\/wp-content\/uploads\/2025\/12\/1767113407_339_hqdefault.jpg\"\/><\/p>\n<p>Lue my\u00f6s: <a href=\"https:\/\/www.episodi.fi\/uutiskirje\/?uutiskirjemainos=tekstilinkkimainos\" title=\"Tilaa Episodin uutiskirje ja voit voittaa leffalippuja! Nappaa tv-vinkit suoraan s\u00e4hk\u00f6postiin t\u00e4st\u00e4.\" class=\"underline-custom !font-montserrat !font-bold !underline-offset-4 !decoration-4 !decoration-episodi-blue !text-md\" rel=\"nofollow noopener\" target=\"_blank\">Tilaa Episodin uutiskirje ja voit voittaa leffalippuja! Nappaa katseluvinkit suoraan s\u00e4hk\u00f6postiin t\u00e4st\u00e4.<\/a><\/p>\n","protected":false},"excerpt":{"rendered":"Vuosikausia siin\u00e4 on kest\u00e4nyt, mutta vihdoin Stranger Things -sarja p\u00e4\u00e4ttyy. Fanit ovat odottaneet t\u00e4t\u00e4 hetke\u00e4. Finaalijakso esitet\u00e4\u00e4n Netflixiss\u00e4&hellip;\n","protected":false},"author":2,"featured_media":129151,"comment_status":"","ping_status":"","sticky":false,"template":"","format":"standard","meta":{"footnotes":""},"categories":[131],"tags":[155,137,33,173,31,30,3057,172,217,3058,13249,32,109],"class_list":{"0":"post-129150","1":"post","2":"type-post","3":"status-publish","4":"format-standard","5":"has-post-thumbnail","7":"category-elokuvat","8":"tag-elokuvat","9":"tag-entertainment","10":"tag-fi","11":"tag-film","12":"tag-finland","13":"tag-finnish","14":"tag-kauhu","15":"tag-movies","16":"tag-netflix","17":"tag-scifi","18":"tag-stranger-things","19":"tag-suomi","20":"tag-viihde"},"share_on_mastodon":{"url":"https:\/\/pubeurope.com\/@fi\/115809551833526932","error":""},"_links":{"self":[{"href":"https:\/\/www.europesays.com\/fi\/wp-json\/wp\/v2\/posts\/129150","targetHints":{"allow":["GET"]}}],"collection":[{"href":"https:\/\/www.europesays.com\/fi\/wp-json\/wp\/v2\/posts"}],"about":[{"href":"https:\/\/www.europesays.com\/fi\/wp-json\/wp\/v2\/types\/post"}],"author":[{"embeddable":true,"href":"https:\/\/www.europesays.com\/fi\/wp-json\/wp\/v2\/users\/2"}],"replies":[{"embeddable":true,"href":"https:\/\/www.europesays.com\/fi\/wp-json\/wp\/v2\/comments?post=129150"}],"version-history":[{"count":0,"href":"https:\/\/www.europesays.com\/fi\/wp-json\/wp\/v2\/posts\/129150\/revisions"}],"wp:featuredmedia":[{"embeddable":true,"href":"https:\/\/www.europesays.com\/fi\/wp-json\/wp\/v2\/media\/129151"}],"wp:attachment":[{"href":"https:\/\/www.europesays.com\/fi\/wp-json\/wp\/v2\/media?parent=129150"}],"wp:term":[{"taxonomy":"category","embeddable":true,"href":"https:\/\/www.europesays.com\/fi\/wp-json\/wp\/v2\/categories?post=129150"},{"taxonomy":"post_tag","embeddable":true,"href":"https:\/\/www.europesays.com\/fi\/wp-json\/wp\/v2\/tags?post=129150"}],"curies":[{"name":"wp","href":"https:\/\/api.w.org\/{rel}","templated":true}]}}