{"id":129162,"date":"2025-12-30T16:59:08","date_gmt":"2025-12-30T16:59:08","guid":{"rendered":"https:\/\/www.europesays.com\/fi\/129162\/"},"modified":"2025-12-30T16:59:08","modified_gmt":"2025-12-30T16:59:08","slug":"stubb-hyvaksyi-lain-eduskunnan-turvatoimien-kiristamisesta-kotimaa","status":"publish","type":"post","link":"https:\/\/www.europesays.com\/fi\/129162\/","title":{"rendered":"Stubb hyv\u00e4ksyi lain eduskunnan turvatoimien kirist\u00e4misest\u00e4 | Kotimaa"},"content":{"rendered":"<p class=\"aw-1gybjub aw-5vja16 kEtdKx kmuxyA yle__article__paragraph\">Uusi laki tulee voimaan 1. tammikuuta 2026.<\/p>\n<p><img decoding=\"async\" alt=\"Eduskuntatalo joulukuussa 2025.\" src=\"https:\/\/www.europesays.com\/fi\/wp-content\/uploads\/2025\/12\/39-15756716953da3755a13.jpeg\" class=\"aw-1l9m598 hKVVvP\"\/><\/p>\n<p>Avaa kuvien katselu<\/p>\n<p>Lakimuutosten tarvetta on perusteteltu muun muassa turvallisuusymp\u00e4rist\u00f6n muuttumisella ja tekniikan kehittymisell\u00e4. Kuva: Hans Peter Dhuy \/ Yle<\/p>\n<p>17:17\u2022P\u00e4ivitetty 17:30<\/p>\n<p class=\"aw-1gybjub aw-1p7kakr kEtdKx cEmitX yle__article__paragraph\">Tasavallan presidentti <strong class=\"aw-ak79eh KyCXm yle__article__strong\">Alexander Stubb<\/strong> on t\u00e4n\u00e4\u00e4n tiistaina allekirjoittanut <a class=\"aw-iao6s4 iHOxEa yle__article__link\" href=\"https:\/\/yle.fi\/a\/74-20186448\" role=\"link\" rel=\"nofollow noopener\" target=\"_blank\">lain eduskunnan turvatoimien kirist\u00e4misest\u00e4<\/a>.<\/p>\n<p class=\"aw-1gybjub aw-1p7kakr kEtdKx cEmitX yle__article__paragraph\">Sen my\u00f6t\u00e4 nyky\u00e4\u00e4n k\u00e4yt\u00f6ss\u00e4 olevaan, vuonna 2008 s\u00e4\u00e4dettyyn lakiin tulee muutoksia.<\/p>\n<p class=\"aw-1gybjub aw-1p7kakr kEtdKx cEmitX yle__article__paragraph\"><a class=\"aw-iao6s4 iHOxEa yle__article__link\" href=\"https:\/\/valtioneuvosto.fi\/paatokset\/paatos?decisionId=5468\" role=\"link\" rel=\"nofollow noopener\" target=\"_blank\">Uusi lains\u00e4\u00e4d\u00e4nt\u00f6 <\/a>astuu voimaan 1. p\u00e4iv\u00e4n\u00e4 tammikuuta 2026.<\/p>\n<p class=\"aw-1gybjub aw-1p7kakr kEtdKx cEmitX yle__article__paragraph\">Lakimuutosten tarvetta on perusteteltu muun muassa voimassa olevan lain s\u00e4\u00e4t\u00e4misen j\u00e4lkeen tapahtuneella turvallisuusymp\u00e4rist\u00f6n muuttumisella ja tekniikan kehittymisell\u00e4.<\/p>\n<p class=\"aw-1gybjub aw-1p7kakr kEtdKx cEmitX yle__article__paragraph\">P\u00e4ivitetyss\u00e4 laissa eduskunnan turvahenkil\u00f6st\u00f6lle annetaan esimerkiksi keinot puuttua mahdolliseen drooni-uhkaan. Vastaisuudessa turvahenkil\u00f6st\u00f6 saa est\u00e4\u00e4 droonin k\u00e4yt\u00f6n ja ottaa sen haltuun, jos sellaista lenn\u00e4tet\u00e4\u00e4n turvatoimialueella.<\/p>\n<p class=\"aw-1gybjub aw-1p7kakr kEtdKx cEmitX yle__article__paragraph\">Lis\u00e4ksi uuden lain my\u00f6t\u00e4 eduskunnan turvahenkil\u00f6iden k\u00e4ytt\u00f6\u00f6n hyv\u00e4ksyt\u00e4\u00e4n uusia voimank\u00e4ytt\u00f6v\u00e4lineit\u00e4. Jatkossa turvahenkil\u00f6t voivat kantaa esimerkiksi et\u00e4lamautinta ja projektiililaukaisinta.<\/p>\n<p class=\"aw-1gybjub aw-1p7kakr kEtdKx cEmitX yle__article__paragraph\">Esimerkiksi kansanedustajia turvaavat henkil\u00f6suojaajat voivat lis\u00e4ksi tietyin edellytyksin saada luvan kantaa my\u00f6s asetta.<\/p>\n<p class=\"aw-1gybjub aw-1p7kakr kEtdKx cEmitX yle__article__paragraph\">Lis\u00e4ksi eduskunnan turvatoimia koskevaa lakia voidaan vastaisuudessa soveltaa my\u00f6s eduskunnan tilap\u00e4isesti k\u00e4ytt\u00e4miss\u00e4 tiloissa ja niiden v\u00e4litt\u00f6m\u00e4ss\u00e4 l\u00e4heisyydess\u00e4.<\/p>\n<p class=\"aw-1gybjub aw-1p7kakr kEtdKx cEmitX yle__article__paragraph\">Nykyisin lain soveltamisala ulottuu vain eduskunnan kiinteist\u00f6ihin ja muihin sen hallinnassa oleviin tiloihin sek\u00e4 niiden v\u00e4litt\u00f6m\u00e4\u00e4n l\u00e4heisyyteen.<\/p>\n","protected":false},"excerpt":{"rendered":"Uusi laki tulee voimaan 1. tammikuuta 2026. Avaa kuvien katselu Lakimuutosten tarvetta on perusteteltu muun muassa turvallisuusymp\u00e4rist\u00f6n muuttumisella&hellip;\n","protected":false},"author":2,"featured_media":129163,"comment_status":"","ping_status":"","sticky":false,"template":"","format":"standard","meta":{"footnotes":""},"categories":[5],"tags":[3406,22,23,759,26,27,33,31,30,17,6264,71,1908,22880,22881,11520,24,25,28,29,15,1917,1915,18,21,637,32,19,20,546,16],"class_list":{"0":"post-129162","1":"post","2":"type-post","3":"status-publish","4":"format-standard","5":"has-post-thumbnail","7":"category-otsikot","8":"tag-alexander-stubb","9":"tag-breaking-news","10":"tag-breakingnews","11":"tag-droonit","12":"tag-featured-news","13":"tag-featurednews","14":"tag-fi","15":"tag-finland","16":"tag-finnish","17":"tag-headlines","18":"tag-kansanedustajat","19":"tag-kotimaa","20":"tag-lainsaadanto","21":"tag-lainsaadantovalta","22":"tag-lainsaatamisjarjestys","23":"tag-lait","24":"tag-latest-news","25":"tag-latestnews","26":"tag-main-news","27":"tag-mainnews","28":"tag-news","29":"tag-oikeudet","30":"tag-oikeus","31":"tag-otsikot","32":"tag-paauutiset","33":"tag-politiikka","34":"tag-suomi","35":"tag-top-stories","36":"tag-topstories","37":"tag-turvallisuus","38":"tag-uutiset"},"share_on_mastodon":{"url":"https:\/\/pubeurope.com\/@fi\/115809587187675068","error":""},"_links":{"self":[{"href":"https:\/\/www.europesays.com\/fi\/wp-json\/wp\/v2\/posts\/129162","targetHints":{"allow":["GET"]}}],"collection":[{"href":"https:\/\/www.europesays.com\/fi\/wp-json\/wp\/v2\/posts"}],"about":[{"href":"https:\/\/www.europesays.com\/fi\/wp-json\/wp\/v2\/types\/post"}],"author":[{"embeddable":true,"href":"https:\/\/www.europesays.com\/fi\/wp-json\/wp\/v2\/users\/2"}],"replies":[{"embeddable":true,"href":"https:\/\/www.europesays.com\/fi\/wp-json\/wp\/v2\/comments?post=129162"}],"version-history":[{"count":0,"href":"https:\/\/www.europesays.com\/fi\/wp-json\/wp\/v2\/posts\/129162\/revisions"}],"wp:featuredmedia":[{"embeddable":true,"href":"https:\/\/www.europesays.com\/fi\/wp-json\/wp\/v2\/media\/129163"}],"wp:attachment":[{"href":"https:\/\/www.europesays.com\/fi\/wp-json\/wp\/v2\/media?parent=129162"}],"wp:term":[{"taxonomy":"category","embeddable":true,"href":"https:\/\/www.europesays.com\/fi\/wp-json\/wp\/v2\/categories?post=129162"},{"taxonomy":"post_tag","embeddable":true,"href":"https:\/\/www.europesays.com\/fi\/wp-json\/wp\/v2\/tags?post=129162"}],"curies":[{"name":"wp","href":"https:\/\/api.w.org\/{rel}","templated":true}]}}