{"id":129179,"date":"2025-12-30T17:25:09","date_gmt":"2025-12-30T17:25:09","guid":{"rendered":"https:\/\/www.europesays.com\/fi\/129179\/"},"modified":"2025-12-30T17:25:09","modified_gmt":"2025-12-30T17:25:09","slug":"bbc-venajan-tappiot-ukrainassa-kiihtyivat-loppuvuodesta-hurjiin-lukemiin","status":"publish","type":"post","link":"https:\/\/www.europesays.com\/fi\/129179\/","title":{"rendered":"BBC: Ven\u00e4j\u00e4n tappiot Ukrainassa kiihtyiv\u00e4t loppuvuodesta hurjiin lukemiin"},"content":{"rendered":"<p>Ven\u00e4j\u00e4n hy\u00f6kk\u00e4ys|BBC seurasi kuolleiden ven\u00e4l\u00e4isten sotilaiden muistokirjoitusten m\u00e4\u00e4r\u00e4\u00e4 ja havaitsi, ett\u00e4 rauhanneuvotteluiden aikana tappiot ovat vain kiihtyneet.<\/p>\n<p>Lue tiivistelm\u00e4<\/p>\n<p class=\"article-body mb-nof-24 px-nof-16 sndp-summary-bullet-point-font\">Ven\u00e4j\u00e4n tappiot Ukrainan sodassa kasvoivat vuonna 2025 nopeammin kuin koskaan aiemmin hy\u00f6kk\u00e4yssodan aikana.<\/p>\n<p class=\"article-body mb-nof-24 px-nof-16 sndp-summary-bullet-point-font\">Britannian yleisradio BBC on vahvistanut l\u00e4hes 160 000 kuolleen ven\u00e4l\u00e4issotilaan nimet, mutta todellinen m\u00e4\u00e4r\u00e4 on todenn\u00e4k\u00f6isesti 243 000\u2013352 000.<\/p>\n<p class=\"article-body mb-nof-24 px-nof-16 sndp-summary-bullet-point-font\">Tappiot kiihtyiv\u00e4t erityisesti loka-marraskuussa, jolloin julkaistiin keskim\u00e4\u00e4rin 322 muistokirjoitusta p\u00e4iv\u00e4ss\u00e4.<\/p>\n<p class=\"article-body mb-nof-24 px-nof-16 sndp-summary-bullet-point-font\">BBC:n mukaan Ven\u00e4j\u00e4 on pyrkinyt k\u00e4ytt\u00e4m\u00e4\u00e4n alueiden anastamista keinona vaikuttaa Yhdysvaltoihin rauhanneuvotteluissa.<\/p>\n<p class=\"article-body mb-nof-24 px-nof-16\">Ven\u00e4j\u00e4n tappiot Ukrainan sodassa kasvoivat vuonna 2025 nopeammin kuin koskaan aiemmin hy\u00f6kk\u00e4yssodan aikana. T\u00e4m\u00e4 k\u00e4y ilmi Britannian yleisradion BBC:n <a class=\"underline underline-offset-[0.12em] [text-decoration-thickness:var(--generic-link-underline-thickness)] [text-decoration-color:var(--generic-link-underline-color)] [text-decoration-skip-ink:var(--generic-link-underline-skip-ink)] break-words\" href=\"https:\/\/www.bbc.com\/news\/articles\/c62n922dnw7o\" rel=\"nofollow noopener\" target=\"_blank\">selvityksest\u00e4<\/a>.<\/p>\n<p class=\"article-body mb-nof-24 px-nof-16\">Kuluneen kymmenen kuukauden aikana ven\u00e4l\u00e4issotilaiden muistokirjoituksia on julkaistu 40 prosenttia enemm\u00e4n kuin edellisen\u00e4 vuonna, BBC kertoo. Ven\u00e4j\u00e4n tappiot ovat kiihtyneet samaan aikaan kun Yhdysvaltain presidentin <a class=\"font-bold underline-offset-[0.12em] [text-decoration:var(--person-link-text-decoration)] ![text-decoration-color:var(--person-link-text-decoration-color)]\" href=\"https:\/\/www.hs.fi\/haku\/?query=Donald%20Trumpin\" rel=\"nofollow noopener\" target=\"_blank\">Donald Trumpin <\/a>hallinto on painostanut osapuolia rauhanneuvotteluihin.<\/p>\n<p class=\"article-body mb-nof-24 px-nof-16\">BBC on seurannut ja kirjannut Ven\u00e4j\u00e4n sotatappioita helmikuusta 2022 l\u00e4htien yhdess\u00e4 riippumattoman ven\u00e4l\u00e4isen Mediazona-uutissivuston sek\u00e4 vapaaehtoisryhm\u00e4n kanssa. He pit\u00e4v\u00e4t listaa nimelt\u00e4 tunnistetuista henkil\u00f6ist\u00e4, joiden kuolemat on vahvistettu virallisista raporteista, sanomalehdist\u00e4, sosiaalisesta mediasta sek\u00e4 uusista muistomerkeist\u00e4 ja haudoista.<\/p>\n<p class=\"article-body mb-nof-24 px-nof-16\">BBC on vahvistanut t\u00e4h\u00e4n menness\u00e4 l\u00e4hes 160\u202f000:n Ukrainassa kuolleen ven\u00e4l\u00e4issotilaan nimet. Todellinen kuolleiden m\u00e4\u00e4r\u00e4 on todenn\u00e4k\u00f6isesti huomattavasti suurempi.<\/p>\n<p class=\"article-body mb-nof-24 px-nof-16\">Sotilasasiantuntijat arvioivat, ett\u00e4 BBC:n laskelma kattaa noin 45\u201365 prosenttia kuolleiden ven\u00e4l\u00e4issotilaiden todellisesta kokonaism\u00e4\u00e4r\u00e4st\u00e4. T\u00e4m\u00e4 tarkoittaisi sit\u00e4, ett\u00e4 hy\u00f6kk\u00e4yssodassa kuolleiden ven\u00e4l\u00e4isten m\u00e4\u00e4r\u00e4 on noin 243\u202f000\u2013352\u202f000.<\/p>\n<p><img decoding=\"async\" src=\"https:\/\/images.sanoma-sndp.fi\/c07bc15c605fbb5e6e7bad60534ebb40.svg\" alt=\"\" class=\"_Img_1rerz_1\" style=\"aspect-ratio:0.84\" loading=\"eager\"\/><\/p>\n<p class=\"article-body mb-nof-24 px-nof-16\">Yksi BBC:n selvityksen kiinnostavista havainnoista on se, miten muistokirjoitusten m\u00e4\u00e4r\u00e4 on vaihdellut eri ajanjaksoina. Se antaa viitteit\u00e4 siit\u00e4, miten taistelujen intensiteetti on vaihdellut.<\/p>\n<p class=\"article-body mb-nof-24 px-nof-16\">Vuosi 2025 alkoi suhteellisen alhaisella muistokirjoitusten m\u00e4\u00e4r\u00e4ll\u00e4. M\u00e4\u00e4r\u00e4 nousi helmikuussa, jolloin Trump ja Ven\u00e4j\u00e4n presidentti <a class=\"font-bold underline-offset-[0.12em] [text-decoration:var(--person-link-text-decoration)] ![text-decoration-color:var(--person-link-text-decoration-color)]\" href=\"https:\/\/www.hs.fi\/haku\/?query=Vladimir%20Putin\" rel=\"nofollow noopener\" target=\"_blank\">Vladimir Putin <\/a>k\u00e4viv\u00e4t ensimm\u00e4isen puhelinkeskustelun Ukrainan sodan lopettamisesta.<\/p>\n<p class=\"article-body mb-nof-24 px-nof-16\">Seuraava piikki oli elokuussa. Samassa kuussa Putin ja Trump tapasivat Alaskassa. Tapaamista pidettiin diplomaattisena voittona Putinille ja merkkin\u00e4 h\u00e4nen kansainv\u00e4lisen erist\u00e4ytyneisyytens\u00e4 p\u00e4\u00e4ttymisest\u00e4.<\/p>\n<p class=\"article-body mb-nof-24 px-nof-16\">Lokakuulle suunniteltiin Ven\u00e4j\u00e4n ja Yhdysvaltojen v\u00e4list\u00e4 huippukokousta, joka kuitenkin peruttiin. Marraskuussa Yhdysvallat esitteli 28 kohdan rauhansuunnitelman, jota pidettiin Ven\u00e4j\u00e4n sanelemana.<\/p>\n<p class=\"article-body mb-nof-24 px-nof-16\">Loka-marraskuussa julkaistiin keskim\u00e4\u00e4rin 322 muistokirjoitusta p\u00e4iv\u00e4ss\u00e4. Kyse on hurjista lukemista \u2013 Ven\u00e4j\u00e4n tappiot olivat kaksinkertaistuneet edellisvuoteen verrattuna.<\/p>\n<p><img decoding=\"async\" src=\"https:\/\/www.europesays.com\/fi\/wp-content\/uploads\/2025\/12\/1767115508_605_468.jpg\" alt=\"Ven\u00e4j\u00e4n panssarijoukot harjoittelivat Luhanskissa marraskuussa.\" class=\"_Img_1rerz_1\" style=\"aspect-ratio:1.5\" loading=\"eager\"\/><\/p>\n<p class=\"article-picture-caption\">Ven\u00e4j\u00e4n panssarijoukot harjoittelivat Luhanskissa marraskuussa. Kuva:\u00a0Alexander Reka \/ TASS<\/p>\n<p><img decoding=\"async\" src=\"https:\/\/www.europesays.com\/fi\/wp-content\/uploads\/2025\/12\/1767115509_669_468.jpg\" alt=\"Ven\u00e4j\u00e4 v\u00e4itt\u00e4\u00e4 v\u00e4rv\u00e4\u00e4v\u00e4ns\u00e4 yli 30\u202f000 uutta sotilasta rintamalle kuukaudessa.\" class=\"_Img_1rerz_1\" style=\"aspect-ratio:1.5\" loading=\"eager\"\/><\/p>\n<p class=\"article-picture-caption\">Ven\u00e4j\u00e4 v\u00e4itt\u00e4\u00e4 v\u00e4rv\u00e4\u00e4v\u00e4ns\u00e4 yli 30\u202f000 uutta sotilasta rintamalle kuukaudessa. Kuva:\u00a0Alexander Reka \/ TASS<\/p>\n<p class=\"article-body mb-nof-24 px-nof-16\">BBC:n mukaan Ven\u00e4j\u00e4n kasvaneita tappioita on vaikea selitt\u00e4\u00e4 yhdell\u00e4 tekij\u00e4ll\u00e4. Kreml on kuitenkin pyrkinyt k\u00e4ytt\u00e4m\u00e4\u00e4n alueiden anastamista ja hy\u00f6kk\u00e4ysvoittoja keinoina vaikuttaa Yhdysvaltoihin. Putinin avustaja <a class=\"font-bold underline-offset-[0.12em] [text-decoration:var(--person-link-text-decoration)] ![text-decoration-color:var(--person-link-text-decoration-color)]\" href=\"https:\/\/www.hs.fi\/haku\/?query=Juri%20U%C5%A1akov\" rel=\"nofollow noopener\" target=\"_blank\">Juri U\u0161akov <\/a>korosti \u00e4skett\u00e4in, ett\u00e4 \u201dviimeaikaisilla onnistumisilla\u201d on ollut my\u00f6nteinen vaikutus neuvotteluasemaan.<\/p>\n<p class=\"article-body mb-nof-24 px-nof-16\">\u201dOnnistumisilla\u201d on ollut kuitenkin korkea hinta.<\/p>\n<p class=\"article-body mb-nof-24 px-nof-16\">Mit\u00e4 Ven\u00e4j\u00e4n kasvaneet tappiot sitten kertovat sen kyvyst\u00e4 jatkaa sotaa?<\/p>\n<p class=\"article-body mb-nof-24 px-nof-16\">Ven\u00e4j\u00e4 v\u00e4rv\u00e4\u00e4 jatkuvasti lis\u00e4\u00e4 sotilaita. Jos Ven\u00e4j\u00e4n kansallisen turvallisuusneuvoston varapuheenjohtajan <a class=\"font-bold underline-offset-[0.12em] [text-decoration:var(--person-link-text-decoration)] ![text-decoration-color:var(--person-link-text-decoration-color)]\" href=\"https:\/\/www.hs.fi\/haku\/?query=Dmitri%20Medvedevin\" rel=\"nofollow noopener\" target=\"_blank\">Dmitri Medvedevin<\/a> sanoihin on luottaminen, Ven\u00e4j\u00e4 oli lokakuuhun menness\u00e4 onnistunut v\u00e4rv\u00e4\u00e4m\u00e4\u00e4n vuonna 2025 jopa 336\u202f000 uutta sotilasta. T\u00e4m\u00e4 tarkoittaisi runsasta 30\u202f000 sotilasta kuukaudessa.<\/p>\n<p class=\"article-body mb-nof-24 px-nof-16\">Naton p\u00e4\u00e4sihteeri <a class=\"font-bold underline-offset-[0.12em] [text-decoration:var(--person-link-text-decoration)] ![text-decoration-color:var(--person-link-text-decoration-color)]\" href=\"https:\/\/www.hs.fi\/haku\/?query=Mark%20Rutte\" rel=\"nofollow noopener\" target=\"_blank\">Mark Rutte<\/a> on arvioinut, ett\u00e4 viime aikoina Ven\u00e4j\u00e4 on menett\u00e4nyt 25\u202f000 sotilasta kuukaudessa. Jos molemmat luvut pit\u00e4v\u00e4t paikkansa, Ven\u00e4j\u00e4 v\u00e4rv\u00e4\u00e4 edelleen enemm\u00e4n sotilaita kuin menett\u00e4\u00e4.<\/p>\n<p class=\"article-body mb-nof-24 px-nof-16\">Naton arvion mukaan ven\u00e4l\u00e4isten kuolleiden ja haavoittuneiden kokonaism\u00e4\u00e4r\u00e4 sodassa on 1,1 miljoonaa.<\/p>\n<p class=\"article-body mb-nof-24 px-nof-16\">My\u00f6s Ukraina on k\u00e4rsinyt raskaita tappioita. Viime helmikuussa presidentti <a class=\"font-bold underline-offset-[0.12em] [text-decoration:var(--person-link-text-decoration)] ![text-decoration-color:var(--person-link-text-decoration-color)]\" href=\"https:\/\/www.hs.fi\/haku\/?query=Volodymyr%20Zelenskyi\" rel=\"nofollow noopener\" target=\"_blank\">Volodymyr Zelenskyi <\/a>ilmoitti, ett\u00e4 puolustustaisteluissa on kuollut 46\u202f000 ja haavoittunut 380\u202f000 ukrainalaista. Kymmeni\u00e4tuhansia on kateissa tai vangittuina, h\u00e4n lis\u00e4si.<\/p>\n<p class=\"article-body mb-nof-24 px-nof-16\">Erilaisia tietokantoja vertailemalla BBC uskoo, ett\u00e4 ukrainalaisia on kuollut sodassa huomattavasi enemm\u00e4n, jopa 140\u202f000. Luku on kuitenkin selv\u00e4sti alempi kuin ven\u00e4l\u00e4isten kuolleiden m\u00e4\u00e4r\u00e4, joka BBC:n mukaan siis on 243\u202f000\u2013352\u202f000:n haarukassa.<\/p>\n","protected":false},"excerpt":{"rendered":"Ven\u00e4j\u00e4n hy\u00f6kk\u00e4ys|BBC seurasi kuolleiden ven\u00e4l\u00e4isten sotilaiden muistokirjoitusten m\u00e4\u00e4r\u00e4\u00e4 ja havaitsi, ett\u00e4 rauhanneuvotteluiden aikana tappiot ovat vain kiihtyneet. Lue&hellip;\n","protected":false},"author":2,"featured_media":129180,"comment_status":"","ping_status":"","sticky":false,"template":"","format":"standard","meta":{"footnotes":""},"categories":[5],"tags":[22,23,26,27,33,31,30,17,46,24,25,28,29,15,18,21,32,19,20,16],"class_list":{"0":"post-129179","1":"post","2":"type-post","3":"status-publish","4":"format-standard","5":"has-post-thumbnail","7":"category-otsikot","8":"tag-breaking-news","9":"tag-breakingnews","10":"tag-featured-news","11":"tag-featurednews","12":"tag-fi","13":"tag-finland","14":"tag-finnish","15":"tag-headlines","16":"tag-helsingin-sanomat","17":"tag-latest-news","18":"tag-latestnews","19":"tag-main-news","20":"tag-mainnews","21":"tag-news","22":"tag-otsikot","23":"tag-paauutiset","24":"tag-suomi","25":"tag-top-stories","26":"tag-topstories","27":"tag-uutiset"},"share_on_mastodon":{"url":"https:\/\/pubeurope.com\/@fi\/115809690146117801","error":""},"_links":{"self":[{"href":"https:\/\/www.europesays.com\/fi\/wp-json\/wp\/v2\/posts\/129179","targetHints":{"allow":["GET"]}}],"collection":[{"href":"https:\/\/www.europesays.com\/fi\/wp-json\/wp\/v2\/posts"}],"about":[{"href":"https:\/\/www.europesays.com\/fi\/wp-json\/wp\/v2\/types\/post"}],"author":[{"embeddable":true,"href":"https:\/\/www.europesays.com\/fi\/wp-json\/wp\/v2\/users\/2"}],"replies":[{"embeddable":true,"href":"https:\/\/www.europesays.com\/fi\/wp-json\/wp\/v2\/comments?post=129179"}],"version-history":[{"count":0,"href":"https:\/\/www.europesays.com\/fi\/wp-json\/wp\/v2\/posts\/129179\/revisions"}],"wp:featuredmedia":[{"embeddable":true,"href":"https:\/\/www.europesays.com\/fi\/wp-json\/wp\/v2\/media\/129180"}],"wp:attachment":[{"href":"https:\/\/www.europesays.com\/fi\/wp-json\/wp\/v2\/media?parent=129179"}],"wp:term":[{"taxonomy":"category","embeddable":true,"href":"https:\/\/www.europesays.com\/fi\/wp-json\/wp\/v2\/categories?post=129179"},{"taxonomy":"post_tag","embeddable":true,"href":"https:\/\/www.europesays.com\/fi\/wp-json\/wp\/v2\/tags?post=129179"}],"curies":[{"name":"wp","href":"https:\/\/api.w.org\/{rel}","templated":true}]}}