{"id":129184,"date":"2025-12-30T17:40:08","date_gmt":"2025-12-30T17:40:08","guid":{"rendered":"https:\/\/www.europesays.com\/fi\/129184\/"},"modified":"2025-12-30T17:40:08","modified_gmt":"2025-12-30T17:40:08","slug":"onnen-paivat-sarjan-ikoninen-tahti-ei-halua-elakoitya-koskaan-se-on-tappavaa","status":"publish","type":"post","link":"https:\/\/www.europesays.com\/fi\/129184\/","title":{"rendered":"Onnen p\u00e4iv\u00e4t -sarjan ikoninen t\u00e4hti ei halua el\u00e4k\u00f6ity\u00e4 koskaan \u2013 \u201dSe on tappavaa\u201d"},"content":{"rendered":"<p>Onnen p\u00e4iv\u00e4t-sarjan Fonzie, eli <strong>Henry Winkler<\/strong> (80), kielt\u00e4ytyy el\u00e4k\u00f6itym\u00e4st\u00e4.<\/p>\n<p>\u201dSe on kaukaisin asia mieless\u00e4ni. Lopetan, kun en en\u00e4\u00e4 pysty. Pys\u00e4htyminen on tappavaa\u201d.<\/p>\n<p>\u201dTeen montaa ty\u00f6t\u00e4. Esimerkiksi mahtavaa Hazardous History -ohjelmaa History Channelille. Kun he esitteliv\u00e4t idean, rakastuin siihen heti\u201d, Winkler kertoi tuoreessa podcast-haastattelussa.<\/p>\n<p>Lue my\u00f6s: <a href=\"https:\/\/www.episodi.fi\/uutiset\/muistatko-viela-onnen-paivat-sarjaa-ei-valttamatta-olisi-jos-fonzien-asettamaan-ehtoon-ei-olisi-suostuttu\/\" title=\"Muistatko viel\u00e4 Onnen p\u00e4iv\u00e4t? Sarjaa ei v\u00e4ltt\u00e4m\u00e4tt\u00e4 olisi, jos Fonzien asettamaan ehtoon ei olisi suostuttu\" class=\"underline-custom !font-montserrat !font-bold !underline-offset-4 !decoration-4 !decoration-episodi-blue !text-md\" rel=\"nofollow noopener\" target=\"_blank\">Muistatko viel\u00e4 Onnen p\u00e4iv\u00e4t? Sarjaa ei v\u00e4ltt\u00e4m\u00e4tt\u00e4 olisi, jos Fonzien asettamaan ehtoon ei olisi suostuttu<\/a><\/p>\n<p>Lue my\u00f6s: <a href=\"https:\/\/www.episodi.fi\/uutiset\/onnen-paivat-tahti-henry-winkler-katuu-etta-hylkasi-roolin-elokuvaklassikossa\/\" title=\"Onnen p\u00e4iv\u00e4t -t\u00e4hti katuu roolin hylk\u00e4\u00e4mist\u00e4 suositussa elokuvaklassikossa: \u201dMenen kotiin ja avaan colan \u2013\u00a0John Travolta menee kotiin ja ostaa lentokoneen\u201d\" class=\"underline-custom !font-montserrat !font-bold !underline-offset-4 !decoration-4 !decoration-episodi-blue !text-md\" rel=\"nofollow noopener\" target=\"_blank\">Onnen p\u00e4iv\u00e4t -t\u00e4hti katuu roolin hylk\u00e4\u00e4mist\u00e4 suositussa elokuvaklassikossa: \u201dMenen kotiin ja avaan colan \u2013\u00a0John Travolta menee kotiin ja ostaa lentokoneen\u201d<\/a><\/p>\n<p>Winkler on tehnyt montaa ty\u00f6t\u00e4 jo noin 40 vuoden ajan. Onnen p\u00e4iv\u00e4t-sarjan p\u00e4\u00e4tytty\u00e4 (1980-luvun puoliv\u00e4liss\u00e4) h\u00e4n alkoi tuottajaksi, mutta ei lopettanut n\u00e4yttelemist\u00e4 koskaan.<\/p>\n<p>Tuottaja-Winklerin tunnetuimpia teoksia ovat MacGyver\u2013 ja Sabrina, teininoita -sarjat, sek\u00e4 hiljattain menehtyneen <strong>Rob Reinerin<\/strong> ohjaama komediaelokuva Varma pala (1985).<\/p>\n<p><img loading=\"lazy\" decoding=\"async\" alt=\"YouTube video\" width=\"480\" height=\"360\" data-pin-nopin=\"true\" nopin=\"nopin\" class=\"perfmatters-lazy\" src=\"https:\/\/www.europesays.com\/fi\/wp-content\/uploads\/2025\/12\/1767116408_817_hqdefault.jpg\"\/><\/p>\n<p>Lue my\u00f6s: <a href=\"https:\/\/www.episodi.fi\/uutiskirje\/?uutiskirjemainos=tekstilinkkimainos\" title=\"Tilaa Episodin uutiskirje ja voit voittaa leffalippuja! Nappaa tv-vinkit suoraan s\u00e4hk\u00f6postiin t\u00e4st\u00e4.\" class=\"underline-custom !font-montserrat !font-bold !underline-offset-4 !decoration-4 !decoration-episodi-blue !text-md\" rel=\"nofollow noopener\" target=\"_blank\">Tilaa Episodin uutiskirje ja voit voittaa leffalippuja! Nappaa katseluvinkit suoraan s\u00e4hk\u00f6postiin t\u00e4st\u00e4.<\/a><\/p>\n<p>\t\t\t<a href=\"https:\/\/www.facebook.com\/sharer\/sharer.php?u=https:\/\/www.episodi.fi\/uutiset\/onnen-paivat-sarjan-ikoninen-tahti-ei-halua-elakoitya-koskaan-se-on-tappavaa\/\" target=\"_blank\" class=\"block px-4 py-2 text-sm text-gray-800 border-b hover:bg-gray-200\" rel=\"nofollow noopener\"><\/p>\n<p>\t\t\t\tFacebook<br \/>\n\t\t\t<\/a><br \/>\n\t\t\t<a href=\"https:\/\/twitter.com\/intent\/tweet?text=https:\/\/www.episodi.fi\/uutiset\/onnen-paivat-sarjan-ikoninen-tahti-ei-halua-elakoitya-koskaan-se-on-tappavaa\/\" target=\"_blank\" class=\"block px-4 py-2 text-sm text-gray-800 border-b hover:bg-gray-200\" rel=\"nofollow noopener\"><\/p>\n<p>\t\t\t\tTwitter<br \/>\n\t\t\t<\/a><br \/>\n\t\t\t<a href=\"mailto:?subject=Onnen p\u00e4iv\u00e4t -sarjan ikoninen t\u00e4hti ei halua el\u00e4k\u00f6ity\u00e4 koskaan \u2013 \u201dSe on tappavaa\u201d&amp;body=https:\/\/www.episodi.fi\/uutiset\/onnen-paivat-sarjan-ikoninen-tahti-ei-halua-elakoitya-koskaan-se-on-tappavaa\/\" target=\"_blank\" class=\"block px-4 py-2 text-sm text-gray-800 border-b hover:bg-gray-200\"><\/p>\n<p>\t\t\t\tS\u00e4hk\u00f6posti<\/a><\/p>\n<p>\t\t\t\t<script async src=\"https:\/\/platform.twitter.com\/widgets.js\" charset=\"utf-8\"><\/script><\/p>\n","protected":false},"excerpt":{"rendered":"Onnen p\u00e4iv\u00e4t-sarjan Fonzie, eli Henry Winkler (80), kielt\u00e4ytyy el\u00e4k\u00f6itym\u00e4st\u00e4. \u201dSe on kaukaisin asia mieless\u00e4ni. Lopetan, kun en en\u00e4\u00e4&hellip;\n","protected":false},"author":2,"featured_media":129185,"comment_status":"","ping_status":"","sticky":false,"template":"","format":"standard","meta":{"footnotes":""},"categories":[133],"tags":[137,33,31,30,279,15769,32,206,156,109],"class_list":{"0":"post-129184","1":"post","2":"type-post","3":"status-publish","4":"format-standard","5":"has-post-thumbnail","7":"category-televisiot","8":"tag-entertainment","9":"tag-fi","10":"tag-finland","11":"tag-finnish","12":"tag-henry-winkler","13":"tag-onnen-paivat","14":"tag-suomi","15":"tag-televisiot","16":"tag-tv","17":"tag-viihde"},"share_on_mastodon":{"url":"https:\/\/pubeurope.com\/@fi\/115809748518736020","error":""},"_links":{"self":[{"href":"https:\/\/www.europesays.com\/fi\/wp-json\/wp\/v2\/posts\/129184","targetHints":{"allow":["GET"]}}],"collection":[{"href":"https:\/\/www.europesays.com\/fi\/wp-json\/wp\/v2\/posts"}],"about":[{"href":"https:\/\/www.europesays.com\/fi\/wp-json\/wp\/v2\/types\/post"}],"author":[{"embeddable":true,"href":"https:\/\/www.europesays.com\/fi\/wp-json\/wp\/v2\/users\/2"}],"replies":[{"embeddable":true,"href":"https:\/\/www.europesays.com\/fi\/wp-json\/wp\/v2\/comments?post=129184"}],"version-history":[{"count":0,"href":"https:\/\/www.europesays.com\/fi\/wp-json\/wp\/v2\/posts\/129184\/revisions"}],"wp:featuredmedia":[{"embeddable":true,"href":"https:\/\/www.europesays.com\/fi\/wp-json\/wp\/v2\/media\/129185"}],"wp:attachment":[{"href":"https:\/\/www.europesays.com\/fi\/wp-json\/wp\/v2\/media?parent=129184"}],"wp:term":[{"taxonomy":"category","embeddable":true,"href":"https:\/\/www.europesays.com\/fi\/wp-json\/wp\/v2\/categories?post=129184"},{"taxonomy":"post_tag","embeddable":true,"href":"https:\/\/www.europesays.com\/fi\/wp-json\/wp\/v2\/tags?post=129184"}],"curies":[{"name":"wp","href":"https:\/\/api.w.org\/{rel}","templated":true}]}}