{"id":129211,"date":"2025-12-30T18:16:08","date_gmt":"2025-12-30T18:16:08","guid":{"rendered":"https:\/\/www.europesays.com\/fi\/129211\/"},"modified":"2025-12-30T18:16:08","modified_gmt":"2025-12-30T18:16:08","slug":"kommentti-teiskossa-kuoli-nuori-ihminen-miksi-poliisilla-kesti-niin-kauan-tiedottaa-tragediasta","status":"publish","type":"post","link":"https:\/\/www.europesays.com\/fi\/129211\/","title":{"rendered":"Kommentti: Teiskossa kuoli nuori ihminen &#8211; miksi poliisilla kesti niin kauan tiedottaa tragediasta?"},"content":{"rendered":"<p>Poliisilta kesti yhdeks\u00e4n vuorokautta kertoa, ett\u00e4 Teiskon mastokuolemaan liittyy vaarallinen someilmi\u00f6, kirjoittaa Ilta-Sanomien toimitusp\u00e4\u00e4llikk\u00f6 Panu Karhunen.<\/p>\n<p class=\"article-body mb-nof-24 px-nof-16\">Yhdeks\u00e4n vuorokautta on valtavan pitk\u00e4 aika nykymaailmassa, jossa tiedot, huhut ja valheet levi\u00e4v\u00e4t salamannopeasti sosiaalisessa mediassa. Niin kauan kesti Sis\u00e4-Suomen poliisilaitokselta kertoa, ett\u00e4 Tampereen Teiskon mastokuolemaan liittyy vaarallinen Tiktok-ilmi\u00f6.<\/p>\n<p class=\"article-body mb-nof-24 px-nof-16\">Lauantaina 20. joulukuuta poliisi julkaisi lyhyen tiedotteen, jossa kerrottiin, ett\u00e4 ihminen on pudonnut Teiskon radiomastosta ja kuollut. Poliisi kertoi, ett\u00e4 putoamiseen ei ep\u00e4ilty liittyv\u00e4n rikosta ja ett\u00e4 tutkinta jatkui kuolemansyyn selvitt\u00e4misen\u00e4.<\/p>\n<p class=\"article-body mb-nof-24 px-nof-16\">\u201dPoliisi ei tiedota asiasta enemp\u00e4\u00e4\u201d, tiedote p\u00e4\u00e4ttyi.<\/p>\n<p class=\"article-body mb-nof-24 px-nof-16\">Jo muutamaa tuntia aiemmin Ilta-Sanomien toimitukseen oli tullut tieto, ett\u00e4 325-metrisen maston ymp\u00e4rill\u00e4 on useita h\u00e4lytysajoneuvoja. Viel\u00e4 tuolloin poliisi ja pelastuslaitos kielt\u00e4ytyiv\u00e4t kommentoimasta asiaa.<\/p>\n<p class=\"article-body mb-nof-24 px-nof-16\">Seuraavana aamuna poliisi julkaisi uuden tiedotteen. Uutta tiedotteessa oli kuitenkin vain se, ett\u00e4 kyse ei ollut ty\u00f6tapaturmasta vaan tapaturmaisesta putoamisesta.<\/p>\n<p class=\"article-body mb-nof-24 px-nof-16\">Sen j\u00e4lkeen poliisi vaikeni yli viikoksi.<\/p>\n<blockquote class=\"p-[var(--citation-padding)] m-[var(--citation-margin)] border-y-[length:var(--citation-border-width)] border-y-[color:var(--citation-border-color)]\">\n<p>Kansalaisten tiedontarve ei katoa minnek\u00e4\u00e4n. Viranomaisen pit\u00e4\u00e4 pysty\u00e4 viestim\u00e4\u00e4n my\u00f6s lomakaudella.<\/p>\n<\/blockquote>\n<p class=\"article-body mb-nof-24 px-nof-16\">Ilta-Sanomat yritti tavoittaa poliisia kertomaan lis\u00e4tietoja mastosta putoamisesta. Yksi oleellisimmista kysymyksist\u00e4 olisi ollut, liittyyk\u00f6 tapaukseen jonkinlainen sosiaalisen median ilmi\u00f6 tai haaste. Siit\u00e4 olisi syyt\u00e4 varoittaa nuoria ja nuorten vanhempia. Olimme jo kes\u00e4ll\u00e4 kertoneet hengenvaarallisesta sometrendist\u00e4, jossa nuoret kiipe\u00e4v\u00e4t radio- ja tv-mastoihin ja jakavat sielt\u00e4 kuvaamiaan videoita esimerkiksi Tiktokissa.<\/p>\n<p class=\"article-body mb-nof-24 px-nof-16\">Lue lis\u00e4\u00e4: <a class=\"underline underline-offset-[0.12em] [text-decoration-thickness:var(--generic-link-underline-thickness)] [text-decoration-color:var(--generic-link-underline-color)] [text-decoration-skip-ink:var(--generic-link-underline-skip-ink)] break-words\" href=\"https:\/\/www.is.fi\/kotimaa\/art-2000011410656.html\" rel=\"nofollow noopener\" target=\"_blank\">Nuorten keskuudessa levi\u00e4\u00e4 nyt hengen\u00advaarallinen trendi<\/a><\/p>\n<p class=\"article-body mb-nof-24 px-nof-16\">Poliisilta ei saatu vastausta kysymyksiin. Ei onnistunut haastattelu, eik\u00e4 tippunut edes tiedotetta. Poliisilaitos vetosi siihen, ett\u00e4 tutkinnanjohtaja on lomalla.<\/p>\n<p class=\"article-body mb-nof-24 px-nof-16\">Vihdoin maanantaina 29. joulukuuta poliisi julkaisi pidemm\u00e4n tiedotteen. Siin\u00e4 kerrottiin, ett\u00e4 kolme alle 18-vuotiasta nuorta miest\u00e4 oli kiivennyt mastoon. Poliisin mukaan tarkoituksena oli kuvata sis\u00e4lt\u00f6\u00e4 Tiktok-haasteeseen. Kun nuoret laskeutuivat mastosta, ylimp\u00e4n\u00e4 ollut menetti otteensa, putosi maahan ja kuoli. Tiedotteen mukaan nuoria ep\u00e4ill\u00e4\u00e4n julkisrauhan rikkomisesta.<\/p>\n<p><img decoding=\"async\" src=\"https:\/\/www.europesays.com\/fi\/wp-content\/uploads\/2025\/12\/1767118568_394_468.jpg\" alt=\"Portti est\u00e4\u00e4 mastolle ajamisen. Aitaan on kiinnitetty kylttej\u00e4, joissa alueella liikkuminen kiellet\u00e4\u00e4n.\" class=\"_Img_1rerz_1\" style=\"aspect-ratio:1.5\" loading=\"eager\"\/><\/p>\n<p class=\"article-picture-caption\">Portti est\u00e4\u00e4 mastolle ajamisen. Aitaan on kiinnitetty kylttej\u00e4, joissa alueella liikkuminen kiellet\u00e4\u00e4n. Kuva:\u00a0Jukka Ritola \/ Aamulehti<\/p>\n<p class=\"article-body mb-nof-24 px-nof-16\">Lue lis\u00e4\u00e4: <a class=\"underline underline-offset-[0.12em] [text-decoration-thickness:var(--generic-link-underline-thickness)] [text-decoration-color:var(--generic-link-underline-color)] [text-decoration-skip-ink:var(--generic-link-underline-skip-ink)] break-words\" href=\"https:\/\/www.is.fi\/kotimaa\/art-2000011719321.html\" rel=\"nofollow noopener\" target=\"_blank\">Nuori putosi radiomastosta ja kuoli \u2013 poliisi ep\u00e4ilee rikosta<\/a><\/p>\n<p class=\"article-body mb-nof-24 px-nof-16\">Tiedotteessa varoiteltiin mastoihin kiipe\u00e4misen vaaroista. Sama varoitus olisi ollut paikallaan jo runsas viikko aiemmin.<\/p>\n<p class=\"article-body mb-nof-24 px-nof-16\">Poliisin viestint\u00e4\u00e4 ohjaavat useat lait ja asetukset. Jo julkisuuslaissa puhutaan viranomaisen velvollisuudesta tuottaa ja jakaa tietoa \u2013 kyse on nimenomaan velvollisuudesta, ei oikeudesta. Tiedottaminen ei ole jonkinlaista puuhastelua, jota tehd\u00e4\u00e4n, jos se sattuu huvittamaan.<\/p>\n<p class=\"article-body mb-nof-24 px-nof-16\">Tutkinnanjohtajilla on oikeus viett\u00e4\u00e4 ansaittua lomaa, mutta kansalaisten tiedontarve ei katoa minnek\u00e4\u00e4n. Viranomaisen pit\u00e4\u00e4 pysty\u00e4 viestim\u00e4\u00e4n my\u00f6s lomakaudella.<\/p>\n<p class=\"article-body mb-nof-24 px-nof-16\">Poliisihallitus on m\u00e4\u00e4r\u00e4nnyt, ett\u00e4 poliisin viestinn\u00e4n pit\u00e4\u00e4 olla \u2013 monen muun hyv\u00e4n asian ohella \u2013 avointa, ennakoivaa, reagoivaa ja oikea-aikaista. Poliisi pyrkii viestinn\u00e4ll\u00e4\u00e4n vaikuttamaan ihmisten tietoihin, asenteisiin ja k\u00e4ytt\u00e4ytymiseen. Erityisen\u00e4 tavoitteena on ehk\u00e4ist\u00e4 rikoksia, h\u00e4iri\u00f6it\u00e4 ja onnettomuuksia ennalta.<\/p>\n<p class=\"article-body mb-nof-24 px-nof-16\">Teiskon mastokuolemaa ei voi perua, mutta avoimella ja nopealla viestinn\u00e4ll\u00e4 saatetaan ehk\u00e4ist\u00e4 seuraavia tragedioita.<\/p>\n<p class=\"article-body mb-nof-24 px-nof-16\">Parhaassa tapauksessa joku nuori jossain pys\u00e4htyy miettim\u00e4\u00e4n, kannattaako mastoon sittenk\u00e4\u00e4n kiivet\u00e4. Ei kannata. Putoamisvaaran lis\u00e4ksi mastojen laitteissa on voimakasta s\u00e4teily\u00e4, jonka vaikutukset tulevat esille vasta vuosia my\u00f6hemmin. Kun asia saa julkisuutta, toivon mukaan my\u00f6s mastojen valvontaa ja turvaj\u00e4rjestelyit\u00e4 lis\u00e4t\u00e4\u00e4n.<\/p>\n<p class=\"article-body mb-nof-24 px-nof-16\">\u201dViestinn\u00e4ss\u00e4 on kaiken kaikkiaan hyv\u00e4 muistaa, ett\u00e4 se on velvollisuus mutta ennen kaikkea mahdollisuus\u201d, Poliisihallitus linjaa m\u00e4\u00e4r\u00e4yksess\u00e4\u00e4n.<\/p>\n<p class=\"article-body mb-nof-24 px-nof-16\">Nyt yksi mahdollisuus oli j\u00e4\u00e4d\u00e4 poliisilta k\u00e4ytt\u00e4m\u00e4tt\u00e4.<\/p>\n","protected":false},"excerpt":{"rendered":"Poliisilta kesti yhdeks\u00e4n vuorokautta kertoa, ett\u00e4 Teiskon mastokuolemaan liittyy vaarallinen someilmi\u00f6, kirjoittaa Ilta-Sanomien toimitusp\u00e4\u00e4llikk\u00f6 Panu Karhunen. Yhdeks\u00e4n vuorokautta&hellip;\n","protected":false},"author":2,"featured_media":129212,"comment_status":"","ping_status":"","sticky":false,"template":"","format":"standard","meta":{"footnotes":""},"categories":[12],"tags":[22,23,26,27,33,31,30,17,34,24,25,28,29,15,18,21,32,19,20,16],"class_list":{"0":"post-129211","1":"post","2":"type-post","3":"status-publish","4":"format-standard","5":"has-post-thumbnail","7":"category-suomi","8":"tag-breaking-news","9":"tag-breakingnews","10":"tag-featured-news","11":"tag-featurednews","12":"tag-fi","13":"tag-finland","14":"tag-finnish","15":"tag-headlines","16":"tag-ilta-sanomat","17":"tag-latest-news","18":"tag-latestnews","19":"tag-main-news","20":"tag-mainnews","21":"tag-news","22":"tag-otsikot","23":"tag-paauutiset","24":"tag-suomi","25":"tag-top-stories","26":"tag-topstories","27":"tag-uutiset"},"share_on_mastodon":{"url":"https:\/\/pubeurope.com\/@fi\/115809890099405754","error":""},"_links":{"self":[{"href":"https:\/\/www.europesays.com\/fi\/wp-json\/wp\/v2\/posts\/129211","targetHints":{"allow":["GET"]}}],"collection":[{"href":"https:\/\/www.europesays.com\/fi\/wp-json\/wp\/v2\/posts"}],"about":[{"href":"https:\/\/www.europesays.com\/fi\/wp-json\/wp\/v2\/types\/post"}],"author":[{"embeddable":true,"href":"https:\/\/www.europesays.com\/fi\/wp-json\/wp\/v2\/users\/2"}],"replies":[{"embeddable":true,"href":"https:\/\/www.europesays.com\/fi\/wp-json\/wp\/v2\/comments?post=129211"}],"version-history":[{"count":0,"href":"https:\/\/www.europesays.com\/fi\/wp-json\/wp\/v2\/posts\/129211\/revisions"}],"wp:featuredmedia":[{"embeddable":true,"href":"https:\/\/www.europesays.com\/fi\/wp-json\/wp\/v2\/media\/129212"}],"wp:attachment":[{"href":"https:\/\/www.europesays.com\/fi\/wp-json\/wp\/v2\/media?parent=129211"}],"wp:term":[{"taxonomy":"category","embeddable":true,"href":"https:\/\/www.europesays.com\/fi\/wp-json\/wp\/v2\/categories?post=129211"},{"taxonomy":"post_tag","embeddable":true,"href":"https:\/\/www.europesays.com\/fi\/wp-json\/wp\/v2\/tags?post=129211"}],"curies":[{"name":"wp","href":"https:\/\/api.w.org\/{rel}","templated":true}]}}