{"id":129213,"date":"2025-12-30T18:17:07","date_gmt":"2025-12-30T18:17:07","guid":{"rendered":"https:\/\/www.europesays.com\/fi\/129213\/"},"modified":"2025-12-30T18:17:07","modified_gmt":"2025-12-30T18:17:07","slug":"vakava-bussiturma-tukholmassa-linja-auto-tormasi-rakennukseen-uutisia-lyhyesti","status":"publish","type":"post","link":"https:\/\/www.europesays.com\/fi\/129213\/","title":{"rendered":"Vakava bussiturma Tukholmassa \u2013 linja-auto t\u00f6rm\u00e4si rakennukseen | Uutisia lyhyesti"},"content":{"rendered":"<p>Bussi t\u00f6rm\u00e4si rakennukseen Tukholmassa. <\/p>\n<p>18:36\u2022P\u00e4ivitetty 19:10<\/p>\n<p class=\"aw-1gybjub aw-1p7kakr kEtdKx cEmitX yle__article__paragraph\">Linja-auto on ajanut p\u00e4in rakennusta Liljeholmenilla etel\u00e4isess\u00e4 Tukholmassa.<\/p>\n<p class=\"aw-1gybjub aw-1p7kakr kEtdKx cEmitX yle__article__paragraph\">Poliisin mukaan loukkaantuneita on ainakin 13. Kuusi ihmist\u00e4 on toimitettu sairaalaan. Yksi vakavia vammoja saanut lenn\u00e4tettiin hoitoon ambulanssihelikopterilla. Bussissa oli 17 ihmist\u00e4.<\/p>\n<p class=\"aw-1gybjub aw-1p7kakr kEtdKx cEmitX yle__article__paragraph\">Yhden matkustajan mukaan bussi oli k\u00e4\u00e4ntymisen sijaan jatkanut matkaa suoraan kohti rakennuksen sein\u00e4\u00e4.<\/p>\n<p class=\"aw-1gybjub aw-1p7kakr kEtdKx cEmitX yle__article__paragraph\">Liljeholmenilla on meneill\u00e4\u00e4n suuri viranomaisoperaatio.<\/p>\n<p class=\"aw-1gybjub aw-1p7kakr kEtdKx cEmitX yle__article__paragraph\">Asiasta<a class=\"aw-iao6s4 iHOxEa yle__article__link\" href=\"https:\/\/www.svt.se\/nyheter\/lokalt\/stockholm\/buss-har-kort-in-i-byggnad-i-liljeholmen\" role=\"link\" rel=\"nofollow noopener\" target=\"_blank\"> kertoi muun muassa Ruotsin televisio SVT<\/a>.<\/p>\n<p class=\"aw-1gybjub aw-1p7kakr kEtdKx cEmitX yle__article__paragraph\">Tukholmassa tapahtui vakava bussiturma edellisen kerran<a class=\"aw-iao6s4 iHOxEa yle__article__link\" href=\"https:\/\/yle.fi\/a\/74-20194550\" role=\"link\" rel=\"nofollow noopener\" target=\"_blank\"> reilu kuukausi sitten<\/a>. Turmassa kuoli kolme ihmist\u00e4.<\/p>\n","protected":false},"excerpt":{"rendered":"Bussi t\u00f6rm\u00e4si rakennukseen Tukholmassa. 18:36\u2022P\u00e4ivitetty 19:10 Linja-auto on ajanut p\u00e4in rakennusta Liljeholmenilla etel\u00e4isess\u00e4 Tukholmassa. Poliisin mukaan loukkaantuneita on&hellip;\n","protected":false},"author":2,"featured_media":129214,"comment_status":"","ping_status":"","sticky":false,"template":"","format":"standard","meta":{"footnotes":""},"categories":[5],"tags":[22,23,26,27,33,31,30,17,24,25,28,29,15,837,18,21,110,32,4134,19,20,2693,56,16],"class_list":{"0":"post-129213","1":"post","2":"type-post","3":"status-publish","4":"format-standard","5":"has-post-thumbnail","7":"category-otsikot","8":"tag-breaking-news","9":"tag-breakingnews","10":"tag-featured-news","11":"tag-featurednews","12":"tag-fi","13":"tag-finland","14":"tag-finnish","15":"tag-headlines","16":"tag-latest-news","17":"tag-latestnews","18":"tag-main-news","19":"tag-mainnews","20":"tag-news","21":"tag-onnettomuudet","22":"tag-otsikot","23":"tag-paauutiset","24":"tag-ruotsi","25":"tag-suomi","26":"tag-tieliikenneonnettomuudet","27":"tag-top-stories","28":"tag-topstories","29":"tag-tukholma","30":"tag-ulkomaat","31":"tag-uutiset"},"share_on_mastodon":{"url":"https:\/\/pubeurope.com\/@fi\/115809893923309407","error":""},"_links":{"self":[{"href":"https:\/\/www.europesays.com\/fi\/wp-json\/wp\/v2\/posts\/129213","targetHints":{"allow":["GET"]}}],"collection":[{"href":"https:\/\/www.europesays.com\/fi\/wp-json\/wp\/v2\/posts"}],"about":[{"href":"https:\/\/www.europesays.com\/fi\/wp-json\/wp\/v2\/types\/post"}],"author":[{"embeddable":true,"href":"https:\/\/www.europesays.com\/fi\/wp-json\/wp\/v2\/users\/2"}],"replies":[{"embeddable":true,"href":"https:\/\/www.europesays.com\/fi\/wp-json\/wp\/v2\/comments?post=129213"}],"version-history":[{"count":0,"href":"https:\/\/www.europesays.com\/fi\/wp-json\/wp\/v2\/posts\/129213\/revisions"}],"wp:featuredmedia":[{"embeddable":true,"href":"https:\/\/www.europesays.com\/fi\/wp-json\/wp\/v2\/media\/129214"}],"wp:attachment":[{"href":"https:\/\/www.europesays.com\/fi\/wp-json\/wp\/v2\/media?parent=129213"}],"wp:term":[{"taxonomy":"category","embeddable":true,"href":"https:\/\/www.europesays.com\/fi\/wp-json\/wp\/v2\/categories?post=129213"},{"taxonomy":"post_tag","embeddable":true,"href":"https:\/\/www.europesays.com\/fi\/wp-json\/wp\/v2\/tags?post=129213"}],"curies":[{"name":"wp","href":"https:\/\/api.w.org\/{rel}","templated":true}]}}