{"id":129217,"date":"2025-12-30T18:29:09","date_gmt":"2025-12-30T18:29:09","guid":{"rendered":"https:\/\/www.europesays.com\/fi\/129217\/"},"modified":"2025-12-30T18:29:09","modified_gmt":"2025-12-30T18:29:09","slug":"joe-rogan-kritisoi-donald-trumpia-hanen-teolleen-ei-ole-oikeutusta","status":"publish","type":"post","link":"https:\/\/www.europesays.com\/fi\/129217\/","title":{"rendered":"Joe Rogan kritisoi Donald Trumpia: &#8221;H\u00e4nen teolleen ei ole oikeutusta&#8221;"},"content":{"rendered":"<p><a href=\"https:\/\/variety.com\/2025\/film\/news\/joe-rogan-slams-donald-trump-rob-reiner-attack-1236619511\/\" rel=\"nofollow noopener\" target=\"_blank\">Variety<\/a> uutisoi, ett\u00e4 entinen n\u00e4yttelij\u00e4 ja podcast-is\u00e4nt\u00e4 <strong>Joe Rogan<\/strong> kritisoi <strong>Donald Trumpia<\/strong> t\u00e4m\u00e4n kommenteista koskien <strong>Rob Reinerin <\/strong>murhaa.<\/p>\n<p>\u201dRob Reiner -juttu ei ole hauska. Kun ajattelet tapahtumaa ilman empatiaa, siit\u00e4 on vaikea pit\u00e4\u00e4. H\u00e4nen teolleen ei ole mit\u00e4\u00e4n j\u00e4rjellist\u00e4 oikeutusta my\u00f6t\u00e4tuntoisessa yhteiskunnassa. Se on sama asia, kuin ihmiset, jotka juhlivat <strong>Charlie Kirkin <\/strong>murhaa\u201d, Rogan sanoi.<\/p>\n<p>\u201dKuvittele, jos <strong>Obama<\/strong> twiittaisi jonkun kuoleman j\u00e4lkeen t\u00e4ll\u00e4 tavalla, ett\u00e4 henkil\u00f6 olisi mielisairas, joka vihasi h\u00e4nt\u00e4. T\u00e4m\u00e4 osoittaa, kuinka hullu Trumpin ajattelu ja puhetapa ovat. \u2014 Olen niin pettynyt. T\u00e4m\u00e4 on pettymys.\u201d<\/p>\n<p><a href=\"https:\/\/www.episodi.fi\/uutiset\/marc-maron-lopettaa-suositun-podcastinsa-paastimme-irti-formaatin-jota-voi-kayttaa-propagandaan-ja-puhtaaseen-pahaan\/\" rel=\"nofollow noopener\" target=\"_blank\">Lue my\u00f6s: Marc Maron lopettaa suositun podcastinsa: \u201dP\u00e4\u00e4stimme irti formaatin, jota voi k\u00e4ytt\u00e4\u00e4 propagandaan ja puhtaaseen pahaan\u201d<\/a><\/p>\n<p>Lue my\u00f6s: <a href=\"https:\/\/www.episodi.fi\/uutiskirje\/?uutiskirjemainos=tekstilinkkimainos\" title=\"Tilaa Episodin uutiskirje ja voit voittaa leffalippuja! Nappaa tv-vinkit suoraan s\u00e4hk\u00f6postiin t\u00e4st\u00e4.\" class=\"underline-custom !font-montserrat !font-bold !underline-offset-4 !decoration-4 !decoration-episodi-blue !text-md\" rel=\"nofollow noopener\" target=\"_blank\">Tilaa Episodin uutiskirje ja voit voittaa leffalippuja! Nappaa katseluvinkit suoraan s\u00e4hk\u00f6postiin t\u00e4st\u00e4.<\/a><\/p>\n","protected":false},"excerpt":{"rendered":"Variety uutisoi, ett\u00e4 entinen n\u00e4yttelij\u00e4 ja podcast-is\u00e4nt\u00e4 Joe Rogan kritisoi Donald Trumpia t\u00e4m\u00e4n kommenteista koskien Rob Reinerin murhaa.&hellip;\n","protected":false},"author":2,"featured_media":129218,"comment_status":"","ping_status":"","sticky":false,"template":"","format":"standard","meta":{"footnotes":""},"categories":[136],"tags":[407,585,137,33,31,30,6302,22883,408,6850,32,109],"class_list":{"0":"post-129217","1":"post","2":"type-post","3":"status-publish","4":"format-standard","5":"has-post-thumbnail","7":"category-julkkikset","8":"tag-celebrities","9":"tag-donald-trump","10":"tag-entertainment","11":"tag-fi","12":"tag-finland","13":"tag-finnish","14":"tag-ignostot","15":"tag-joe-rogan","16":"tag-julkkikset","17":"tag-rob-reiner","18":"tag-suomi","19":"tag-viihde"},"share_on_mastodon":{"url":"https:\/\/pubeurope.com\/@fi\/115809941123746603","error":""},"_links":{"self":[{"href":"https:\/\/www.europesays.com\/fi\/wp-json\/wp\/v2\/posts\/129217","targetHints":{"allow":["GET"]}}],"collection":[{"href":"https:\/\/www.europesays.com\/fi\/wp-json\/wp\/v2\/posts"}],"about":[{"href":"https:\/\/www.europesays.com\/fi\/wp-json\/wp\/v2\/types\/post"}],"author":[{"embeddable":true,"href":"https:\/\/www.europesays.com\/fi\/wp-json\/wp\/v2\/users\/2"}],"replies":[{"embeddable":true,"href":"https:\/\/www.europesays.com\/fi\/wp-json\/wp\/v2\/comments?post=129217"}],"version-history":[{"count":0,"href":"https:\/\/www.europesays.com\/fi\/wp-json\/wp\/v2\/posts\/129217\/revisions"}],"wp:featuredmedia":[{"embeddable":true,"href":"https:\/\/www.europesays.com\/fi\/wp-json\/wp\/v2\/media\/129218"}],"wp:attachment":[{"href":"https:\/\/www.europesays.com\/fi\/wp-json\/wp\/v2\/media?parent=129217"}],"wp:term":[{"taxonomy":"category","embeddable":true,"href":"https:\/\/www.europesays.com\/fi\/wp-json\/wp\/v2\/categories?post=129217"},{"taxonomy":"post_tag","embeddable":true,"href":"https:\/\/www.europesays.com\/fi\/wp-json\/wp\/v2\/tags?post=129217"}],"curies":[{"name":"wp","href":"https:\/\/api.w.org\/{rel}","templated":true}]}}