{"id":129219,"date":"2025-12-30T18:32:08","date_gmt":"2025-12-30T18:32:08","guid":{"rendered":"https:\/\/www.europesays.com\/fi\/129219\/"},"modified":"2025-12-30T18:32:08","modified_gmt":"2025-12-30T18:32:08","slug":"mtv-jaa-historiaan-ainakin-sellaisena-kuin-sina-sen-muistat","status":"publish","type":"post","link":"https:\/\/www.europesays.com\/fi\/129219\/","title":{"rendered":"MTV j\u00e4\u00e4 historiaan \u2013 ainakin sellaisena kuin sin\u00e4 sen muistat"},"content":{"rendered":"<p class=\"ai-optimize-6 ai-optimize-introduction\">Ikoninen televisiokanava MTV eli alun perin Music Television j\u00e4\u00e4 suurelta osin historiaan Euroopassa vuodenvaihteessa. Kaikki MTV:n musiikkivideokanavat lakkaamat n\u00e4kyv\u00e4st\u00e4 Euroopan maissa 31. joulukuuta 2025 menness\u00e4. Asiasta kertoo muun muassa <a href=\"https:\/\/www.euronews.com\/culture\/2025\/10\/13\/the-end-of-an-era-mtv-music-channels-to-be-switched-off-across-europe-by-end-of-2025\" target=\"_blank\" rel=\"noopener nofollow\">Euronews<\/a>.<\/p>\n<p class=\"ai-optimize-7\">Sulkup\u00e4\u00e4t\u00f6s koskee MTV:n kanavia MTV Music, MTV 80s, MTV 90s, Club MTV ja MTV Live.<\/p>\n<p class=\"ai-optimize-7\">Taustalla on kanavan omistavan Paramount Globalin p\u00e4\u00e4t\u00f6s, jonka tarkoituksena on hakea kustannuss\u00e4\u00e4st\u00f6j\u00e4. Asiasta aiemmin kertoneen <a href=\"https:\/\/www.bbc.com\/news\/articles\/cdr612yz8p0o\" target=\"_blank\" rel=\"noopener nofollow\">BBC<\/a>:n mukaan Paramountin sulkup\u00e4\u00e4t\u00f6ksen taustalla ovat my\u00f6s ihmisten muuttuneet kulutustottumukset. Internetin ja suoratoistopalvelujen aikakaudella perinteisten televisiokanavien merkitys on v\u00e4hentynyt ja etenkin musiikkivideoiden katsominen on siirtynyt l\u00e4hes kokonaan Youtuben kaltaisille verkkoalustoille.<\/p>\n<p class=\"ai-optimize-8\">Yhdysvaltalainen MTV perustettiin vuonna 1981 nimell\u00e4 Music Television. Euroopassa MTV:n l\u00e4hetykset alkoivat vuonna 1987. Kanava tuli 1980- ja 1990-luvuilla tunnetuksi kanavalla esitetyist\u00e4 musiikkivideoista. Sittemmin MTV:n kanavilla alettiin esitt\u00e4\u00e4 my\u00f6s muita ohjelmia, kuten Beavis &amp; Butt-head ja The Osbournes.<\/p>\n<p class=\"ai-optimize-7\">Artikkeli jatkuu kuvan j\u00e4lkeen.<\/p>\n<p><img fetchpriority=\"high\" decoding=\"async\" class=\"size-full wp-image-780568\" src=\"https:\/\/www.europesays.com\/fi\/wp-content\/uploads\/2025\/12\/MTV_First_Promo.png\" alt=\"\" width=\"397\" height=\"251\"  \/>Kuvakaappaus MTV:n vanhalta mainosvideolta vuodelta 1981. WIKIMEDIA COMMONS\/NASA\/MTV, PUBLIC DOMAIN<\/p>\n<p class=\"ai-optimize-9\">2000-luvun kuluessa musiikkivideoiden osuus MTV:n ohjelmistossa v\u00e4heni, ja kanava muutti nimens\u00e4 virallisesti MTV:ksi. MTV lopetti musiikkivideoiden n\u00e4ytt\u00e4misen p\u00e4\u00e4kanavallaan kokonaan vuonna 2011. MTV:n p\u00e4\u00e4kanavaa ei tiett\u00e4v\u00e4sti olla lakkauttamassa, mutta musiikkivideoiden esitt\u00e4minen kanavilla tulee nyt lopulliseen p\u00e4\u00e4t\u00f6kseens\u00e4. Lis\u00e4ksi MTV:n br\u00e4ndi\u00e4 tullaan jatkossa k\u00e4ytt\u00e4m\u00e4\u00e4n esimerkiksi osana Paramountin suoratoistopalveluita.<\/p>\n<p class=\"ai-optimize-11\">Yhdysvaltalaista MTV:t\u00e4 ei pid\u00e4 sekoittaa suomalaiseen MTV:hen, joka omistaa muun muassa MTV3\u2013 ja Sub-televisiokanavat. Vuonna 1957 perustetun suomalaisen MTV:n nimi on alun perin lyhenne sanasta Mainos-TV.<\/p>\n","protected":false},"excerpt":{"rendered":"Ikoninen televisiokanava MTV eli alun perin Music Television j\u00e4\u00e4 suurelta osin historiaan Euroopassa vuodenvaihteessa. Kaikki MTV:n musiikkivideokanavat lakkaamat&hellip;\n","protected":false},"author":2,"featured_media":129220,"comment_status":"","ping_status":"","sticky":false,"template":"","format":"standard","meta":{"footnotes":""},"categories":[133],"tags":[137,33,31,30,1077,47,32,1247,206,156,109],"class_list":{"0":"post-129219","1":"post","2":"type-post","3":"status-publish","4":"format-standard","5":"has-post-thumbnail","7":"category-televisiot","8":"tag-entertainment","9":"tag-fi","10":"tag-finland","11":"tag-finnish","12":"tag-media","13":"tag-musiikki","14":"tag-suomi","15":"tag-televisio","16":"tag-televisiot","17":"tag-tv","18":"tag-viihde"},"share_on_mastodon":{"url":"https:\/\/pubeurope.com\/@fi\/115809953078782452","error":""},"_links":{"self":[{"href":"https:\/\/www.europesays.com\/fi\/wp-json\/wp\/v2\/posts\/129219","targetHints":{"allow":["GET"]}}],"collection":[{"href":"https:\/\/www.europesays.com\/fi\/wp-json\/wp\/v2\/posts"}],"about":[{"href":"https:\/\/www.europesays.com\/fi\/wp-json\/wp\/v2\/types\/post"}],"author":[{"embeddable":true,"href":"https:\/\/www.europesays.com\/fi\/wp-json\/wp\/v2\/users\/2"}],"replies":[{"embeddable":true,"href":"https:\/\/www.europesays.com\/fi\/wp-json\/wp\/v2\/comments?post=129219"}],"version-history":[{"count":0,"href":"https:\/\/www.europesays.com\/fi\/wp-json\/wp\/v2\/posts\/129219\/revisions"}],"wp:featuredmedia":[{"embeddable":true,"href":"https:\/\/www.europesays.com\/fi\/wp-json\/wp\/v2\/media\/129220"}],"wp:attachment":[{"href":"https:\/\/www.europesays.com\/fi\/wp-json\/wp\/v2\/media?parent=129219"}],"wp:term":[{"taxonomy":"category","embeddable":true,"href":"https:\/\/www.europesays.com\/fi\/wp-json\/wp\/v2\/categories?post=129219"},{"taxonomy":"post_tag","embeddable":true,"href":"https:\/\/www.europesays.com\/fi\/wp-json\/wp\/v2\/tags?post=129219"}],"curies":[{"name":"wp","href":"https:\/\/api.w.org\/{rel}","templated":true}]}}