{"id":129225,"date":"2025-12-30T18:37:11","date_gmt":"2025-12-30T18:37:11","guid":{"rendered":"https:\/\/www.europesays.com\/fi\/129225\/"},"modified":"2025-12-30T18:37:11","modified_gmt":"2025-12-30T18:37:11","slug":"leonardo-dicaprio-en-ole-koskaan-nahnyt-titanicia","status":"publish","type":"post","link":"https:\/\/www.europesays.com\/fi\/129225\/","title":{"rendered":"Leonardo DiCaprio: &#8221;En ole koskaan n\u00e4hnyt Titanicia&#8221;"},"content":{"rendered":"<p><strong>Leonardo DiCaprio<\/strong> v\u00e4itti Varietyn haastattelussa<strong> Jennifer Lawrencelle,<\/strong> ettei ole koskaan n\u00e4hnyt Titanicia (1997) <\/p>\n<p>\u201dEn ole n\u00e4hnyt sit\u00e4. En juurikaan katso omia elokuviani\u2026 no ehk\u00e4 joitain. Katsoin humalap\u00e4iss\u00e4ni American Hustlen\u201d, DiCaprio kertoi haastattelussa.<\/p>\n<p>\u201dSinun pit\u00e4isi katsoa, se on hyv\u00e4. En ole koskaan tehnyt mit\u00e4\u00e4n sellaista. Mutta jos olisin, katsoisin sen\u201d, Lawrence vastasi.<\/p>\n<p>Lue my\u00f6s: <a href=\"https:\/\/www.episodi.fi\/uutiset\/tanaan-tvssa-titanicin-menestykseen-vaadittiin-ihme-harva-uskoi-elokuvan-menestykseen-vuonna-1997\/\" title=\"T\u00e4n\u00e4\u00e4n tv:ss\u00e4: Titanicin menestykseen vaadittiin ihme \u2013 Harva uskoi elokuvaan vuonna 1997\" class=\"underline-custom !font-montserrat !font-bold !underline-offset-4 !decoration-4 !decoration-episodi-blue !text-md\" rel=\"nofollow noopener\" target=\"_blank\">T\u00e4n\u00e4\u00e4n tv:ss\u00e4: Titanicin menestykseen vaadittiin ihme \u2013 Harva uskoi elokuvaan vuonna 1997<\/a><\/p>\n<p>Lue my\u00f6s: <a href=\"https:\/\/www.episodi.fi\/uutiset\/leonardo-dicaprio-rikkoo-34-vuotta-vanhan-saantonsa\/\" title=\"Leonardo DiCaprio rikkoo 34 vuotta vanhan s\u00e4\u00e4nt\u00f6ns\u00e4\" class=\"underline-custom !font-montserrat !font-bold !underline-offset-4 !decoration-4 !decoration-episodi-blue !text-md\" rel=\"nofollow noopener\" target=\"_blank\">Leonardo DiCaprio rikkoo 34 vuotta vanhan s\u00e4\u00e4nt\u00f6ns\u00e4<\/a><\/p>\n<p>Lue my\u00f6s: <a href=\"https:\/\/www.episodi.fi\/uutiset\/tiesitko-tata-nayttelijat-ja-tyoryhma-huumattiin-titanic-elokuvan-kuvauksissa-ihmiset-nauroivat-itkivat-ja-oksensivat\/\" title=\"Tiesitk\u00f6 t\u00e4t\u00e4? Titanic-elokuvan n\u00e4yttelij\u00e4t ja ty\u00f6ryhm\u00e4 huumattiin kesken kuvausten \u2013 ihmiset nauroivat, itkiv\u00e4t ja oksensivat\" class=\"underline-custom !font-montserrat !font-bold !underline-offset-4 !decoration-4 !decoration-episodi-blue !text-md\" rel=\"nofollow noopener\" target=\"_blank\">Tiesitk\u00f6 t\u00e4t\u00e4? Titanic-elokuvan n\u00e4yttelij\u00e4t ja ty\u00f6ryhm\u00e4 huumattiin kesken kuvausten \u2013 ihmiset nauroivat, itkiv\u00e4t ja oksensivat<\/a><\/p>\n<p><strong>James Cameronin<\/strong> ohjaama katastrofirakkaustarina tuotti k\u00e4sitt\u00e4m\u00e4tt\u00f6m\u00e4t 2,26 miljardia dollaria ja voitti 11 Oscaria. Elokuva teki 23-vuotiaasta DiCapriosta supert\u00e4hden l\u00e4hes yhdess\u00e4 y\u00f6ss\u00e4.<\/p>\n<p><img loading=\"lazy\" decoding=\"async\" alt=\"YouTube video\" width=\"480\" height=\"360\" data-pin-nopin=\"true\" nopin=\"nopin\" class=\"perfmatters-lazy\" src=\"https:\/\/www.europesays.com\/fi\/wp-content\/uploads\/2025\/12\/1767119831_507_hqdefault.jpg\"\/><\/p>\n<p>L\u00e4hde: <a href=\"https:\/\/www.slashfilm.com\/2062486\/why-leonardo-dicaprio-never-watched-titanic\/\" rel=\"nofollow noopener\" target=\"_blank\">Slashfilm<\/a><\/p>\n<p>Lue my\u00f6s: <a href=\"https:\/\/www.episodi.fi\/uutiskirje\/?uutiskirjemainos=tekstilinkkimainos\" title=\"Tilaa Episodin uutiskirje ja voit voittaa leffalippuja! Nappaa tv-vinkit suoraan s\u00e4hk\u00f6postiin t\u00e4st\u00e4.\" class=\"underline-custom !font-montserrat !font-bold !underline-offset-4 !decoration-4 !decoration-episodi-blue !text-md\" rel=\"nofollow noopener\" target=\"_blank\">Tilaa Episodin uutiskirje ja voit voittaa leffalippuja! Nappaa katseluvinkit suoraan s\u00e4hk\u00f6postiin t\u00e4st\u00e4.<\/a><\/p>\n<p>\t\t\t<a href=\"https:\/\/www.facebook.com\/sharer\/sharer.php?u=https:\/\/www.episodi.fi\/uutiset\/leonardo-dicaprio-en-ole-koskaan-nahnyt-titanicia\/\" target=\"_blank\" class=\"block px-4 py-2 text-sm text-gray-800 border-b hover:bg-gray-200\" rel=\"nofollow noopener\"><\/p>\n<p>\t\t\t\tFacebook<br \/>\n\t\t\t<\/a><br \/>\n\t\t\t<a href=\"https:\/\/twitter.com\/intent\/tweet?text=https:\/\/www.episodi.fi\/uutiset\/leonardo-dicaprio-en-ole-koskaan-nahnyt-titanicia\/\" target=\"_blank\" class=\"block px-4 py-2 text-sm text-gray-800 border-b hover:bg-gray-200\" rel=\"nofollow noopener\"><\/p>\n<p>\t\t\t\tTwitter<br \/>\n\t\t\t<\/a><br \/>\n\t\t\t<a href=\"mailto:?subject=Leonardo DiCaprio: \u201dEn ole koskaan n\u00e4hnyt Titanicia\u201d&amp;body=https:\/\/www.episodi.fi\/uutiset\/leonardo-dicaprio-en-ole-koskaan-nahnyt-titanicia\/\" target=\"_blank\" class=\"block px-4 py-2 text-sm text-gray-800 border-b hover:bg-gray-200\"><\/p>\n<p>\t\t\t\tS\u00e4hk\u00f6posti<\/a><\/p>\n<p>\t\t\t\t<script async src=\"https:\/\/platform.twitter.com\/widgets.js\" charset=\"utf-8\"><\/script><\/p>\n","protected":false},"excerpt":{"rendered":"Leonardo DiCaprio v\u00e4itti Varietyn haastattelussa Jennifer Lawrencelle, ettei ole koskaan n\u00e4hnyt Titanicia (1997) \u201dEn ole n\u00e4hnyt sit\u00e4. En&hellip;\n","protected":false},"author":2,"featured_media":118595,"comment_status":"","ping_status":"","sticky":false,"template":"","format":"standard","meta":{"footnotes":""},"categories":[130],"tags":[137,33,31,30,497,32,1110,109],"class_list":{"0":"post-129225","1":"post","2":"type-post","3":"status-publish","4":"format-standard","5":"has-post-thumbnail","7":"category-viihde","8":"tag-entertainment","9":"tag-fi","10":"tag-finland","11":"tag-finnish","12":"tag-leonardo-dicaprio","13":"tag-suomi","14":"tag-titanic","15":"tag-viihde"},"share_on_mastodon":{"url":"https:\/\/pubeurope.com\/@fi\/115809972561148173","error":""},"_links":{"self":[{"href":"https:\/\/www.europesays.com\/fi\/wp-json\/wp\/v2\/posts\/129225","targetHints":{"allow":["GET"]}}],"collection":[{"href":"https:\/\/www.europesays.com\/fi\/wp-json\/wp\/v2\/posts"}],"about":[{"href":"https:\/\/www.europesays.com\/fi\/wp-json\/wp\/v2\/types\/post"}],"author":[{"embeddable":true,"href":"https:\/\/www.europesays.com\/fi\/wp-json\/wp\/v2\/users\/2"}],"replies":[{"embeddable":true,"href":"https:\/\/www.europesays.com\/fi\/wp-json\/wp\/v2\/comments?post=129225"}],"version-history":[{"count":0,"href":"https:\/\/www.europesays.com\/fi\/wp-json\/wp\/v2\/posts\/129225\/revisions"}],"wp:featuredmedia":[{"embeddable":true,"href":"https:\/\/www.europesays.com\/fi\/wp-json\/wp\/v2\/media\/118595"}],"wp:attachment":[{"href":"https:\/\/www.europesays.com\/fi\/wp-json\/wp\/v2\/media?parent=129225"}],"wp:term":[{"taxonomy":"category","embeddable":true,"href":"https:\/\/www.europesays.com\/fi\/wp-json\/wp\/v2\/categories?post=129225"},{"taxonomy":"post_tag","embeddable":true,"href":"https:\/\/www.europesays.com\/fi\/wp-json\/wp\/v2\/tags?post=129225"}],"curies":[{"name":"wp","href":"https:\/\/api.w.org\/{rel}","templated":true}]}}