{"id":129270,"date":"2025-12-30T19:55:08","date_gmt":"2025-12-30T19:55:08","guid":{"rendered":"https:\/\/www.europesays.com\/fi\/129270\/"},"modified":"2025-12-30T19:55:08","modified_gmt":"2025-12-30T19:55:08","slug":"yksi-metallituolin-isku-muutti-kaiken-jani-lamminpaa-elaa-aarimmaisen-kivun-kanssa","status":"publish","type":"post","link":"https:\/\/www.europesays.com\/fi\/129270\/","title":{"rendered":"Yksi metallituolin isku muutti kaiken \u2013 Jani Lamminp\u00e4\u00e4 el\u00e4\u00e4 \u00e4\u00e4rimm\u00e4isen kivun kanssa"},"content":{"rendered":"<p>Porilainen Jani Lamminp\u00e4\u00e4 joutui v\u00e4kivallan uhriksi. Siit\u00e4 seurasi aivovamma ja itsemurhap\u00e4\u00e4ns\u00e4rkyn\u00e4kin tunnettu Hortonin neuralgia. Seitsem\u00e4n vuotta my\u00f6hemmin h\u00e4n kuntoutuu yh\u00e4 ja rakentaa el\u00e4m\u00e4\u00e4ns\u00e4 uudelleen.<\/p>\n<p class=\"article-body mb-nof-24 px-nof-16\">Pori<\/p>\n<p class=\"article-body mb-nof-24 px-nof-16\">Sen piti olla tavallinen kes\u00e4torstai vuonna 2018, kun <a class=\"font-bold underline-offset-[0.12em] [text-decoration:var(--person-link-text-decoration)] ![text-decoration-color:var(--person-link-text-decoration-color)]\" href=\"https:\/\/www.satakunnankansa.fi\/haku\/?query=Jani%20Lamminp%C3%A4%C3%A4\" rel=\"nofollow noopener\" target=\"_blank\">Jani Lamminp\u00e4\u00e4<\/a>, 37, oli p\u00e4\u00e4tt\u00e4nyt l\u00e4hte\u00e4 pit\u00e4m\u00e4\u00e4n hauskaa yst\u00e4viens\u00e4 kanssa Pori Jazz -festivaaleille.<\/p>\n<p class=\"article-body mb-nof-24 px-nof-16\">Samassa seurueessa ollut henkil\u00f6 k\u00e4vi yll\u00e4tt\u00e4en Lamminp\u00e4\u00e4n kimppuun metallituolin kanssa ja iski t\u00e4t\u00e4 p\u00e4\u00e4h\u00e4n. Lamminp\u00e4\u00e4 muistaa tilanteen niin absurdina, ett\u00e4 aluksi jopa naurahti ep\u00e4uskoisena.<\/p>\n","protected":false},"excerpt":{"rendered":"Porilainen Jani Lamminp\u00e4\u00e4 joutui v\u00e4kivallan uhriksi. Siit\u00e4 seurasi aivovamma ja itsemurhap\u00e4\u00e4ns\u00e4rkyn\u00e4kin tunnettu Hortonin neuralgia. Seitsem\u00e4n vuotta my\u00f6hemmin h\u00e4n&hellip;\n","protected":false},"author":2,"featured_media":129271,"comment_status":"","ping_status":"","sticky":false,"template":"","format":"standard","meta":{"footnotes":""},"categories":[130],"tags":[137,33,31,30,80,32,109],"class_list":{"0":"post-129270","1":"post","2":"type-post","3":"status-publish","4":"format-standard","5":"has-post-thumbnail","7":"category-viihde","8":"tag-entertainment","9":"tag-fi","10":"tag-finland","11":"tag-finnish","12":"tag-satakunnan-kansa","13":"tag-suomi","14":"tag-viihde"},"share_on_mastodon":{"url":"https:\/\/pubeurope.com\/@fi\/115810279284056057","error":""},"_links":{"self":[{"href":"https:\/\/www.europesays.com\/fi\/wp-json\/wp\/v2\/posts\/129270","targetHints":{"allow":["GET"]}}],"collection":[{"href":"https:\/\/www.europesays.com\/fi\/wp-json\/wp\/v2\/posts"}],"about":[{"href":"https:\/\/www.europesays.com\/fi\/wp-json\/wp\/v2\/types\/post"}],"author":[{"embeddable":true,"href":"https:\/\/www.europesays.com\/fi\/wp-json\/wp\/v2\/users\/2"}],"replies":[{"embeddable":true,"href":"https:\/\/www.europesays.com\/fi\/wp-json\/wp\/v2\/comments?post=129270"}],"version-history":[{"count":0,"href":"https:\/\/www.europesays.com\/fi\/wp-json\/wp\/v2\/posts\/129270\/revisions"}],"wp:featuredmedia":[{"embeddable":true,"href":"https:\/\/www.europesays.com\/fi\/wp-json\/wp\/v2\/media\/129271"}],"wp:attachment":[{"href":"https:\/\/www.europesays.com\/fi\/wp-json\/wp\/v2\/media?parent=129270"}],"wp:term":[{"taxonomy":"category","embeddable":true,"href":"https:\/\/www.europesays.com\/fi\/wp-json\/wp\/v2\/categories?post=129270"},{"taxonomy":"post_tag","embeddable":true,"href":"https:\/\/www.europesays.com\/fi\/wp-json\/wp\/v2\/tags?post=129270"}],"curies":[{"name":"wp","href":"https:\/\/api.w.org\/{rel}","templated":true}]}}