{"id":129312,"date":"2025-12-30T21:05:08","date_gmt":"2025-12-30T21:05:08","guid":{"rendered":"https:\/\/www.europesays.com\/fi\/129312\/"},"modified":"2025-12-30T21:05:08","modified_gmt":"2025-12-30T21:05:08","slug":"janni-hussi-avautuu-ma-herkistyn-edelleenkin","status":"publish","type":"post","link":"https:\/\/www.europesays.com\/fi\/129312\/","title":{"rendered":"Janni Hussi avautuu: \u201dM\u00e4 herkistyn edelleenkin&#8230;\u201d"},"content":{"rendered":"<p>Janni Hussi herkistyy kertoessaan yhdest\u00e4 el\u00e4m\u00e4ns\u00e4 kohokohdista.<\/p>\n<p class=\"article-body mb-nof-24 px-nof-16\">Uusivuosi on rallikartturi ja mediapersoona <a class=\"font-bold underline-offset-[0.12em] [text-decoration:var(--person-link-text-decoration)] ![text-decoration-color:var(--person-link-text-decoration-color)]\" href=\"https:\/\/www.is.fi\/haku\/?query=Janni%20Hussille\" rel=\"nofollow noopener\" target=\"_blank\">Janni Hussille<\/a> reflektoinnin aikaa, h\u00e4n kertoo Instagram-tilill\u00e4\u00e4n.<\/p>\n<p class=\"article-body mb-nof-24 px-nof-16\">Hussi julkaisi tiistai-iltana tunteikkaan videon, jossa h\u00e4n muistelee ajatuksiaan hein\u00e4-elokuussa j\u00e4rjestetyn Jyv\u00e4skyl\u00e4n MM-rallin ymp\u00e4rill\u00e4. H\u00e4n kuvailee rallia yhdeksi h\u00e4nen vuotensa merkityksellisimmist\u00e4 tapahtumista.<\/p>\n<p class=\"article-body mb-nof-24 px-nof-16\">MM-rallia varjostivat Hussin yksityisel\u00e4m\u00e4n myllerrykset: vain noin kahta viikkoa aiemmin Hussi ja h\u00e4nen silloinen aviomiehens\u00e4 <a class=\"font-bold underline-offset-[0.12em] [text-decoration:var(--person-link-text-decoration)] ![text-decoration-color:var(--person-link-text-decoration-color)]\" href=\"https:\/\/www.is.fi\/haku\/?query=Joel%20Harkimo\" rel=\"nofollow noopener\" target=\"_blank\">Joel Harkimo<\/a> olivat kertoneet hakevansa avioeroa.<\/p>\n<p class=\"article-body mb-nof-24 px-nof-16\">Hussi kertoo videolla pel\u00e4nneens\u00e4, miten ralliyhteis\u00f6 reagoi h\u00e4neen paljon mediahuomiota ker\u00e4nneen erouutisen j\u00e4lkeen. Videolla vilisee leikkeit\u00e4 uutisotsikoista Hussin ja Harkimon eroon liittyen.<\/p>\n<p class=\"article-body mb-nof-24 px-nof-16\">\u2013 J\u00e4nnitys siit\u00e4, miten ihmiset suhtautuvat muhun. S\u00e4 kasvatat siit\u00e4 omassa p\u00e4\u00e4ss\u00e4 niin ison m\u00f6r\u00f6n, vaikka eiv\u00e4th\u00e4n ihmiset nyt ajattele herranjestas tuommoisia asioita. Ei niit\u00e4 kiinnosta. Ne on siell\u00e4 sen rallin takia.<\/p>\n<p class=\"article-body mb-nof-24 px-nof-16\">\u2013 Mun p\u00e4\u00e4ss\u00e4h\u00e4n m\u00e4 kehitin kaikki pahimmat mahdolliset skenaariot. Mit\u00e4 jos kaikki nyt vihaavat mua yht\u00e4kki\u00e4? Onko henkil\u00f6kohtainen el\u00e4m\u00e4ni sotkenut t\u00e4m\u00e4n kaiken?<\/p>\n<p class=\"article-body mb-nof-24 px-nof-16\">Hussin \u00e4\u00e4ni murtuu h\u00e4nen kertoessaan yhteis\u00f6n l\u00e4mpim\u00e4st\u00e4 vastaanotosta Jyv\u00e4skyl\u00e4ss\u00e4.<\/p>\n<p class=\"article-body mb-nof-24 px-nof-16\">\u2013 Mutta se ihmisten tuki siell\u00e4. Tuntui, ett\u00e4 he ehk\u00e4 tsemppasivat entist\u00e4 enemm\u00e4n.<\/p>\n<p class=\"article-body mb-nof-24 px-nof-16\">Videon saatetekstiss\u00e4 Hussi kuvailee edelleen, kuinka paljon ihmisten tuki on h\u00e4nelle merkinnyt.<\/p>\n<p class=\"article-body mb-nof-24 px-nof-16\">\u2013 Yhden pienen tyt\u00f6n \u00e4iti sanoi mulle, ett\u00e4 meid\u00e4n kohtaaminen merkkasi tyt\u00f6lle tosi paljon. Mutta itseasiassa n\u00e4m\u00e4 kohtaamiset merkkasivat mulle viel\u00e4 enemm\u00e4n. Ihan jokainen niist\u00e4, h\u00e4n kirjoittaa videon saatetekstiss\u00e4.<\/p>\n<p class=\"article-body mb-nof-24 px-nof-16\">\u2013 T\u00e4m\u00e4 menee mun el\u00e4m\u00e4ni top-5 kohokohtiin heitt\u00e4m\u00e4ll\u00e4. Kiitos ihan jokaiselle, joka oli kannustusjoukoissa mukana niin fyysisesti kuin henkisestikin.<\/p>\n<p class=\"article-body mb-nof-24 px-nof-16\">Hussi sijoittui Jyv\u00e4skyl\u00e4ss\u00e4 <a class=\"font-bold underline-offset-[0.12em] [text-decoration:var(--person-link-text-decoration)] ![text-decoration-color:var(--person-link-text-decoration-color)]\" href=\"https:\/\/www.is.fi\/haku\/?query=Jari-Matti%20Latvalan\" rel=\"nofollow noopener\" target=\"_blank\">Jari-Matti Latvalan<\/a> kanssa WRC2-luokassa toiseksi. Hussin ensi kauden tarkat suunnitelmat eiv\u00e4t ole viel\u00e4 tiedossa, mutta Latvalan mukaan h\u00e4n tavoittelee kartturin paikkaa WRC2-luokan MM-sarjaan.<\/p>\n","protected":false},"excerpt":{"rendered":"Janni Hussi herkistyy kertoessaan yhdest\u00e4 el\u00e4m\u00e4ns\u00e4 kohokohdista. Uusivuosi on rallikartturi ja mediapersoona Janni Hussille reflektoinnin aikaa, h\u00e4n kertoo&hellip;\n","protected":false},"author":2,"featured_media":129313,"comment_status":"","ping_status":"","sticky":false,"template":"","format":"standard","meta":{"footnotes":""},"categories":[136],"tags":[407,137,33,31,30,34,408,32,109],"class_list":{"0":"post-129312","1":"post","2":"type-post","3":"status-publish","4":"format-standard","5":"has-post-thumbnail","7":"category-julkkikset","8":"tag-celebrities","9":"tag-entertainment","10":"tag-fi","11":"tag-finland","12":"tag-finnish","13":"tag-ilta-sanomat","14":"tag-julkkikset","15":"tag-suomi","16":"tag-viihde"},"share_on_mastodon":{"url":"https:\/\/pubeurope.com\/@fi\/115810554509873675","error":""},"_links":{"self":[{"href":"https:\/\/www.europesays.com\/fi\/wp-json\/wp\/v2\/posts\/129312","targetHints":{"allow":["GET"]}}],"collection":[{"href":"https:\/\/www.europesays.com\/fi\/wp-json\/wp\/v2\/posts"}],"about":[{"href":"https:\/\/www.europesays.com\/fi\/wp-json\/wp\/v2\/types\/post"}],"author":[{"embeddable":true,"href":"https:\/\/www.europesays.com\/fi\/wp-json\/wp\/v2\/users\/2"}],"replies":[{"embeddable":true,"href":"https:\/\/www.europesays.com\/fi\/wp-json\/wp\/v2\/comments?post=129312"}],"version-history":[{"count":0,"href":"https:\/\/www.europesays.com\/fi\/wp-json\/wp\/v2\/posts\/129312\/revisions"}],"wp:featuredmedia":[{"embeddable":true,"href":"https:\/\/www.europesays.com\/fi\/wp-json\/wp\/v2\/media\/129313"}],"wp:attachment":[{"href":"https:\/\/www.europesays.com\/fi\/wp-json\/wp\/v2\/media?parent=129312"}],"wp:term":[{"taxonomy":"category","embeddable":true,"href":"https:\/\/www.europesays.com\/fi\/wp-json\/wp\/v2\/categories?post=129312"},{"taxonomy":"post_tag","embeddable":true,"href":"https:\/\/www.europesays.com\/fi\/wp-json\/wp\/v2\/tags?post=129312"}],"curies":[{"name":"wp","href":"https:\/\/api.w.org\/{rel}","templated":true}]}}