{"id":129320,"date":"2025-12-30T21:17:08","date_gmt":"2025-12-30T21:17:08","guid":{"rendered":"https:\/\/www.europesays.com\/fi\/129320\/"},"modified":"2025-12-30T21:17:08","modified_gmt":"2025-12-30T21:17:08","slug":"john-f-kennedyn-lapsenlapsi-on-kuollut-35-vuotiaana","status":"publish","type":"post","link":"https:\/\/www.europesays.com\/fi\/129320\/","title":{"rendered":"John F. Kennedyn lapsenlapsi on kuollut 35 -vuotiaana"},"content":{"rendered":"<p>Yhdysvaltain entisen presidentin lapsenlapsi ilmoitti vasta marraskuussa sairastavansa parantumatonta sy\u00f6p\u00e4\u00e4.<\/p>\n<p><img decoding=\"async\" class=\"image image-show image-preview\" src=\"https:\/\/www.europesays.com\/fi\/wp-content\/uploads\/2025\/12\/5f79c4a0ebafb76cb09c04aa8d8a1a67b550397a8b5e1a3911d8e00407f4241b.jpg\" alt=\"\"\/><img decoding=\"async\" class=\"image image-show\" src=\"https:\/\/www.europesays.com\/fi\/wp-content\/uploads\/2025\/12\/1767129428_400_5f79c4a0ebafb76cb09c04aa8d8a1a67b550397a8b5e1a3911d8e00407f4241b.jpg\" alt=\"\"\/><\/p>\n<p>Tatiana Schlossberg kuvattuna syksyll\u00e4 2023. REUTERS <\/p>\n<p class=\"paragraph\">Ilmastotoimittaja ja Yhdysvaltain entisen presidentin <a href=\"https:\/\/www.iltalehti.fi\/henkilot\/John F. Kennedy\" class=\"article-link-person-page\" rel=\"nofollow noopener\" target=\"_blank\">John F. Kennedyn<\/a> lapsenlapsi <strong>Tatiana Schlossberg<\/strong> on menehtynyt 35-vuotiaana, <a href=\"https:\/\/www.nytimes.com\/2025\/12\/30\/us\/politics\/tatiana-schlossberg-dead.html\" target=\"_blank\" rel=\"noopener nofollow\">kertoo<\/a> yhdysvaltalaismedia The New York Times.<\/p>\n<p class=\"paragraph\">Schlossberg kertoi vasta marraskuussa New Yorker -lehdess\u00e4 julkaistussa esseess\u00e4 sairastavansa parantumatonta sy\u00f6p\u00e4\u00e4. Diagnoosin h\u00e4n sai jo toukokuussa 2024 samana p\u00e4iv\u00e4n\u00e4, kun h\u00e4n synnytti toisen lapsensa.<\/p>\n<p class=\"paragraph\">Sy\u00f6p\u00e4 oli akuutti myelooinen leukemia (AML). T\u00e4m\u00e4n lis\u00e4ksi Schlossbergilla todettiin inversio 3- niminen harvinainen kromosomimuutos.<\/p>\n<p class=\"paragraph\">John F. Kennedy Library Foundation <a href=\"https:\/\/www.instagram.com\/p\/DS5cxd6E2p_\/\" target=\"_blank\" rel=\"noopener nofollow\">ilmoitti<\/a> Schlossbergin kuolemasta Instagram-tilill\u00e4\u00e4n.<\/p>\n<p class=\"paragraph\">\u2013 Kaunis Tatianamme menehtyi t\u00e4n\u00e4 aamuna. H\u00e4n pysyy ikuisesti syd\u00e4miss\u00e4mme, julkaisussa lukee.<\/p>\n<p class=\"paragraph\">Schlossbergilla on kaksi lasta miehens\u00e4 <strong>George Moranin<\/strong> kanssa, 3-vuotais poika ja 1-vuotias tyt\u00e4r. Schlossbergin vanhemmat ovat entinen Yhdysvaltain suurl\u00e4hettil\u00e4s <a href=\"https:\/\/www.iltalehti.fi\/henkilot\/Caroline Kennedy\" class=\"article-link-person-page\" rel=\"nofollow noopener\" target=\"_blank\">Caroline Kennedy<\/a> ja suunnittelija <a href=\"https:\/\/www.iltalehti.fi\/henkilot\/John Schlossberg\" class=\"article-link-person-page\" rel=\"nofollow noopener\" target=\"_blank\">Edwin Schlossberg<\/a>.<\/p>\n<p><script async src=\"\/\/www.instagram.com\/embed.js\"><\/script><\/p>\n","protected":false},"excerpt":{"rendered":"Yhdysvaltain entisen presidentin lapsenlapsi ilmoitti vasta marraskuussa sairastavansa parantumatonta sy\u00f6p\u00e4\u00e4. Tatiana Schlossberg kuvattuna syksyll\u00e4 2023. REUTERS Ilmastotoimittaja ja&hellip;\n","protected":false},"author":2,"featured_media":129321,"comment_status":"","ping_status":"","sticky":false,"template":"","format":"standard","meta":{"footnotes":""},"categories":[14],"tags":[35,22,23,26,27,33,31,30,17,99,24,25,28,29,15,18,21,98,142,637,32,19,20,56,16,59,60,61,143],"class_list":{"0":"post-129320","1":"post","2":"type-post","3":"status-publish","4":"format-standard","5":"has-post-thumbnail","7":"category-ulkomaat","8":"tag-24h","9":"tag-breaking-news","10":"tag-breakingnews","11":"tag-featured-news","12":"tag-featurednews","13":"tag-fi","14":"tag-finland","15":"tag-finnish","16":"tag-headlines","17":"tag-lapset","18":"tag-latest-news","19":"tag-latestnews","20":"tag-main-news","21":"tag-mainnews","22":"tag-news","23":"tag-otsikot","24":"tag-paauutiset","25":"tag-perhe","26":"tag-poliitikot","27":"tag-politiikka","28":"tag-suomi","29":"tag-top-stories","30":"tag-topstories","31":"tag-ulkomaat","32":"tag-uutiset","33":"tag-world","34":"tag-world-news","35":"tag-worldnews","36":"tag-yhdysvaltain-politiikka"},"share_on_mastodon":{"url":"https:\/\/pubeurope.com\/@fi\/115810601877009498","error":""},"_links":{"self":[{"href":"https:\/\/www.europesays.com\/fi\/wp-json\/wp\/v2\/posts\/129320","targetHints":{"allow":["GET"]}}],"collection":[{"href":"https:\/\/www.europesays.com\/fi\/wp-json\/wp\/v2\/posts"}],"about":[{"href":"https:\/\/www.europesays.com\/fi\/wp-json\/wp\/v2\/types\/post"}],"author":[{"embeddable":true,"href":"https:\/\/www.europesays.com\/fi\/wp-json\/wp\/v2\/users\/2"}],"replies":[{"embeddable":true,"href":"https:\/\/www.europesays.com\/fi\/wp-json\/wp\/v2\/comments?post=129320"}],"version-history":[{"count":0,"href":"https:\/\/www.europesays.com\/fi\/wp-json\/wp\/v2\/posts\/129320\/revisions"}],"wp:featuredmedia":[{"embeddable":true,"href":"https:\/\/www.europesays.com\/fi\/wp-json\/wp\/v2\/media\/129321"}],"wp:attachment":[{"href":"https:\/\/www.europesays.com\/fi\/wp-json\/wp\/v2\/media?parent=129320"}],"wp:term":[{"taxonomy":"category","embeddable":true,"href":"https:\/\/www.europesays.com\/fi\/wp-json\/wp\/v2\/categories?post=129320"},{"taxonomy":"post_tag","embeddable":true,"href":"https:\/\/www.europesays.com\/fi\/wp-json\/wp\/v2\/tags?post=129320"}],"curies":[{"name":"wp","href":"https:\/\/api.w.org\/{rel}","templated":true}]}}