{"id":129324,"date":"2025-12-30T21:19:08","date_gmt":"2025-12-30T21:19:08","guid":{"rendered":"https:\/\/www.europesays.com\/fi\/129324\/"},"modified":"2025-12-30T21:19:08","modified_gmt":"2025-12-30T21:19:08","slug":"nyt-sai-riittaa-seitseman-hiihtajaa-ulos-tour-de-skilta","status":"publish","type":"post","link":"https:\/\/www.europesays.com\/fi\/129324\/","title":{"rendered":"Nyt sai riitt\u00e4\u00e4: seitsem\u00e4n hiiht\u00e4j\u00e4\u00e4 ulos Tour de Skilt\u00e4"},"content":{"rendered":"<p>V\u00e4ki v\u00e4henee Tourilla.<\/p>\n<p class=\"article-body mb-nof-24 px-nof-16\">Tour de Skin kolmas etappi kilpaillaan uudenvuodenaattona eli keskiviikkona, jolloin vuorossa on uusi viiden kilometrin er\u00e4yhteisl\u00e4ht\u00f6kisa.<\/p>\n<p class=\"article-body mb-nof-24 px-nof-16\">Kaikki Tourilla aloittaneet hiiht\u00e4j\u00e4t eiv\u00e4t kuitenkaan en\u00e4\u00e4 ole mukana, kun kiertue jatkuu.<\/p>\n<p class=\"article-body mb-nof-24 px-nof-16\">Seitsem\u00e4n kilpailijaa ei saa en\u00e4\u00e4 kilpailla Tourilla, kertoo muun muassa <a class=\"underline underline-offset-[0.12em] [text-decoration-thickness:var(--generic-link-underline-thickness)] [text-decoration-color:var(--generic-link-underline-color)] [text-decoration-skip-ink:var(--generic-link-underline-skip-ink)] break-words\" href=\"https:\/\/www.expressen.se\/sport\/langdskidor\/sju-akare-kastas-ut-fran-tour-de-ski\/\" rel=\"nofollow noopener\" target=\"_blank\">Expressen<\/a>.<\/p>\n<p class=\"article-body mb-nof-24 px-nof-16\">T\u00e4m\u00e4 on seurausta siit\u00e4, etteiv\u00e4t he hiiht\u00e4neet tarpeeksi nopeaa vauhtia maanantain etapilla. S\u00e4\u00e4nt\u00f6jen mukaan kilpailijat saavat olla maksimissaan vain 20 prosenttia Tourin kokonaiskilpailun johtajaa hitaampia.<\/p>\n<p class=\"article-body mb-nof-24 px-nof-16\">Kansainv\u00e4linen hiihtoliitto Fis on siis passittanut seitsem\u00e4n miest\u00e4 kotiin. He ovat <a class=\"font-bold underline-offset-[0.12em] [text-decoration:var(--person-link-text-decoration)] ![text-decoration-color:var(--person-link-text-decoration-color)]\" href=\"https:\/\/www.is.fi\/haku\/?query=Stevenson%20Savart\" rel=\"nofollow noopener\" target=\"_blank\">Stevenson Savart<\/a>, <a class=\"font-bold underline-offset-[0.12em] [text-decoration:var(--person-link-text-decoration)] ![text-decoration-color:var(--person-link-text-decoration-color)]\" href=\"https:\/\/www.is.fi\/haku\/?query=Milos%20Milosavljevic\" rel=\"nofollow noopener\" target=\"_blank\">Milos Milosavljevic<\/a>, <a class=\"font-bold underline-offset-[0.12em] [text-decoration:var(--person-link-text-decoration)] ![text-decoration-color:var(--person-link-text-decoration-color)]\" href=\"https:\/\/www.is.fi\/haku\/?query=Mark%20Chanloung\" rel=\"nofollow noopener\" target=\"_blank\">Mark Chanloung<\/a>, <a class=\"font-bold underline-offset-[0.12em] [text-decoration:var(--person-link-text-decoration)] ![text-decoration-color:var(--person-link-text-decoration-color)]\" href=\"https:\/\/www.is.fi\/haku\/?query=Fredrik%20Fodstad\" rel=\"nofollow noopener\" target=\"_blank\">Fredrik Fodstad<\/a>, <a class=\"font-bold underline-offset-[0.12em] [text-decoration:var(--person-link-text-decoration)] ![text-decoration-color:var(--person-link-text-decoration-color)]\" href=\"https:\/\/www.is.fi\/haku\/?query=Jachym%20Cenek\" rel=\"nofollow noopener\" target=\"_blank\">Jachym Cenek<\/a>, <a class=\"font-bold underline-offset-[0.12em] [text-decoration:var(--person-link-text-decoration)] ![text-decoration-color:var(--person-link-text-decoration-color)]\" href=\"https:\/\/www.is.fi\/haku\/?query=Andri%20Dotsenko\" rel=\"nofollow noopener\" target=\"_blank\">Andri Dotsenko<\/a> ja<a class=\"font-bold underline-offset-[0.12em] [text-decoration:var(--person-link-text-decoration)] ![text-decoration-color:var(--person-link-text-decoration-color)]\" href=\"https:\/\/www.is.fi\/haku\/?query=%20Karl%20Sebastian%20Dremljunga\" rel=\"nofollow noopener\" target=\"_blank\"> Karl Sebastian Dremljunga<\/a>.<\/p>\n<p class=\"article-body mb-nof-24 px-nof-16\">My\u00f6s loukkaantumiset ja sairastelut ovat karsineet kilpailijoiden joukkoa. Expressenin mukaan 121 miehest\u00e4 ja 90 naisesta j\u00e4ljell\u00e4 on kaikkeaan en\u00e4\u00e4 102 ja 82.<\/p>\n<p class=\"article-body mb-nof-24 px-nof-16\">Keskiviikko on mielenkiintoinen p\u00e4iv\u00e4 Tourilla, sill\u00e4 edes hiiht\u00e4jill\u00e4 itsell\u00e4\u00e4n ei ole hajua siit\u00e4, milt\u00e4 viiden kilometrin yhteisl\u00e4ht\u00f6 er\u00e4jaoilla voi n\u00e4ytt\u00e4\u00e4.<\/p>\n<p class=\"article-body mb-nof-24 px-nof-16\">Hiiht\u00e4j\u00e4t jaetaan noin 20\u201325:n eriin kokonaistilanteen perusteella niin, ett\u00e4 kiertueen k\u00e4rkinelikko on eri eriss\u00e4. Jako jatkuu siit\u00e4 eteenp\u00e4in nelj\u00e4n v\u00e4lein \u2013 tai niin monen kuin eri\u00e4 on.<\/p>\n<p><img decoding=\"async\" src=\"https:\/\/www.europesays.com\/fi\/wp-content\/uploads\/2025\/12\/1767129548_587_468.jpg\" alt=\"Kerttu Niskanen p\u00e4ivitteli uutta kisamuotoa.\" class=\"_Img_1rerz_1\" style=\"aspect-ratio:1.7777777777777777\" loading=\"eager\"\/><\/p>\n<p class=\"article-picture-caption\">Kerttu Niskanen p\u00e4ivitteli uutta kisamuotoa. Kuva:\u00a0Antti H\u00e4m\u00e4l\u00e4inen\/IS<\/p>\n<p class=\"article-body mb-nof-24 px-nof-16\">Erien v\u00e4lill\u00e4 on noin viiden minuutin tauko.<\/p>\n<p class=\"article-body mb-nof-24 px-nof-16\">\u2013 Saa n\u00e4hd\u00e4, miten se kisamuoto edes onnistuu. En todellakaan ole n\u00e4hnyt t\u00e4llaista ennen, <a class=\"font-bold underline-offset-[0.12em] [text-decoration:var(--person-link-text-decoration)] ![text-decoration-color:var(--person-link-text-decoration-color)]\" href=\"https:\/\/www.is.fi\/haku\/?query=Kerttu%20Niskanen\" rel=\"nofollow noopener\" target=\"_blank\">Kerttu Niskanen <\/a>p\u00e4ivitteli asiaa tiistaina.<\/p>\n<p class=\"article-body mb-nof-24 px-nof-16\">Kisan voittajaksi kruunataan se, jolla on kaikki er\u00e4t mukaan luettuna nopein aika.<\/p>\n<p class=\"article-body mb-nof-24 px-nof-16\">\u2013 Tuo on varmasti ihan mielenkiintoinen kisa, mutta vaikka voittaisit oman er\u00e4si, voit silti olla lopputuloksissa 20:s, <a class=\"font-bold underline-offset-[0.12em] [text-decoration:var(--person-link-text-decoration)] ![text-decoration-color:var(--person-link-text-decoration-color)]\" href=\"https:\/\/www.is.fi\/haku\/?query=Iivo%20Niskanen\" rel=\"nofollow noopener\" target=\"_blank\">Iivo Niskanen <\/a>huomauttaa.<\/p>\n","protected":false},"excerpt":{"rendered":"V\u00e4ki v\u00e4henee Tourilla. Tour de Skin kolmas etappi kilpaillaan uudenvuodenaattona eli keskiviikkona, jolloin vuorossa on uusi viiden kilometrin&hellip;\n","protected":false},"author":2,"featured_media":129325,"comment_status":"","ping_status":"","sticky":false,"template":"","format":"standard","meta":{"footnotes":""},"categories":[5],"tags":[22,23,26,27,33,31,30,17,34,24,25,28,29,15,18,21,32,19,20,16],"class_list":{"0":"post-129324","1":"post","2":"type-post","3":"status-publish","4":"format-standard","5":"has-post-thumbnail","7":"category-otsikot","8":"tag-breaking-news","9":"tag-breakingnews","10":"tag-featured-news","11":"tag-featurednews","12":"tag-fi","13":"tag-finland","14":"tag-finnish","15":"tag-headlines","16":"tag-ilta-sanomat","17":"tag-latest-news","18":"tag-latestnews","19":"tag-main-news","20":"tag-mainnews","21":"tag-news","22":"tag-otsikot","23":"tag-paauutiset","24":"tag-suomi","25":"tag-top-stories","26":"tag-topstories","27":"tag-uutiset"},"share_on_mastodon":{"url":"https:\/\/pubeurope.com\/@fi\/115810609600575089","error":""},"_links":{"self":[{"href":"https:\/\/www.europesays.com\/fi\/wp-json\/wp\/v2\/posts\/129324","targetHints":{"allow":["GET"]}}],"collection":[{"href":"https:\/\/www.europesays.com\/fi\/wp-json\/wp\/v2\/posts"}],"about":[{"href":"https:\/\/www.europesays.com\/fi\/wp-json\/wp\/v2\/types\/post"}],"author":[{"embeddable":true,"href":"https:\/\/www.europesays.com\/fi\/wp-json\/wp\/v2\/users\/2"}],"replies":[{"embeddable":true,"href":"https:\/\/www.europesays.com\/fi\/wp-json\/wp\/v2\/comments?post=129324"}],"version-history":[{"count":0,"href":"https:\/\/www.europesays.com\/fi\/wp-json\/wp\/v2\/posts\/129324\/revisions"}],"wp:featuredmedia":[{"embeddable":true,"href":"https:\/\/www.europesays.com\/fi\/wp-json\/wp\/v2\/media\/129325"}],"wp:attachment":[{"href":"https:\/\/www.europesays.com\/fi\/wp-json\/wp\/v2\/media?parent=129324"}],"wp:term":[{"taxonomy":"category","embeddable":true,"href":"https:\/\/www.europesays.com\/fi\/wp-json\/wp\/v2\/categories?post=129324"},{"taxonomy":"post_tag","embeddable":true,"href":"https:\/\/www.europesays.com\/fi\/wp-json\/wp\/v2\/tags?post=129324"}],"curies":[{"name":"wp","href":"https:\/\/api.w.org\/{rel}","templated":true}]}}