{"id":129326,"date":"2025-12-30T21:31:09","date_gmt":"2025-12-30T21:31:09","guid":{"rendered":"https:\/\/www.europesays.com\/fi\/129326\/"},"modified":"2025-12-30T21:31:09","modified_gmt":"2025-12-30T21:31:09","slug":"pate-mustajarvea-esittava-kuva-herattaa-kritiikkia-ihan-oikeasti","status":"publish","type":"post","link":"https:\/\/www.europesays.com\/fi\/129326\/","title":{"rendered":"Pate Mustaj\u00e4rve\u00e4 esitt\u00e4v\u00e4 kuva her\u00e4tt\u00e4\u00e4 kritiikki\u00e4: \u201dIhan oikeasti\u201d"},"content":{"rendered":"<p>Pate Mustaj\u00e4rvest\u00e4 tehty graffititeos ei ole kaikkien suomalaisten mieleen.<\/p>\n<p><img decoding=\"async\" class=\"image image-show image-preview\" src=\"https:\/\/www.europesays.com\/fi\/wp-content\/uploads\/2025\/12\/c6c5d319e06e65e0e8de2fce2189f418f4332b511bf9ab7b820b4f57734a393c.jpg\" alt=\"\"\/><img decoding=\"async\" class=\"image image-show\" src=\"https:\/\/www.europesays.com\/fi\/wp-content\/uploads\/2025\/12\/1767130269_193_c6c5d319e06e65e0e8de2fce2189f418f4332b511bf9ab7b820b4f57734a393c.jpg\" alt=\"\"\/><\/p>\n<p>Pate Mustaj\u00e4rvi muistetaan erityisesti Popedasta. MIKKO HUISKO<\/p>\n<p class=\"paragraph\">Vastik\u00e4\u00e4n kuolleesta muusikosta <strong>Pauli \u201dPate\u201d Mustaj\u00e4rvest\u00e4<\/strong> on tehty graffititeos Keravalle.<\/p>\n<p class=\"paragraph\">Maalauksessa on mustavalkoinen kuva Mustaj\u00e4rvest\u00e4. Muusikon takana on ukkometso, kallio ja kirjoitus h\u00e4nen elinvuosistaan 1956\u20132025.<\/p>\n<p class=\"paragraph\">Maalauksesta on julkaistu kuva muun muassa <a href=\"https:\/\/www.facebook.com\/groups\/345330782266533\/?multi_permalinks=3859433534189556&amp;hoisted_section_header_type=recently_seen&amp;locale=fi_FI\" target=\"_blank\" rel=\"noopener nofollow\">Keravalaiset tiedottaa -Facebook-ryhm\u00e4ss\u00e4<\/a>. My\u00f6s teoksen allekirjoittanut graffititaiteilija <strong>Don Poro<\/strong> on julkaissut videon muotokuvan synnyst\u00e4 <a href=\"https:\/\/www.instagram.com\/p\/DS2Cjq1Df2W\/\" target=\"_blank\" rel=\"noopener nofollow\">Instagram<\/a>-tilill\u00e4\u00e4n.<\/p>\n<p class=\"paragraph\">Mik\u00e4li linkki ei n\u00e4y, voit katsoa julkaisun <a href=\"https:\/\/www.instagram.com\/p\/DS2Cjq1Df2W\/\" target=\"_blank\" rel=\"noopener nofollow\">t\u00e4\u00e4lt\u00e4<\/a>.<\/p>\n<p class=\"paragraph\">Teos jakaa mielipiteit\u00e4 sosiaalisessa mediassa. Jotkut pit\u00e4v\u00e4t muotokuvasta.<\/p>\n<p class=\"paragraph\">\u2013 Upea! Hienoa, ett\u00e4 Keravalla k\u00e4y vierailevia taiteilijoita. Kiitos Don Poro!<\/p>\n<p class=\"paragraph\">\u2013 Aivan mahtava.<\/p>\n<p class=\"paragraph\">\u2013 No nyt! Ollut aikamoisia sotkuja tuossa. T\u00e4m\u00e4 on hieno!<\/p>\n<p class=\"paragraph\">\u2013 Kova.<\/p>\n<p>Pate Mustaj\u00e4rve\u00e4 esitt\u00e4v\u00e4 teos jakaa mielipiteit\u00e4 somessa. MIKKO HUISKO<\/p>\n<p class=\"paragraph\">Osan mielest\u00e4 teos ei muistuta lainkaan Mustaj\u00e4rve\u00e4.<\/p>\n<p class=\"paragraph\">\u2013 Kuka tuossa kuvassa on? Ei kyll\u00e4 ole Paten n\u00e4k\u00f6inen.<\/p>\n<p class=\"paragraph\">\u2013 Olisi toki voinut n\u00e4k\u00f6isenkin tehd\u00e4?<\/p>\n<p class=\"paragraph\">\u2013 Olen n\u00e4hnyt upeita teoksia, mutta ihan oikeasti t\u00e4m\u00e4 kuva ei tuo mieleen Patea. Kuvahan sin\u00e4ll\u00e4\u00e4n on hieno, mutta miss\u00e4 Pate?<\/p>\n<p class=\"paragraph\">\u2013 Katsoin ensin, ett\u00e4 joku <strong>Steven Seagal<\/strong> -graffiti.<\/p>\n<p class=\"paragraph\">\u2013 Enemm\u00e4n toi n\u00e4ytt\u00e4\u00e4 t\u00e4n p\u00e4iv\u00e4n <strong>Freddie Mercurylta<\/strong>.<\/p>\n<p class=\"paragraph\">Mustaj\u00e4rvi <a href=\"https:\/\/www.iltalehti.fi\/viihdeuutiset\/e2085667-10e3-4792-9a7d-a889b7b2f509\" rel=\"nofollow noopener\" target=\"_blank\">kuoli <\/a>69-vuotiaana 26. joulukuuta. Kuolinsyyt\u00e4 ei ole julkistettu, mutta muusikko kertoi lokakuussa, ett\u00e4 h\u00e4nelt\u00e4 on l\u00f6ydetty kasvain.<\/p>\n<p><script async src=\"\/\/www.instagram.com\/embed.js\"><\/script><\/p>\n","protected":false},"excerpt":{"rendered":"Pate Mustaj\u00e4rvest\u00e4 tehty graffititeos ei ole kaikkien suomalaisten mieleen. Pate Mustaj\u00e4rvi muistetaan erityisesti Popedasta. MIKKO HUISKO Vastik\u00e4\u00e4n kuolleesta&hellip;\n","protected":false},"author":2,"featured_media":129327,"comment_status":"","ping_status":"","sticky":false,"template":"","format":"standard","meta":{"footnotes":""},"categories":[136],"tags":[35,138,407,137,33,31,30,408,763,47,141,32,397,484,109],"class_list":{"0":"post-129326","1":"post","2":"type-post","3":"status-publish","4":"format-standard","5":"has-post-thumbnail","7":"category-julkkikset","8":"tag-24h","9":"tag-audio","10":"tag-celebrities","11":"tag-entertainment","12":"tag-fi","13":"tag-finland","14":"tag-finnish","15":"tag-julkkikset","16":"tag-kulttuuri-ja-viihde","17":"tag-musiikki","18":"tag-muusikot-bandit","19":"tag-suomi","20":"tag-taide","21":"tag-taiteellinen-ilmaisu-ja-mediat","22":"tag-viihde"},"share_on_mastodon":{"url":"https:\/\/pubeurope.com\/@fi\/115810656815513091","error":""},"_links":{"self":[{"href":"https:\/\/www.europesays.com\/fi\/wp-json\/wp\/v2\/posts\/129326","targetHints":{"allow":["GET"]}}],"collection":[{"href":"https:\/\/www.europesays.com\/fi\/wp-json\/wp\/v2\/posts"}],"about":[{"href":"https:\/\/www.europesays.com\/fi\/wp-json\/wp\/v2\/types\/post"}],"author":[{"embeddable":true,"href":"https:\/\/www.europesays.com\/fi\/wp-json\/wp\/v2\/users\/2"}],"replies":[{"embeddable":true,"href":"https:\/\/www.europesays.com\/fi\/wp-json\/wp\/v2\/comments?post=129326"}],"version-history":[{"count":0,"href":"https:\/\/www.europesays.com\/fi\/wp-json\/wp\/v2\/posts\/129326\/revisions"}],"wp:featuredmedia":[{"embeddable":true,"href":"https:\/\/www.europesays.com\/fi\/wp-json\/wp\/v2\/media\/129327"}],"wp:attachment":[{"href":"https:\/\/www.europesays.com\/fi\/wp-json\/wp\/v2\/media?parent=129326"}],"wp:term":[{"taxonomy":"category","embeddable":true,"href":"https:\/\/www.europesays.com\/fi\/wp-json\/wp\/v2\/categories?post=129326"},{"taxonomy":"post_tag","embeddable":true,"href":"https:\/\/www.europesays.com\/fi\/wp-json\/wp\/v2\/tags?post=129326"}],"curies":[{"name":"wp","href":"https:\/\/api.w.org\/{rel}","templated":true}]}}