{"id":129330,"date":"2025-12-30T21:40:11","date_gmt":"2025-12-30T21:40:11","guid":{"rendered":"https:\/\/www.europesays.com\/fi\/129330\/"},"modified":"2025-12-30T21:40:11","modified_gmt":"2025-12-30T21:40:11","slug":"valosaaste-on-tahtibongarin-riesa-suomen-paras-paikka-loytyy-kansallispuiston-laidalta-uutiset-kotimaasta-ja-maailmalta","status":"publish","type":"post","link":"https:\/\/www.europesays.com\/fi\/129330\/","title":{"rendered":"Valosaaste on t\u00e4htibongarin riesa \u2013 Suomen paras paikka l\u00f6ytyy kansallispuiston laidalta &#8211; Uutiset kotimaasta ja maailmalta"},"content":{"rendered":"<p>Tutkittava ei lopu taivaankannen tarkkailijalta, sill\u00e4 t\u00e4hti\u00e4 arvioidaan olevan maailmankaikkeudessa yht\u00e4 paljon kuin hiekanjyv\u00e4si\u00e4 kaikilla maailman hiekkarannoilla.<\/p>\n<p><a class=\"ArticleImage_imageContainer__e0EST\" href=\"https:\/\/www.europesays.com\/fi\/wp-content\/uploads\/2025\/12\/_3ggyXvTsL_BslUGmKrXJdQuZTk.jpg\"><img decoding=\"async\" src=\"https:\/\/www.europesays.com\/fi\/wp-content\/uploads\/2025\/12\/_3ggyXvTsL_BslUGmKrXJdQuZTk.jpg\" alt=\"Kamera on vanginnut t\u00e4hdet taivaalta Yll\u00e4ksell\u00e4, vaikka laskettelukeskuksen valonkajo peitt\u00e4\u00e4 niist\u00e4 osan.\" loading=\"lazy\"\/><\/a><\/p>\n<p>Kamera on vanginnut t\u00e4hdet taivaalta Yll\u00e4ksell\u00e4, vaikka laskettelukeskuksen valonkajo peitt\u00e4\u00e4 niist\u00e4 osan.\u00a0Kuva: Juho Rahkonen<\/p>\n<p class=\"RichTextParagraph_richTextParagraph__Wxs3t undefined\">K\u00e4sill\u00e4 oleva pime\u00e4 vuodenaika on t\u00e4htitieteen harrastajille parasta aikaa, joskin alkutalven s\u00e4\u00e4t tekev\u00e4t toisinaan tarkkailulle tepposet.<\/p>\n<p class=\"RichTextParagraph_richTextParagraph__Wxs3t undefined\">\u201dMuutama vuosi sitten jouduimme perumaan kaikki syyskauden t\u00e4htin\u00e4yt\u00f6kset t\u00e4htitornilla, kun lokakuun puoliv\u00e4list\u00e4 aina joulukuun puoliv\u00e4liin taivas oli joka ilta pilvess\u00e4\u201d, T\u00e4htitieteellinen yhdistys Ursan asiantuntija <strong id=\"strong-66f07f2085d79c029f0820ed2bc20e79\">Anne Liljestr\u00f6m<\/strong> sanoo.<\/p>\n<p class=\"RichTextParagraph_richTextParagraph__Wxs3t undefined\">Otollista aikaa taivaankannen tarkkailulle on usein syys-lokakuu. Vuodenvaihdetta kohti pilvipeite yh\u00e4 useammin k\u00e4tkee taivaan. Kun syd\u00e4ntalvi sel\u00e4tet\u00e4\u00e4n, aloittavat helmikuun kirkkaat, pime\u00e4t pakkasy\u00f6t avaavat taivaankappaleiden havainnoille hyv\u00e4n jakson. Sit\u00e4 kest\u00e4\u00e4 aina kev\u00e4\u00e4n vaaleiden kev\u00e4t\u00f6iden tuloon.<\/p>\n<p class=\"RichTextParagraph_richTextParagraph__Wxs3t undefined\">\u201dEtel\u00e4ss\u00e4 toukokuun alussa alkaa jo olla mahdotonta havaita syv\u00e4n taivaan kohteita lis\u00e4\u00e4ntyneen auringon valon vuoksi\u201d.<\/p>\n<p class=\"RichTextParagraph_richTextParagraph__Wxs3t undefined\">Taivaankannessa riitt\u00e4\u00e4 tutkittavaa loputtomiin. Mittakaava on astronominen.<\/p>\n<p class=\"RichTextParagraph_richTextParagraph__Wxs3t undefined\">\u201dKukaan ei tied\u00e4 kuinka paljon t\u00e4hti\u00e4 on, eik\u00e4 niit\u00e4 ole laskettu. Er\u00e4\u00e4ss\u00e4 tutkimuksessa arvioitiin, ett\u00e4 t\u00e4hti\u00e4 voisi olla maailmankaikkeudessa yht\u00e4 paljon kuin hiekanjyvi\u00e4 maailman kaikilla hiekkarannoilla eli kvadriljoona kappaletta\u201d.<\/p>\n<p class=\"RichTextParagraph_richTextParagraph__Wxs3t undefined\">Luvussa on 24 nollaa per\u00e4kk\u00e4in ja silti todellinen luku voi olla suurempi.<\/p>\n<p class=\"RichTextParagraph_richTextParagraph__Wxs3t undefined\">\u201dEmme esimerkiksi tied\u00e4, onko maailmankaikkeus \u00e4\u00e4rellinen vai \u00e4\u00e4ret\u00f6n\u201d.<\/p>\n<p class=\"Blockquote_text___ueE4\">\u201dParas paikka l\u00f6ytyy Lemmenjoen kansallispuiston pohjoispuolelta, huonoimmat taas N\u00e4rpi\u00f6n seudulta.\u201d<\/p>\n<p>Anne Liljestr\u00f6m<\/p>\n<p class=\"RichTextParagraph_richTextParagraph__Wxs3t undefined\">Paljain silmin taivalla voi n\u00e4hd\u00e4 kerralla tuhatkunta tai kaksi jopa kaksi tuhatta t\u00e4hte\u00e4 havaintopaikasta, paikka tai valosaasteen m\u00e4\u00e4r\u00e4 ratkaisevat. Suomessa parhaat t\u00e4hyilypaikat l\u00f6ytyv\u00e4t it\u00e4rajan tuntumasta, Suomensel\u00e4n alueelta ja aivan pohjoisesta.<\/p>\n<p><a class=\"ArticleImage_imageContainer__e0EST\" href=\"https:\/\/www.europesays.com\/fi\/wp-content\/uploads\/2025\/12\/wEAR4LOdTIxZRaFJVHRnMhBpVvM.png\"><img decoding=\"async\" src=\"https:\/\/www.europesays.com\/fi\/wp-content\/uploads\/2025\/12\/wEAR4LOdTIxZRaFJVHRnMhBpVvM.png\" alt=\"Ihmisen tuottama valo n\u00e4kyy hyvin avaruuteen. Kuvassa satelliittikuvien perusteella laadittu Light Pollution Atlaksen kuva valosaasteesta Suomen yl\u00e4puolelta.\" loading=\"lazy\"\/><\/a><\/p>\n<p>Ihmisen tuottama valo n\u00e4kyy hyvin avaruuteen. Kuvassa satelliittikuvien perusteella laadittu Light Pollution Atlaksen kuva valosaasteesta Suomen yl\u00e4puolelta.\u00a0<\/p>\n<p class=\"RichTextParagraph_richTextParagraph__Wxs3t undefined\">\u201dHavaintojeni mukaan paras paikka l\u00f6ytyy Lemmenjoen kansallispuiston pohjoispuolelta, huonoimmat taas N\u00e4rpi\u00f6n seudulta, miss\u00e4 kasvihuoneiden valaistus vaikuttaa laajalle\u201d.<\/p>\n<p class=\"RichTextParagraph_richTextParagraph__Wxs3t undefined\">Suurten kaupunkien, vaikkapa Helsingin helmoissa voi valosaasteesta huolimatta tehd\u00e4 kelvollisia havaintoja. Liljestr\u00f6min mukaan Linnunradan t\u00e4htitihentym\u00e4n voi havaita niinkin l\u00e4helt\u00e4 kaupunkia kuin Suomenlinnasta.<\/p>\n<p class=\"RichTextParagraph_richTextParagraph__Wxs3t undefined\">Valosaasteen m\u00e4\u00e4r\u00e4\u00e4 ja levi\u00e4mist\u00e4 omassa tarkkailuymp\u00e4rist\u00f6ss\u00e4 voi tutkia netiss\u00e4 olevista lukuisista sovellutuksista, kuten <a href=\"https:\/\/djlorenz.github.io\/astronomy\/lp\/overlay\/dark.html\" id=\"link-0d5ea35046c7607f4dc3c5e0430e5b53\" rel=\"nofollow noopener\" target=\"_blank\">Light Pollution Atlaksesta <\/a>tai <a href=\"https:\/\/www.taivaanvahti.fi\/locations\/browse\/map\" id=\"link-3828c9c7462afa6242f35700fb9bdb92\" rel=\"nofollow noopener\" target=\"_blank\">Ursan taivaanvahti<\/a>&#8211; sivustolta.<\/p>\n<p class=\"RichTextParagraph_richTextParagraph__Wxs3t undefined\">Valon m\u00e4\u00e4r\u00e4n lis\u00e4\u00e4ntyminen tekee kev\u00e4tt\u00e4 kohti t\u00e4htitaivaan havaitsemisen mahdottomaksi, mutta ei est\u00e4 muiden kiehtovien taivaan ilmi\u00f6iden, kuten valaisevien y\u00f6- ja helmi\u00e4ispilvien tutkimista. <\/p>\n<p class=\"RichTextParagraph_richTextParagraph__Wxs3t undefined\">Ilmakeh\u00e4n j\u00e4\u00e4kiteiden heijastamat valokaaret ja pilarit eli haloilmi\u00f6t tarjoavat varsinkin esiintymisen\u00e4 huippuaikana huhtikuussa henke\u00e4salpaavia valoleikkej\u00e4. Erilaisia halomuotoja tunnetaan t\u00e4n\u00e4 p\u00e4iv\u00e4n\u00e4 jo yli 70.  Kaikkia tuskin on viel\u00e4 edes l\u00f6ydetty, mik\u00e4 tuo haloilmi\u00f6iden bongaamiseen mielenkiintoa.<\/p>\n<p><a class=\"ArticleImage_imageContainer__e0EST\" href=\"https:\/\/www.europesays.com\/fi\/wp-content\/uploads\/2025\/12\/vJWU4Dm9PVUGTDWhs7RLLo09ib4.jpg\"><img decoding=\"async\" src=\"https:\/\/www.europesays.com\/fi\/wp-content\/uploads\/2025\/12\/vJWU4Dm9PVUGTDWhs7RLLo09ib4.jpg\" alt=\"Haloilmi\u00f6 on loihtinut sivuauringot ja halorenkaan talviselle taivalle.\" loading=\"lazy\"\/><\/a><\/p>\n<p>Haloilmi\u00f6 on loihtinut sivuauringot ja halorenkaan talviselle taivalle.\u00a0Kuva: Erkki Makkonen<\/p>\n<p class=\"RichTextParagraph_richTextParagraph__Wxs3t undefined\">T\u00e4htien harrastamiseen kannattaa Liljestr\u00f6min mukaan l\u00e4hte\u00e4 liikkeelle varovasti, eik\u00e4 suin p\u00e4in rynn\u00e4t\u00e4 kaukoputkiostoksille.<\/p>\n<p class=\"RichTextParagraph_richTextParagraph__Wxs3t undefined\">\u201dIhan alkuun voi menn\u00e4 ulos ja ihan rauhassa alkaa katsella t\u00e4hti\u00e4 ilman, ett\u00e4 yritt\u00e4\u00e4 l\u00f6yt\u00e4\u00e4 hakea jotain kuviota\u201d.<\/p>\n<p class=\"RichTextParagraph_richTextParagraph__Wxs3t undefined\">Ensimm\u00e4isten joukossa hahmottuu Otavan kuvio ja kohta ehk\u00e4 Pohjant\u00e4hti. Sitten taivaalta alkaa l\u00f6yty\u00e4 planeettoja. <\/p>\n<p class=\"RichTextParagraph_richTextParagraph__Wxs3t undefined\">Seuraavaksi voi harkita kiikarin ostamista, joka avaa jo melkoisesti enemm\u00e4n n\u00e4kymi\u00e4. Ei kuitenkaan aivan halvinta mallia, joiden optiikan mahdolliset v\u00e4rivirheet voivat sotkea n\u00e4kym\u00e4\u00e4. Kaukoputken k\u00e4ytt\u00e4minen on mukavinta paikalla, josta  vaivalla haluttuun kohteeseen kerran suunnattua putkea ei tarvitse siirt\u00e4\u00e4 ainakaan kovin kauas.<\/p>\n<p class=\"RichTextParagraph_richTextParagraph__Wxs3t undefined\">T\u00e4htitaivaan katselemisen kokemus on sama sukupolvesta toiseen. Sit\u00e4 on tutkittukin eri aikoina ja kulttuureissa.<\/p>\n<p class=\"RichTextParagraph_richTextParagraph__Wxs3t undefined\">\u201dIhmisten kokemuksia yhdist\u00e4\u00e4 tunne, jossa ollaan tekemisiss\u00e4 itse\u00e4\u00e4n suuremman kanssa\u201d.<\/p>\n<p class=\"RichTextParagraph_richTextParagraph__Wxs3t undefined\">Ammoisina aikoina taivaankappaleiden vaellus yhdistettiin jumalten liikkeisiin. Vaikka nykyihminen ymm\u00e4rt\u00e4\u00e4 t\u00e4hdist\u00e4 ja planeetoista paljon esivanhempiaan enemm\u00e4n, t\u00e4htitaivas vet\u00e4\u00e4 yh\u00e4 ihmisen huomiota puoleensa.<\/p>\n","protected":false},"excerpt":{"rendered":"Tutkittava ei lopu taivaankannen tarkkailijalta, sill\u00e4 t\u00e4hti\u00e4 arvioidaan olevan maailmankaikkeudessa yht\u00e4 paljon kuin hiekanjyv\u00e4si\u00e4 kaikilla maailman hiekkarannoilla. Kamera&hellip;\n","protected":false},"author":2,"featured_media":129331,"comment_status":"","ping_status":"","sticky":false,"template":"","format":"standard","meta":{"footnotes":""},"categories":[112],"tags":[33,31,30,118,32,119],"class_list":{"0":"post-129330","1":"post","2":"type-post","3":"status-publish","4":"format-standard","5":"has-post-thumbnail","7":"category-tiede","8":"tag-fi","9":"tag-finland","10":"tag-finnish","11":"tag-science","12":"tag-suomi","13":"tag-tiede"},"share_on_mastodon":{"url":"https:\/\/pubeurope.com\/@fi\/115810692463042814","error":""},"_links":{"self":[{"href":"https:\/\/www.europesays.com\/fi\/wp-json\/wp\/v2\/posts\/129330","targetHints":{"allow":["GET"]}}],"collection":[{"href":"https:\/\/www.europesays.com\/fi\/wp-json\/wp\/v2\/posts"}],"about":[{"href":"https:\/\/www.europesays.com\/fi\/wp-json\/wp\/v2\/types\/post"}],"author":[{"embeddable":true,"href":"https:\/\/www.europesays.com\/fi\/wp-json\/wp\/v2\/users\/2"}],"replies":[{"embeddable":true,"href":"https:\/\/www.europesays.com\/fi\/wp-json\/wp\/v2\/comments?post=129330"}],"version-history":[{"count":0,"href":"https:\/\/www.europesays.com\/fi\/wp-json\/wp\/v2\/posts\/129330\/revisions"}],"wp:featuredmedia":[{"embeddable":true,"href":"https:\/\/www.europesays.com\/fi\/wp-json\/wp\/v2\/media\/129331"}],"wp:attachment":[{"href":"https:\/\/www.europesays.com\/fi\/wp-json\/wp\/v2\/media?parent=129330"}],"wp:term":[{"taxonomy":"category","embeddable":true,"href":"https:\/\/www.europesays.com\/fi\/wp-json\/wp\/v2\/categories?post=129330"},{"taxonomy":"post_tag","embeddable":true,"href":"https:\/\/www.europesays.com\/fi\/wp-json\/wp\/v2\/tags?post=129330"}],"curies":[{"name":"wp","href":"https:\/\/api.w.org\/{rel}","templated":true}]}}