{"id":129413,"date":"2025-12-30T23:53:06","date_gmt":"2025-12-30T23:53:06","guid":{"rendered":"https:\/\/www.europesays.com\/fi\/129413\/"},"modified":"2025-12-30T23:53:06","modified_gmt":"2025-12-30T23:53:06","slug":"arabiemiraatit-vetaa-joukkonsa-jemenista-uutisia-lyhyesti","status":"publish","type":"post","link":"https:\/\/www.europesays.com\/fi\/129413\/","title":{"rendered":"Arabiemiraatit vet\u00e4\u00e4 joukkonsa Jemenist\u00e4 | Uutisia lyhyesti"},"content":{"rendered":"<p class=\"aw-1gybjub aw-5vja16 kEtdKx kmuxyA yle__article__paragraph\">Vaikka Saudi-Arabia ja Arabiemiraatit ovat liittolaisia Jemenin sodassa, maiden tukemat ryhmittym\u00e4t ovat ajautuneet keskin\u00e4isiin ristiriitoihin.<\/p>\n<p class=\"aw-1gybjub aw-1p7kakr kEtdKx cEmitX yle__article__paragraph\">Yhdistyneet arabiemiirikunnat ilmoitti tiistaina vet\u00e4v\u00e4ns\u00e4 j\u00e4ljell\u00e4 olevat joukkonsa Jemenist\u00e4 sen j\u00e4lkeen, kun Saudi-Arabia tuki Jemenin presidenttineuvoston vaatimusta joukkojen poistamisesta 24 tunnin kuluessa.<\/p>\n<p class=\"aw-1gybjub aw-1p7kakr kEtdKx cEmitX yle__article__paragraph\">Saudi-Arabia iski tiistain vastaisena y\u00f6n\u00e4 Mukallan satamakaupunkiin Etel\u00e4-Jemeniss\u00e4. Saudi-Arabian mukaan satamaan oli saapunut ase-er\u00e4 Arabiemiraateista. Arabiemiraatit kiist\u00e4\u00e4, ett\u00e4 l\u00e4hetys olisi sis\u00e4lt\u00e4nyt aseita.<\/p>\n<p class=\"aw-1gybjub aw-1p7kakr kEtdKx cEmitX yle__article__paragraph\">Saudi-Arabia ja Arabiemiraatit ovat olleet liittolaisia sodassa Iranin tukemaa Jemenin Houthi-liikett\u00e4 vastaan viimeisen vuosikymmenen ajan, mutta niiden tukemien kilpailevien ryhmittymien v\u00e4liset sis\u00e4iset ristiriidat ovat syvent\u00e4neet maiden v\u00e4list\u00e4 eripuraa.<\/p>\n<p class=\"aw-1gybjub aw-1p7kakr kEtdKx cEmitX yle__article__paragraph\">Jemen on ollut sis\u00e4llissodan kourissa vuodesta 2014.<\/p>\n<p class=\"aw-1gybjub aw-1p7kakr kEtdKx cEmitX yle__article__paragraph\"><strong class=\"aw-ak79eh KyCXm yle__article__strong\">Lis\u00e4\u00e4 aiheesta:<\/strong><\/p>\n<p class=\"aw-1gybjub aw-1p7kakr kEtdKx cEmitX yle__article__paragraph\"><a class=\"aw-iao6s4 iHOxEa yle__article__link\" href=\"https:\/\/yle.fi\/a\/74-20201889\" role=\"link\" rel=\"nofollow noopener\" target=\"_blank\">Arabivaltiot t\u00f6rm\u00e4yskurssilla Jemeniss\u00e4<\/a><\/p>\n","protected":false},"excerpt":{"rendered":"Vaikka Saudi-Arabia ja Arabiemiraatit ovat liittolaisia Jemenin sodassa, maiden tukemat ryhmittym\u00e4t ovat ajautuneet keskin\u00e4isiin ristiriitoihin. Yhdistyneet arabiemiirikunnat ilmoitti&hellip;\n","protected":false},"author":2,"featured_media":74,"comment_status":"","ping_status":"","sticky":false,"template":"","format":"standard","meta":{"footnotes":""},"categories":[14],"tags":[22,23,26,27,33,31,30,17,4258,24,25,28,29,15,18,21,32,19,20,56,16,59,60,61],"class_list":{"0":"post-129413","1":"post","2":"type-post","3":"status-publish","4":"format-standard","5":"has-post-thumbnail","7":"category-ulkomaat","8":"tag-breaking-news","9":"tag-breakingnews","10":"tag-featured-news","11":"tag-featurednews","12":"tag-fi","13":"tag-finland","14":"tag-finnish","15":"tag-headlines","16":"tag-konfliktit","17":"tag-latest-news","18":"tag-latestnews","19":"tag-main-news","20":"tag-mainnews","21":"tag-news","22":"tag-otsikot","23":"tag-paauutiset","24":"tag-suomi","25":"tag-top-stories","26":"tag-topstories","27":"tag-ulkomaat","28":"tag-uutiset","29":"tag-world","30":"tag-world-news","31":"tag-worldnews"},"share_on_mastodon":{"url":"https:\/\/pubeurope.com\/@fi\/115811215238212658","error":""},"_links":{"self":[{"href":"https:\/\/www.europesays.com\/fi\/wp-json\/wp\/v2\/posts\/129413","targetHints":{"allow":["GET"]}}],"collection":[{"href":"https:\/\/www.europesays.com\/fi\/wp-json\/wp\/v2\/posts"}],"about":[{"href":"https:\/\/www.europesays.com\/fi\/wp-json\/wp\/v2\/types\/post"}],"author":[{"embeddable":true,"href":"https:\/\/www.europesays.com\/fi\/wp-json\/wp\/v2\/users\/2"}],"replies":[{"embeddable":true,"href":"https:\/\/www.europesays.com\/fi\/wp-json\/wp\/v2\/comments?post=129413"}],"version-history":[{"count":0,"href":"https:\/\/www.europesays.com\/fi\/wp-json\/wp\/v2\/posts\/129413\/revisions"}],"wp:featuredmedia":[{"embeddable":true,"href":"https:\/\/www.europesays.com\/fi\/wp-json\/wp\/v2\/media\/74"}],"wp:attachment":[{"href":"https:\/\/www.europesays.com\/fi\/wp-json\/wp\/v2\/media?parent=129413"}],"wp:term":[{"taxonomy":"category","embeddable":true,"href":"https:\/\/www.europesays.com\/fi\/wp-json\/wp\/v2\/categories?post=129413"},{"taxonomy":"post_tag","embeddable":true,"href":"https:\/\/www.europesays.com\/fi\/wp-json\/wp\/v2\/tags?post=129413"}],"curies":[{"name":"wp","href":"https:\/\/api.w.org\/{rel}","templated":true}]}}