{"id":129416,"date":"2025-12-30T23:55:08","date_gmt":"2025-12-30T23:55:08","guid":{"rendered":"https:\/\/www.europesays.com\/fi\/129416\/"},"modified":"2025-12-30T23:55:08","modified_gmt":"2025-12-30T23:55:08","slug":"tallainen-on-putinin-hemohuvila-trump-kimpaantui-kremlin-vaitteista","status":"publish","type":"post","link":"https:\/\/www.europesays.com\/fi\/129416\/","title":{"rendered":"T\u00e4llainen on Putinin hemohuvila \u2013 Trump kimpaantui Kremlin v\u00e4itteist\u00e4"},"content":{"rendered":"<p>Putinin \u00f6kyhuvilaa suojaavat mediatietojen mukaan 12 ilmatorjuntaj\u00e4rjestelm\u00e4\u00e4.<\/p>\n<p><img decoding=\"async\" class=\"image image-show image-preview\" src=\"https:\/\/www.europesays.com\/fi\/wp-content\/uploads\/2025\/12\/aa9bdb14b923f98b96ae025f8def8cfd1d7e1a7095112abd28d6b63ff74ebf59.png\" alt=\"\"\/><img decoding=\"async\" class=\"image image-show\" src=\"https:\/\/www.europesays.com\/fi\/wp-content\/uploads\/2025\/12\/1767138908_832_aa9bdb14b923f98b96ae025f8def8cfd1d7e1a7095112abd28d6b63ff74ebf59.png\" alt=\"\"\/><\/p>\n<p>Ven\u00e4j\u00e4n presidentti Vladimir Putinin residenssi Valdaissa.  <\/p>\n<p class=\"paragraph\">Kreml sanoo Ukrainan yritt\u00e4neen iske\u00e4 droonilla Ven\u00e4j\u00e4n presidentin <a href=\"https:\/\/www.iltalehti.fi\/henkilot\/Vladimir Putin\" class=\"article-link-person-page\" rel=\"nofollow noopener\" target=\"_blank\">Vladimir Putinin<\/a> luksusresidenssiin Novgorodin alueella sunnuntain ja maanantain v\u00e4lisen\u00e4 y\u00f6n\u00e4.<\/p>\n<p class=\"paragraph\">Ven\u00e4j\u00e4 kielt\u00e4ytyy esitt\u00e4m\u00e4st\u00e4 todisteita iskusta, mutta vannoo kostavansa Ukrainalle.<\/p>\n<p class=\"paragraph\">\u2013 En usko, ett\u00e4 mit\u00e4\u00e4n todisteita tarvitaan, jos n\u00e4in massiivinen droonihy\u00f6kk\u00e4ys on k\u00e4ynniss\u00e4, sanoi Kremlin tiedottaja <a href=\"https:\/\/www.iltalehti.fi\/henkilot\/Dmitri Peskov\" class=\"article-link-person-page\" rel=\"nofollow noopener\" target=\"_blank\">Dmitri Peskov<\/a> <a href=\"https:\/\/ru.themoscowtimes.com\/2025\/12\/30\/v-kremle-otkazalis-predyavit-uliki-naleta-dronov-na-rezidentsiyu-putina-i-nazvali-ataku-udarom-po-trampu-a183976\" target=\"_blank\" rel=\"noopener nofollow\">Moscow Timesin mukaan.<\/a> Peskov sanoo v\u00e4itetyn iskun olleen yritys h\u00e4irit\u00e4 rauhanneuvotteluja.<\/p>\n<p class=\"paragraph\">Ukraina kiist\u00e4\u00e4 syyt\u00f6ksen. L\u00e4nsimaissa ep\u00e4ill\u00e4\u00e4n, ett\u00e4 Ven\u00e4j\u00e4 yritt\u00e4\u00e4 sabotoida herk\u00e4ss\u00e4 tilassa olevia rauhanneuvotteluja jatkaakseen sotaa.<\/p>\n<p class=\"paragraph\">\u2013 Tyypillist\u00e4 Ven\u00e4j\u00e4n toimintaa, kuittasi Ukrainan ulkoministeri <a href=\"https:\/\/www.iltalehti.fi\/henkilot\/Andri Sybiha\" class=\"article-link-person-page\" rel=\"nofollow noopener\" target=\"_blank\">Andri Sybiha<\/a>.<\/p>\n<p class=\"paragraph\">Kreml esitti v\u00e4itteen iskusta sen j\u00e4lkeen, kun Yhdysvaltain presidentti <a href=\"https:\/\/www.iltalehti.fi\/henkilot\/Donald Trump\" class=\"article-link-person-page\" rel=\"nofollow noopener\" target=\"_blank\">Donald Trump<\/a> oli tavannut Ukrainan presidentti <a href=\"https:\/\/www.iltalehti.fi\/henkilot\/Volodymyr Zelenskyi\" class=\"article-link-person-page\" rel=\"nofollow noopener\" target=\"_blank\">Volodymyr Zelenskyin<\/a> sunnuntaina verrattain sopuisissa merkeiss\u00e4.<\/p>\n<p class=\"paragraph\"><a href=\"https:\/\/understandingwar.org\/research\/russia-ukraine\/russian-offensive-campaign-assessment-december-29-2025\/\" target=\"_blank\" rel=\"noopener nofollow\">Arvostettu ajatushautomo Institute for the Study of War (ISW) sanoo,<\/a> etteiv\u00e4t todisteet tai paikallisten ja viranomaisten lausunnot tue Ven\u00e4j\u00e4n v\u00e4itett\u00e4 iskusta.<\/p>\n<p>Putinin lukaalista ei kultaa ja kimallusta puutu. Kuvakaappaus\/Projekt<\/p>\n<p class=\"paragraph\">Trump sanoo olevansa v\u00e4itetyst\u00e4 iskusta \u201dhyvin vihainen\u201d, kertoo uutistoimisto Reuters. Trump keskusteli Putinin kanssa puhelimitse Zelenskyin tapaamisen j\u00e4lkeen.<\/p>\n<p class=\"paragraph\">Trump sanoi my\u00f6s, ettei \u201dtied\u00e4 iskusta mit\u00e4\u00e4n\u201d, mutta asiaa selvitet\u00e4\u00e4n, kirjoittaa <a href=\"https:\/\/www.pravda.com.ua\/eng\/news\/2025\/12\/29\/8013903\/\" target=\"_blank\" rel=\"noopener nofollow\">Ukrainska Pravda.<\/a><\/p>\n<p class=\"paragraph\">\u2013 Sekin on mahdollista, ettei sit\u00e4 tapahtunut, kaiketi. Mutta Putin sanoi minulle n\u00e4in t\u00e4n\u00e4 aamuna.<\/p>\n<p class=\"paragraph\">Trumpin mukaan isku \u201dei olisi hyv\u00e4 asia\u201d.<\/p>\n<p class=\"paragraph\">\u2013 T\u00e4m\u00e4 ei ole oikea aika, Trump sanoi ja muistutti pys\u00e4ytt\u00e4neens\u00e4 pitk\u00e4n kantaman Tomahawk-ohjusten myynnin Ukrainalle.<\/p>\n<p class=\"paragraph\">\u2013 On eri asia puolustautua heid\u00e4n hy\u00f6kk\u00e4ykselt\u00e4\u00e4n, kuin hy\u00f6k\u00e4t\u00e4 h\u00e4nen taloonsa. Nyt ei ole oikea aika sellaiselle.<\/p>\n<p>\u00d6kyhuvilan anatomia<\/p>\n<p class=\"paragraph\">V\u00e4itetyn iskun kohteena ollut Putinin \u00f6kylukaali sijaitsee Valdai-j\u00e4rven rannalla Novgorodin alueella, noin Moskovan ja Pietarin puoliv\u00e4liss\u00e4. Virallisesti huvila kuuluu \u201dPutinin pankkiirille\u201d, oligarkki <a href=\"https:\/\/www.iltalehti.fi\/henkilot\/Juri Kovalt\u0161uk\" class=\"article-link-person-page\" rel=\"nofollow noopener\" target=\"_blank\">Juri Kovalt\u0161ukille<\/a>.<\/p>\n<p class=\"paragraph\">Putinin dat\u0161a-tyyppist\u00e4 huvilaa ymp\u00e4r\u00f6iv\u00e4t h\u00e4nen oligarkkiyst\u00e4viens\u00e4 palatsimaiset asunnot. Huhutaan, ett\u00e4 l\u00e4hist\u00f6ll\u00e4 asuisi Putinin naisyst\u00e4v\u00e4ksi ep\u00e4ilty poliitikko ja olympiavoittaja <a href=\"https:\/\/www.iltalehti.fi\/henkilot\/Alina Kabajeva\" class=\"article-link-person-page\" rel=\"nofollow noopener\" target=\"_blank\">Alina Kabajeva<\/a> heid\u00e4n kahden lapsensa kanssa. Kaksikko kiist\u00e4\u00e4 suhteen.<\/p>\n<p>Putinin naisyst\u00e4v\u00e4ksi ep\u00e4ilty Alina Kabajeva voitti olympiakultaa voimistelussa vuonna 2004. Kuva vuodelta 2017. AOP<\/p>\n<p class=\"paragraph\">Ven\u00e4l\u00e4inen Projekt-media kirjoitti vuonna 2023, ett\u00e4 tiukasti vartioidulla alueella on lasten leikkipaikka ja karting-rata. Nimett\u00f6m\u00e4t l\u00e4hteet kertovat n\u00e4hneens\u00e4 tontilla lapsia.<\/p>\n<p class=\"paragraph\">Asunto itse on sisustukseltaan hyvin ylellinen, kuninkaalliseksikin kuvailtu. Huvilan rakentaminen aloitettiin nopeasti Putinin valtaannousun j\u00e4lkeen, ensimm\u00e4inen versio valmistui vuonna 2003.<\/p>\n<p class=\"paragraph\">Lukaali on tarkasti vartioitu. Huvilan ymp\u00e4rill\u00e4 on ainakin 12 ilmatorjuntaj\u00e4rjestelm\u00e4\u00e4, uutisoi <a href=\"https:\/\/meduza.io\/en\/news\/2025\/08\/13\/satellite-images-show-12-air-defense-systems-near-putin-s-valdai-residence\" target=\"_blank\" rel=\"noopener nofollow\">ven\u00e4l\u00e4inen Radio Liberty elokuussa.<\/a><\/p>\n<p class=\"paragraph\">M\u00e4\u00e4r\u00e4 on huomattava verrattuna esimerkiksi Moskovaan \u2013 p\u00e4\u00e4kaupunkiseudulla asuu yli 20\u00a0miljoonaa ihmist\u00e4, mutta ilmatorjuntaj\u00e4rjestelmi\u00e4 on vain viisi kertaa enemm\u00e4n kuin Putinin dat\u0161an ymp\u00e4rill\u00e4.<\/p>\n<p>Putinin makuuhuone on viimeistelty ylelliseen tyyliin. <\/p>\n<p class=\"paragraph\"><a href=\"https:\/\/www.svt.se\/nyheter\/utrikes\/putin-bygger-torn-runt-sommarhuset-efter-ukrainas-attacker\" target=\"_blank\" rel=\"noopener nofollow\">Ruotsin yleisradio SVT:n<\/a> mukaan j\u00e4rjestelmi\u00e4 on lis\u00e4tty kovaa tahtia sen j\u00e4lkeen, kun Ukraina teki drooni-iskun Novgorodin alueelle 2023. SVT kirjoittaa, ett\u00e4 huvilalle on my\u00f6s oma raideyhteys Putinin panssarijunaa varten.<\/p>\n<p class=\"paragraph\">Projektin mukaan huvilan l\u00e4helle on rakennettu lukuisia Putinin yksityisk\u00e4ytt\u00f6\u00f6n tarkoitettuja juna-asemia, nekin tarkasti vartioituja.<\/p>\n<p>My\u00f6s allastiloista l\u00f6ytyy luksusta. kuvakaappaus\/projekt<\/p>\n","protected":false},"excerpt":{"rendered":"Putinin \u00f6kyhuvilaa suojaavat mediatietojen mukaan 12 ilmatorjuntaj\u00e4rjestelm\u00e4\u00e4. Ven\u00e4j\u00e4n presidentti Vladimir Putinin residenssi Valdaissa. Kreml sanoo Ukrainan yritt\u00e4neen iske\u00e4&hellip;\n","protected":false},"author":2,"featured_media":129417,"comment_status":"","ping_status":"","sticky":false,"template":"","format":"standard","meta":{"footnotes":""},"categories":[5],"tags":[35,22,23,26,27,33,31,30,17,24,25,28,29,15,18,21,142,637,144,32,19,20,16,638,1262],"class_list":{"0":"post-129416","1":"post","2":"type-post","3":"status-publish","4":"format-standard","5":"has-post-thumbnail","7":"category-otsikot","8":"tag-24h","9":"tag-breaking-news","10":"tag-breakingnews","11":"tag-featured-news","12":"tag-featurednews","13":"tag-fi","14":"tag-finland","15":"tag-finnish","16":"tag-headlines","17":"tag-latest-news","18":"tag-latestnews","19":"tag-main-news","20":"tag-mainnews","21":"tag-news","22":"tag-otsikot","23":"tag-paauutiset","24":"tag-poliitikot","25":"tag-politiikka","26":"tag-presidentti","27":"tag-suomi","28":"tag-top-stories","29":"tag-topstories","30":"tag-uutiset","31":"tag-valtiovalta","32":"tag-venajan-politiikka"},"share_on_mastodon":{"url":"https:\/\/pubeurope.com\/@fi\/115811223008217100","error":""},"_links":{"self":[{"href":"https:\/\/www.europesays.com\/fi\/wp-json\/wp\/v2\/posts\/129416","targetHints":{"allow":["GET"]}}],"collection":[{"href":"https:\/\/www.europesays.com\/fi\/wp-json\/wp\/v2\/posts"}],"about":[{"href":"https:\/\/www.europesays.com\/fi\/wp-json\/wp\/v2\/types\/post"}],"author":[{"embeddable":true,"href":"https:\/\/www.europesays.com\/fi\/wp-json\/wp\/v2\/users\/2"}],"replies":[{"embeddable":true,"href":"https:\/\/www.europesays.com\/fi\/wp-json\/wp\/v2\/comments?post=129416"}],"version-history":[{"count":0,"href":"https:\/\/www.europesays.com\/fi\/wp-json\/wp\/v2\/posts\/129416\/revisions"}],"wp:featuredmedia":[{"embeddable":true,"href":"https:\/\/www.europesays.com\/fi\/wp-json\/wp\/v2\/media\/129417"}],"wp:attachment":[{"href":"https:\/\/www.europesays.com\/fi\/wp-json\/wp\/v2\/media?parent=129416"}],"wp:term":[{"taxonomy":"category","embeddable":true,"href":"https:\/\/www.europesays.com\/fi\/wp-json\/wp\/v2\/categories?post=129416"},{"taxonomy":"post_tag","embeddable":true,"href":"https:\/\/www.europesays.com\/fi\/wp-json\/wp\/v2\/tags?post=129416"}],"curies":[{"name":"wp","href":"https:\/\/api.w.org\/{rel}","templated":true}]}}