{"id":129418,"date":"2025-12-31T00:07:07","date_gmt":"2025-12-31T00:07:07","guid":{"rendered":"https:\/\/www.europesays.com\/fi\/129418\/"},"modified":"2025-12-31T00:07:07","modified_gmt":"2025-12-31T00:07:07","slug":"sofia-belorfin-upporikkautta-taman-sai-lahjaksi","status":"publish","type":"post","link":"https:\/\/www.europesays.com\/fi\/129418\/","title":{"rendered":"Sofia Bel\u00f3rfin upporikkautta: t\u00e4m\u00e4n sai lahjaksi!"},"content":{"rendered":"<p>Jo vuoden ajan amerikkalaisen miljon\u00e4\u00e4rin kanssa viihtynyt\u00a0Sofia Bel\u00f3rf\u00a0on kertonut muuttaneensa Dubaissa uuteen asuntoon. Se sijaitsee upeassa pilvenpiirt\u00e4j\u00e4ss\u00e4 nimelt\u00e4\u00e4n One Za\u2019abeel.<\/p>\n<p>One Za\u2019abeel -pilvenpiirt\u00e4j\u00e4kompleksi kohosi Dubain horisonttiin viime vuoden helmikuussa. P\u00e4\u00e4rakennus The Tower on 305 metri\u00e4 korkea ja siin\u00e4 on 68 kerrosta, jossa sijaitsee toimistoja ja hotellihuoneita.<\/p>\n<p>Toinen torni, The Residences on korkeudeltaan noin 240-metrinen, ja t\u00e4ss\u00e4 talossa on luksusk\u00e4mppi\u00e4.<\/p>\n<p>Erikoista kompleksissa on se, ett\u00e4 tornit yhdist\u00e4\u00e4 toisiinsa 100 metrin korkeudella maasta sijaitseva The Link -niminen v\u00e4lisilta. Sill\u00e4 on pituutta 230 metri\u00e4 ja se sis\u00e4lt\u00e4\u00e4 ravintoloita ja baareja.<\/p>\n<p>The Link -palkki koottiin ensin maan p\u00e4\u00e4ll\u00e4 ja nostettiin sitten paikoilleen kahdessa vaiheessa, mik\u00e4 vaati valtatien sulkemista.<\/p>\n<p>Sofian uudessa kotitalossa pelk\u00e4st\u00e4\u00e4n kahden makuuhuoneen huoneistot maksavat helposti liki nelj\u00e4 miljoonaa euroa. Viiden makuuhuoneen k\u00e4mp\u00e4st\u00e4 voi joutua pulittamaan 37 miljoonaa euroa. Yksi\u00f6 maksaa 1,3 miljoonaa.<\/p>\n<p>Jos on varaa ostaa t\u00e4llainen asunto, pit\u00e4\u00e4h\u00e4n se jollain kalustaakin.<\/p>\n<p>Laukkulyxi\u00e4<\/p>\n<p>\u201dKalusteiksi\u201d voi kutsua tietenkin my\u00f6s maallista omaisuutta, jota vaatteiksi nimitet\u00e4\u00e4n. Sofialla tuntuu olevan kuumassa maassa melkoinen kostyymivarasto.<\/p>\n<p>H\u00e4n sai apua vaatehuoneen j\u00e4rjest\u00e4miseen omalta rillimiljon\u00e4\u00e4risiipaltaan, mutta lopulta pari p\u00e4\u00e4tti palkata ammattij\u00e4rjest\u00e4j\u00e4t.<\/p>\n<p>Nyt j\u00e4rjestely on jatkunut, sill\u00e4 Sofia lienee saanut lahjaksi upean laukkuvitriinin.<\/p>\n<p>Lue my\u00f6s: <a href=\"https:\/\/www.como.fi\/uutiset\/klup-sofia-belorfin-vahva-paluu-esitteli-paljaspakaroitaan-dubaissa\/\" title=\"Klup! Sofia Bel\u00f3rfin vahva paluu \u2013 esitteli paljaspakaroitaan Dubaissa!\" class=\"underline-custom !font-montserrat !font-bold !underline-offset-4 !decoration-4 !decoration-red-600 !text-md\" rel=\"nofollow noopener\" target=\"_blank\">Klup! Sofia Bel\u00f3rfin vahva paluu \u2013 esitteli paljaspakaroitaan Dubaissa!<\/a><\/p>\n<p>Lue my\u00f6s: <a href=\"https:\/\/www.como.fi\/uutiset\/mita-ihmetta-sofia-belorf-bongattiin-tuulipukukansan-temppelissa\/\" title=\"Mit\u00e4 ihmett\u00e4! Sofia Bel\u00f3rf bongattiin \u201dtuulipukukansan temppeliss\u00e4\u201d\" class=\"underline-custom !font-montserrat !font-bold !underline-offset-4 !decoration-4 !decoration-red-600 !text-md\" rel=\"nofollow noopener\" target=\"_blank\">Mit\u00e4 ihmett\u00e4! Sofia Bel\u00f3rf bongattiin \u201dtuulipukukansan temppeliss\u00e4\u201d<\/a><\/p>\n<p>-Joululahjoja tulee yh\u00e4, h\u00e4n huokaisee luksushuokaisulla.<\/p>\n<p>Sometarinoissa n\u00e4kyy ty\u00f6mies valaistun kaapin vierell\u00e4. Kyseess\u00e4 on laukkuvitriini, johon Sofia voi ty\u00f6nt\u00e4\u00e4 kymppitonnien kantokassinsa. Vitriini voi olla toki vain osatotuus. Voihan olla, ett\u00e4 kun vitriini on asennettu, sinne ilmestyy pari merkkilaukkua lis\u00e4\u00e4.<\/p>\n<p>Lue my\u00f6s: <a href=\"https:\/\/www.como.fi\/tilaa-comon-uutiskirje\/\" title=\"Tilaa Comon uutiskirje ja tied\u00e4t mist\u00e4 kahvitauolla puhutaan! Nappaa kotimaan tv-vinkit ja puheenaiheet suoraan s\u00e4hk\u00f6postiin t\u00e4st\u00e4.\" class=\"underline-custom !font-montserrat !font-bold !underline-offset-4 !decoration-4 !decoration-red-600 !text-md\" rel=\"nofollow noopener\" target=\"_blank\">Tilaa Comon uutiskirje ja tied\u00e4t mist\u00e4 kahvitauolla puhutaan! Nappaa kotimaan tv-vinkit ja puheenaiheet suoraan s\u00e4hk\u00f6postiin t\u00e4st\u00e4.<\/a><\/p>\n","protected":false},"excerpt":{"rendered":"Jo vuoden ajan amerikkalaisen miljon\u00e4\u00e4rin kanssa viihtynyt\u00a0Sofia Bel\u00f3rf\u00a0on kertonut muuttaneensa Dubaissa uuteen asuntoon. Se sijaitsee upeassa pilvenpiirt\u00e4j\u00e4ss\u00e4 nimelt\u00e4\u00e4n&hellip;\n","protected":false},"author":2,"featured_media":129419,"comment_status":"","ping_status":"","sticky":false,"template":"","format":"standard","meta":{"footnotes":""},"categories":[136],"tags":[407,137,33,31,30,408,2829,32,109],"class_list":{"0":"post-129418","1":"post","2":"type-post","3":"status-publish","4":"format-standard","5":"has-post-thumbnail","7":"category-julkkikset","8":"tag-celebrities","9":"tag-entertainment","10":"tag-fi","11":"tag-finland","12":"tag-finnish","13":"tag-julkkikset","14":"tag-sofia-belu00f3rf","15":"tag-suomi","16":"tag-viihde"},"share_on_mastodon":{"url":"https:\/\/pubeurope.com\/@fi\/115811270157598625","error":""},"_links":{"self":[{"href":"https:\/\/www.europesays.com\/fi\/wp-json\/wp\/v2\/posts\/129418","targetHints":{"allow":["GET"]}}],"collection":[{"href":"https:\/\/www.europesays.com\/fi\/wp-json\/wp\/v2\/posts"}],"about":[{"href":"https:\/\/www.europesays.com\/fi\/wp-json\/wp\/v2\/types\/post"}],"author":[{"embeddable":true,"href":"https:\/\/www.europesays.com\/fi\/wp-json\/wp\/v2\/users\/2"}],"replies":[{"embeddable":true,"href":"https:\/\/www.europesays.com\/fi\/wp-json\/wp\/v2\/comments?post=129418"}],"version-history":[{"count":0,"href":"https:\/\/www.europesays.com\/fi\/wp-json\/wp\/v2\/posts\/129418\/revisions"}],"wp:featuredmedia":[{"embeddable":true,"href":"https:\/\/www.europesays.com\/fi\/wp-json\/wp\/v2\/media\/129419"}],"wp:attachment":[{"href":"https:\/\/www.europesays.com\/fi\/wp-json\/wp\/v2\/media?parent=129418"}],"wp:term":[{"taxonomy":"category","embeddable":true,"href":"https:\/\/www.europesays.com\/fi\/wp-json\/wp\/v2\/categories?post=129418"},{"taxonomy":"post_tag","embeddable":true,"href":"https:\/\/www.europesays.com\/fi\/wp-json\/wp\/v2\/tags?post=129418"}],"curies":[{"name":"wp","href":"https:\/\/api.w.org\/{rel}","templated":true}]}}