{"id":129423,"date":"2025-12-31T00:18:11","date_gmt":"2025-12-31T00:18:11","guid":{"rendered":"https:\/\/www.europesays.com\/fi\/129423\/"},"modified":"2025-12-31T00:18:11","modified_gmt":"2025-12-31T00:18:11","slug":"lansirannikon-osuuspankki-aloittaa-toimintansa-1-tammikuuta-jarviseudun-sanomat","status":"publish","type":"post","link":"https:\/\/www.europesays.com\/fi\/129423\/","title":{"rendered":"L\u00e4nsirannikon Osuuspankki aloittaa toimintansa 1. tammikuuta \u2013 J\u00e4rviseudun sanomat"},"content":{"rendered":"<p>Kaksi vahvaa osuuspankkia, OP Keski-Pohjanmaa ja OP Vaasa, ovat yhdistyneet OP L\u00e4nsirannikoksi. Uusi,<br \/>vuoden 2026 alussa toimintansa aloittavalla osuuspankilla on entist\u00e4kin enemm\u00e4n mahdollisuuksia vahvistaa<br \/>toiminta-alueensa elinvoimaisuutta ja varmistaa asiakkailleen laadukkaat, kilpailukykyiset sek\u00e4 sujuvat palvelut<br \/>pitk\u00e4lle tulevaisuuteen. My\u00f6s mahdollisuudet pankin yhteis\u00f6llisen roolin toteuttamiseen vahvistuvat.<br \/>\u2013Meill\u00e4 on kyky ja halu edist\u00e4\u00e4 alueemme elinvoimaisuutta ja kest\u00e4v\u00e4\u00e4 kehityst\u00e4. Olemme olemassa asiakkaita<br \/>varten ja l\u00e4sn\u00e4 ihmisten arjessa. OP L\u00e4nsirannikon leve\u00e4mmill\u00e4 hartioilla voimme olla yritysten kumppanina<br \/>toteuttamassa my\u00f6s entist\u00e4 suurempia hankkeita toimialueellamme, kertoo OP L\u00e4nsirannikon toimitusjohtaja<br \/><strong>Jyrki Rantala<\/strong>.<\/p>\n<p>OP L\u00e4nsirannikko on aidosti kaksikielinen pankki, jossa ty\u00f6skentelee yli 200 paikallista finanssialan<br \/>asiantuntijaa. Asiakkaalla on mahdollisuus entiseen tapaan valita h\u00e4nelle sopivin kohtaamispaikka konttorilla,<br \/>puhelimessa tai verkossa.<br \/>Pankkien yhdistyminen ei aiheuta muutoksia yksitt\u00e4isen asiakkaan asiointiin tai h\u00e4nen k\u00e4yt\u00f6ss\u00e4\u00e4n oleviin<br \/>palveluihin. Tutut toimihenkil\u00f6t palvelevat jatkossakin ja my\u00f6s konttoriverkosto s\u00e4ilyy entisell\u00e4\u00e4n.<\/p>\n<p>Uusia ty\u00f6mahdollisuuksia ja yhteisty\u00f6kumppanuuksia<\/p>\n<p>Paikallisuus ja asiakaskokemuksen kehitt\u00e4minen ovat keskeisi\u00e4 arvoja OP L\u00e4nsirannikon toiminnassa.<br \/>L\u00e4hitulevaisuudessa on tarkoitus avata uusia asiakaspalveluteht\u00e4vi\u00e4 mm. puhelin-, chat- ja<br \/>verkkoviestipalveluihin, kertoo pankki tiedotteessaan. <\/p>\n<p>OP L\u00e4nsirannikko avaa yhteisty\u00f6kumppanihaun helmikuun aikana uudistetulla toimintamallilla. Jatkossa pankin<br \/>yhteisty\u00f6kumppaniksi haluava voi t\u00e4ytt\u00e4\u00e4 hakulomakkeen verkkosivuilla. Hakemukset k\u00e4sitell\u00e4\u00e4n kaksi kertaa<br \/>vuodessa \u2013 kev\u00e4t- ja syyskaudella.<\/p>\n<p><strong>OP L\u00e4nsirannikon avainluvut <\/strong>(ennuste 11\/2025 tiedoin)<br \/>noin 70 000 omistaja-asiakasta<br \/>noin 107 000 asiakasta<br \/>pankin tase 3,3 mrd. euroa<br \/>asiakasliiketoiminta 5,7 mrd. euroa<br \/>omat varat 446 milj. euroa<\/p>\n<p>OP L\u00e4nsirannikko palvelee J\u00e4rviseudulla Evij\u00e4rvell\u00e4, miss\u00e4 palvelua saa ajanvarauksella maanantaista perjantaihin.<\/p>\n<p>Lue my\u00f6s n\u00e4m\u00e4 jutut<\/p>\n","protected":false},"excerpt":{"rendered":"Kaksi vahvaa osuuspankkia, OP Keski-Pohjanmaa ja OP Vaasa, ovat yhdistyneet OP L\u00e4nsirannikoksi. Uusi,vuoden 2026 alussa toimintansa aloittavalla osuuspankilla&hellip;\n","protected":false},"author":2,"featured_media":129424,"comment_status":"","ping_status":"","sticky":false,"template":"","format":"standard","meta":{"footnotes":""},"categories":[76],"tags":[79,77,33,31,30,22916,22917,22918,32,78,16,1356],"class_list":{"0":"post-129423","1":"post","2":"type-post","3":"status-publish","4":"format-standard","5":"has-post-thumbnail","7":"category-talous","8":"tag-business","9":"tag-economy","10":"tag-fi","11":"tag-finland","12":"tag-finnish","13":"tag-fuusiot","14":"tag-osuuspankki","15":"tag-paikalliset-palvelut","16":"tag-suomi","17":"tag-talous","18":"tag-uutiset","19":"tag-yritykset"},"share_on_mastodon":{"url":"https:\/\/pubeurope.com\/@fi\/115811313562903427","error":""},"_links":{"self":[{"href":"https:\/\/www.europesays.com\/fi\/wp-json\/wp\/v2\/posts\/129423","targetHints":{"allow":["GET"]}}],"collection":[{"href":"https:\/\/www.europesays.com\/fi\/wp-json\/wp\/v2\/posts"}],"about":[{"href":"https:\/\/www.europesays.com\/fi\/wp-json\/wp\/v2\/types\/post"}],"author":[{"embeddable":true,"href":"https:\/\/www.europesays.com\/fi\/wp-json\/wp\/v2\/users\/2"}],"replies":[{"embeddable":true,"href":"https:\/\/www.europesays.com\/fi\/wp-json\/wp\/v2\/comments?post=129423"}],"version-history":[{"count":0,"href":"https:\/\/www.europesays.com\/fi\/wp-json\/wp\/v2\/posts\/129423\/revisions"}],"wp:featuredmedia":[{"embeddable":true,"href":"https:\/\/www.europesays.com\/fi\/wp-json\/wp\/v2\/media\/129424"}],"wp:attachment":[{"href":"https:\/\/www.europesays.com\/fi\/wp-json\/wp\/v2\/media?parent=129423"}],"wp:term":[{"taxonomy":"category","embeddable":true,"href":"https:\/\/www.europesays.com\/fi\/wp-json\/wp\/v2\/categories?post=129423"},{"taxonomy":"post_tag","embeddable":true,"href":"https:\/\/www.europesays.com\/fi\/wp-json\/wp\/v2\/tags?post=129423"}],"curies":[{"name":"wp","href":"https:\/\/api.w.org\/{rel}","templated":true}]}}