{"id":129425,"date":"2025-12-31T00:19:08","date_gmt":"2025-12-31T00:19:08","guid":{"rendered":"https:\/\/www.europesays.com\/fi\/129425\/"},"modified":"2025-12-31T00:19:08","modified_gmt":"2025-12-31T00:19:08","slug":"kymmenen-maan-ulkoministerit-ilmaisevat-huolensa-gazan-pahentuneesta-humanitaarisesta-tilanteesta-suomi-mukana-uutissuomalainen","status":"publish","type":"post","link":"https:\/\/www.europesays.com\/fi\/129425\/","title":{"rendered":"Kymmenen maan ulkoministerit ilmaisevat huolensa Gazan pahentuneesta humanitaarisesta tilanteesta, Suomi mukana | Uutissuomalainen"},"content":{"rendered":"<p>Kymmenen maan ulkoministerit ilmaisevat <a href=\"https:\/\/www.gov.uk\/government\/news\/jointstatementon-the-gaza-humanitarian-response\" rel=\"nofollow noopener\" target=\"_blank\">yhteislausunnossa <\/a>olevansa hyvin huolissaan Gazan kaistan humanitaarisen tilanteen uudesta heikentymisest\u00e4. My\u00f6s Suomi on mukana Britannian hallituksen sivuilla tiistaina julkaistussa lausunnossa.<\/p>\n<p>Lausunnossa todetaan, ett\u00e4 talven l\u00e4hestyess\u00e4 Gazan siviilej\u00e4 uhkaavat rankkasateet ja laskevat l\u00e4mp\u00f6tilat.<\/p>\n<p>Maat vaativat Israelia muun muassa varmistamaan, ett\u00e4 kansainv\u00e4liset avustusj\u00e4rjest\u00f6t voivat toimia Gazassa kest\u00e4v\u00e4ll\u00e4 tavalla. Lausunnossa varoitetaan, ett\u00e4 vuodenvaihteen l\u00e4hestyess\u00e4 monet vakiintuneet kansainv\u00e4liset kansalaisj\u00e4rjest\u00f6t ovat vaarassa menett\u00e4\u00e4 toimilupansa Gazassa Israelin hallituksen asettamien uusien vaatimusten vuoksi.<\/p>\n<p>Yhdysvaltain presidentti Donald Trump puolestaan vaati maanantaina \u00e4\u00e4rij\u00e4rjest\u00f6 Hamasia luopumaan aseista ja uhkasi vastatoimilla, jos aseistariisuntaa ei tapahdu.<\/p>\n<p>\t\t\t\tGazassa k\u00e4rsit\u00e4\u00e4n akuutista ruokapulasta<\/p>\n<p>Gazaan saatiin lokakuussa hauras tulitauko, mutta palestiinalaisalue on edelleen vakavan humanitaarisen kriisin kourissa.<\/p>\n<p>YK julisti elokuussa, ett\u00e4 Gazan kaupungin alueella on n\u00e4l\u00e4nh\u00e4t\u00e4. Tilanne on kuitenkin jossain m\u00e4\u00e4rin kohentunut sen j\u00e4lkeen, kun Israel ja Hamas solmivat aselevon lokakuussa, ja YK <a href=\"https:\/\/news.un.org\/en\/story\/2025\/12\/1166638\" rel=\"nofollow noopener\" target=\"_blank\">on arvioinut<\/a> my\u00f6s n\u00e4l\u00e4nh\u00e4d\u00e4n v\u00e4istyneen.<\/p>\n<p>Tilanne Gazan kaistalla on kuitenkin <a href=\"https:\/\/www.ipcinfo.org\/fileadmin\/user_upload\/ipcinfo\/docs\/IPC_Famine_Review_Committee_Statement_Gaza_Dec2025.pdf\" rel=\"nofollow noopener\" target=\"_blank\">YK:n mukaan<\/a> h\u00e4lytt\u00e4v\u00e4. Vaikka Gazaan toimitettavan humanitaarisen avun m\u00e4\u00e4r\u00e4 on kasvanut tulitauon j\u00e4lkeen, avun p\u00e4\u00e4sy\u00e4 Gazaan rajoitetaan edelleen ja valtaosa Gazan v\u00e4est\u00f6st\u00e4 k\u00e4rsii vakavasta akuutista ruokapulasta.<\/p>\n","protected":false},"excerpt":{"rendered":"Kymmenen maan ulkoministerit ilmaisevat yhteislausunnossa olevansa hyvin huolissaan Gazan kaistan humanitaarisen tilanteen uudesta heikentymisest\u00e4. My\u00f6s Suomi on mukana&hellip;\n","protected":false},"author":2,"featured_media":129426,"comment_status":"","ping_status":"","sticky":false,"template":"","format":"standard","meta":{"footnotes":""},"categories":[14],"tags":[22,23,585,26,27,33,31,30,17,24,25,28,29,15,18,21,142,639,637,144,32,19,20,56,16,638,59,60,61,143],"class_list":{"0":"post-129425","1":"post","2":"type-post","3":"status-publish","4":"format-standard","5":"has-post-thumbnail","7":"category-ulkomaat","8":"tag-breaking-news","9":"tag-breakingnews","10":"tag-donald-trump","11":"tag-featured-news","12":"tag-featurednews","13":"tag-fi","14":"tag-finland","15":"tag-finnish","16":"tag-headlines","17":"tag-latest-news","18":"tag-latestnews","19":"tag-main-news","20":"tag-mainnews","21":"tag-news","22":"tag-otsikot","23":"tag-paauutiset","24":"tag-poliitikot","25":"tag-poliittiset-johtajat","26":"tag-politiikka","27":"tag-presidentti","28":"tag-suomi","29":"tag-top-stories","30":"tag-topstories","31":"tag-ulkomaat","32":"tag-uutiset","33":"tag-valtiovalta","34":"tag-world","35":"tag-world-news","36":"tag-worldnews","37":"tag-yhdysvaltain-politiikka"},"share_on_mastodon":{"url":"","error":"Validation failed: Text character limit of 500 exceeded"},"_links":{"self":[{"href":"https:\/\/www.europesays.com\/fi\/wp-json\/wp\/v2\/posts\/129425","targetHints":{"allow":["GET"]}}],"collection":[{"href":"https:\/\/www.europesays.com\/fi\/wp-json\/wp\/v2\/posts"}],"about":[{"href":"https:\/\/www.europesays.com\/fi\/wp-json\/wp\/v2\/types\/post"}],"author":[{"embeddable":true,"href":"https:\/\/www.europesays.com\/fi\/wp-json\/wp\/v2\/users\/2"}],"replies":[{"embeddable":true,"href":"https:\/\/www.europesays.com\/fi\/wp-json\/wp\/v2\/comments?post=129425"}],"version-history":[{"count":0,"href":"https:\/\/www.europesays.com\/fi\/wp-json\/wp\/v2\/posts\/129425\/revisions"}],"wp:featuredmedia":[{"embeddable":true,"href":"https:\/\/www.europesays.com\/fi\/wp-json\/wp\/v2\/media\/129426"}],"wp:attachment":[{"href":"https:\/\/www.europesays.com\/fi\/wp-json\/wp\/v2\/media?parent=129425"}],"wp:term":[{"taxonomy":"category","embeddable":true,"href":"https:\/\/www.europesays.com\/fi\/wp-json\/wp\/v2\/categories?post=129425"},{"taxonomy":"post_tag","embeddable":true,"href":"https:\/\/www.europesays.com\/fi\/wp-json\/wp\/v2\/tags?post=129425"}],"curies":[{"name":"wp","href":"https:\/\/api.w.org\/{rel}","templated":true}]}}