{"id":129427,"date":"2025-12-31T00:20:08","date_gmt":"2025-12-31T00:20:08","guid":{"rendered":"https:\/\/www.europesays.com\/fi\/129427\/"},"modified":"2025-12-31T00:20:08","modified_gmt":"2025-12-31T00:20:08","slug":"aamulehti-kavi-katsomassa-kaviko-kukaan-suihkussa","status":"publish","type":"post","link":"https:\/\/www.europesays.com\/fi\/129427\/","title":{"rendered":"Aamulehti k\u00e4vi katsomassa, k\u00e4vik\u00f6 kukaan suihkussa"},"content":{"rendered":"<p>Hannes-myrskyn aiheuttamat s\u00e4hk\u00f6katkot saivat Yl\u00f6j\u00e4rven kaupungin avaamaan Kurun urheilutalon asukkaille. Aamulehti k\u00e4vi Kurussa katsomassa, oliko suihkuille ja s\u00e4hk\u00f6lle kysynt\u00e4\u00e4.<\/p>\n<p>30.12. 17:07<\/p>\n<p class=\"article-body mb-nof-24 px-nof-16\">Aamulehti<\/p>\n<p class=\"article-body mb-nof-24 px-nof-16\">Puoli yhdentoista aikaan aamup\u00e4iv\u00e4ll\u00e4 valot ovat Kurun urheilutalolla p\u00e4\u00e4ll\u00e4 ja ovi on lukitsematta. Muuten mik\u00e4\u00e4n ei kerro, ett\u00e4 talo on auki vierailijoille.<\/p>\n<p class=\"article-body mb-nof-24 px-nof-16\">Lauantai-iltana Suomeen iskenyt Hannes-talvimyrsky vei pahimmillaan 180\u202f000 taloudesta s\u00e4hk\u00f6t koko maasta. Viel\u00e4 tiistai-iltap\u00e4iv\u00e4n\u00e4 l\u00e4hes kaikissa Pirkanmaan kunnissa oli edelleen s\u00e4hk\u00f6katkoja.<\/p>\n","protected":false},"excerpt":{"rendered":"Hannes-myrskyn aiheuttamat s\u00e4hk\u00f6katkot saivat Yl\u00f6j\u00e4rven kaupungin avaamaan Kurun urheilutalon asukkaille. Aamulehti k\u00e4vi Kurussa katsomassa, oliko suihkuille ja s\u00e4hk\u00f6lle&hellip;\n","protected":false},"author":2,"featured_media":129428,"comment_status":"","ping_status":"","sticky":false,"template":"","format":"standard","meta":{"footnotes":""},"categories":[12],"tags":[157,22,23,26,27,33,31,30,17,24,25,28,29,15,18,21,32,19,20,16],"class_list":{"0":"post-129427","1":"post","2":"type-post","3":"status-publish","4":"format-standard","5":"has-post-thumbnail","7":"category-suomi","8":"tag-aamulehti","9":"tag-breaking-news","10":"tag-breakingnews","11":"tag-featured-news","12":"tag-featurednews","13":"tag-fi","14":"tag-finland","15":"tag-finnish","16":"tag-headlines","17":"tag-latest-news","18":"tag-latestnews","19":"tag-main-news","20":"tag-mainnews","21":"tag-news","22":"tag-otsikot","23":"tag-paauutiset","24":"tag-suomi","25":"tag-top-stories","26":"tag-topstories","27":"tag-uutiset"},"share_on_mastodon":{"url":"https:\/\/pubeurope.com\/@fi\/115811321471623000","error":""},"_links":{"self":[{"href":"https:\/\/www.europesays.com\/fi\/wp-json\/wp\/v2\/posts\/129427","targetHints":{"allow":["GET"]}}],"collection":[{"href":"https:\/\/www.europesays.com\/fi\/wp-json\/wp\/v2\/posts"}],"about":[{"href":"https:\/\/www.europesays.com\/fi\/wp-json\/wp\/v2\/types\/post"}],"author":[{"embeddable":true,"href":"https:\/\/www.europesays.com\/fi\/wp-json\/wp\/v2\/users\/2"}],"replies":[{"embeddable":true,"href":"https:\/\/www.europesays.com\/fi\/wp-json\/wp\/v2\/comments?post=129427"}],"version-history":[{"count":0,"href":"https:\/\/www.europesays.com\/fi\/wp-json\/wp\/v2\/posts\/129427\/revisions"}],"wp:featuredmedia":[{"embeddable":true,"href":"https:\/\/www.europesays.com\/fi\/wp-json\/wp\/v2\/media\/129428"}],"wp:attachment":[{"href":"https:\/\/www.europesays.com\/fi\/wp-json\/wp\/v2\/media?parent=129427"}],"wp:term":[{"taxonomy":"category","embeddable":true,"href":"https:\/\/www.europesays.com\/fi\/wp-json\/wp\/v2\/categories?post=129427"},{"taxonomy":"post_tag","embeddable":true,"href":"https:\/\/www.europesays.com\/fi\/wp-json\/wp\/v2\/tags?post=129427"}],"curies":[{"name":"wp","href":"https:\/\/api.w.org\/{rel}","templated":true}]}}