{"id":129445,"date":"2025-12-31T00:59:09","date_gmt":"2025-12-31T00:59:09","guid":{"rendered":"https:\/\/www.europesays.com\/fi\/129445\/"},"modified":"2025-12-31T00:59:09","modified_gmt":"2025-12-31T00:59:09","slug":"juha-lammisen-elamassa-on-ehtinyt-tapahtua-paljon-tuore-soolosingle-kaansi-taas-uuden-sivun","status":"publish","type":"post","link":"https:\/\/www.europesays.com\/fi\/129445\/","title":{"rendered":"Juha Lammisen el\u00e4m\u00e4ss\u00e4 on ehtinyt tapahtua paljon \u2013 Tuore soolosingle k\u00e4\u00e4nsi taas uuden sivun"},"content":{"rendered":"<p>Joulukuun 29. p\u00e4iv\u00e4 julkaistu J\u00e4\u00e4prinsessa on suurella todenn\u00e4k\u00f6isyydell\u00e4 kolme vuotta sitten edesmenneen Teemu Ruokosken viimeinen julkaistava s\u00e4vellys.<\/p>\n<p>30.12. 12:00<\/p>\n<p class=\"article-body mb-nof-24 px-nof-16\">Pori<\/p>\n<p class=\"article-body mb-nof-24 px-nof-16\">Laulaja <a class=\"font-bold underline-offset-[0.12em] [text-decoration:var(--person-link-text-decoration)] ![text-decoration-color:var(--person-link-text-decoration-color)]\" href=\"https:\/\/www.satakunnankansa.fi\/haku\/?query=Juha%20Lamminen\" rel=\"nofollow noopener\" target=\"_blank\">Juha Lamminen<\/a>, 45, on ehtinyt tehd\u00e4 jo urallaan jos jonkinlaista, mutta 29. joulukuuta tapahtui jotain sellaista, mist\u00e4 ei ole aiempaa kokemusta.<\/p>\n<p class=\"article-body mb-nof-24 px-nof-16\">Lammiselta, artistinimelt\u00e4\u00e4n Juha Ensiolta tuli ensimm\u00e4inen soolosingle. Sen nimi on J\u00e4\u00e4prinsessa.<\/p>\n<p class=\"article-body mb-nof-24 px-nof-16\">\u201dHullulta se v\u00e4h\u00e4n tuntuu, mutta niin se tosiaan on.\u201d<\/p>\n","protected":false},"excerpt":{"rendered":"Joulukuun 29. p\u00e4iv\u00e4 julkaistu J\u00e4\u00e4prinsessa on suurella todenn\u00e4k\u00f6isyydell\u00e4 kolme vuotta sitten edesmenneen Teemu Ruokosken viimeinen julkaistava s\u00e4vellys. 30.12.&hellip;\n","protected":false},"author":2,"featured_media":129446,"comment_status":"","ping_status":"","sticky":false,"template":"","format":"standard","meta":{"footnotes":""},"categories":[136],"tags":[407,137,33,31,30,408,80,32,109],"class_list":{"0":"post-129445","1":"post","2":"type-post","3":"status-publish","4":"format-standard","5":"has-post-thumbnail","7":"category-julkkikset","8":"tag-celebrities","9":"tag-entertainment","10":"tag-fi","11":"tag-finland","12":"tag-finnish","13":"tag-julkkikset","14":"tag-satakunnan-kansa","15":"tag-suomi","16":"tag-viihde"},"share_on_mastodon":{"url":"https:\/\/pubeurope.com\/@fi\/115811474618649186","error":""},"_links":{"self":[{"href":"https:\/\/www.europesays.com\/fi\/wp-json\/wp\/v2\/posts\/129445","targetHints":{"allow":["GET"]}}],"collection":[{"href":"https:\/\/www.europesays.com\/fi\/wp-json\/wp\/v2\/posts"}],"about":[{"href":"https:\/\/www.europesays.com\/fi\/wp-json\/wp\/v2\/types\/post"}],"author":[{"embeddable":true,"href":"https:\/\/www.europesays.com\/fi\/wp-json\/wp\/v2\/users\/2"}],"replies":[{"embeddable":true,"href":"https:\/\/www.europesays.com\/fi\/wp-json\/wp\/v2\/comments?post=129445"}],"version-history":[{"count":0,"href":"https:\/\/www.europesays.com\/fi\/wp-json\/wp\/v2\/posts\/129445\/revisions"}],"wp:featuredmedia":[{"embeddable":true,"href":"https:\/\/www.europesays.com\/fi\/wp-json\/wp\/v2\/media\/129446"}],"wp:attachment":[{"href":"https:\/\/www.europesays.com\/fi\/wp-json\/wp\/v2\/media?parent=129445"}],"wp:term":[{"taxonomy":"category","embeddable":true,"href":"https:\/\/www.europesays.com\/fi\/wp-json\/wp\/v2\/categories?post=129445"},{"taxonomy":"post_tag","embeddable":true,"href":"https:\/\/www.europesays.com\/fi\/wp-json\/wp\/v2\/tags?post=129445"}],"curies":[{"name":"wp","href":"https:\/\/api.w.org\/{rel}","templated":true}]}}