{"id":129469,"date":"2025-12-31T01:38:09","date_gmt":"2025-12-31T01:38:09","guid":{"rendered":"https:\/\/www.europesays.com\/fi\/129469\/"},"modified":"2025-12-31T01:38:09","modified_gmt":"2025-12-31T01:38:09","slug":"yksi-kuoli-kolarissa-porissa","status":"publish","type":"post","link":"https:\/\/www.europesays.com\/fi\/129469\/","title":{"rendered":"Yksi kuoli kolarissa Porissa"},"content":{"rendered":"<p>Kahden ajoneuvon per\u00e4\u00e4najo tapahtui tiistaina Porin Noormarkussa.<\/p>\n<p><img decoding=\"async\" class=\"image image-show image-preview\" src=\"https:\/\/www.europesays.com\/fi\/wp-content\/uploads\/2025\/12\/58df644a25964375ddb9d622fe67e841e2888c1a54270f52e430e46ab8054a19.jpg\" alt=\"\"\/><img decoding=\"async\" class=\"image image-show\" src=\"https:\/\/www.europesays.com\/fi\/wp-content\/uploads\/2025\/12\/1767145089_180_58df644a25964375ddb9d622fe67e841e2888c1a54270f52e430e46ab8054a19.jpg\" alt=\"\"\/><\/p>\n<p>Poliisi kertoo tiedottavansa asiasta lis\u00e4\u00e4 keskiviikkona. Inka Soveri<\/p>\n<p class=\"paragraph\">Yksi henkil\u00f6 kuoli per\u00e4\u00e4najossa Porin Noormarkussa tiistaina, tiedottaa Lounais-Suomen poliisilaitos.<\/p>\n<p class=\"paragraph\">Poliisi sai kello 16.41 h\u00e4lytyksen valtatie 23:n ja Rauhalammintien risteysalueella tapahtuneesta onnettomuudesta.<\/p>\n<p class=\"paragraph\">Kahden ajoneuvon per\u00e4\u00e4najossa kuoli yksi aikuinen henkil\u00f6. Yksi henkil\u00f6 kuljetettiin sairaalahoitoon, poliisin tiedotteessa kerrotaan.<\/p>\n<p class=\"paragraph\">Pelastuslaitoksen tiedotteen mukaan kyseess\u00e4 oli kuorma-auton ja henkil\u00f6auton v\u00e4linen risteyskolari.<\/p>\n<p class=\"paragraph\">Poliisi kertoo tiedottavansa asiasta lis\u00e4\u00e4 keskiviikkona.<\/p>\n","protected":false},"excerpt":{"rendered":"Kahden ajoneuvon per\u00e4\u00e4najo tapahtui tiistaina Porin Noormarkussa. Poliisi kertoo tiedottavansa asiasta lis\u00e4\u00e4 keskiviikkona. Inka Soveri Yksi henkil\u00f6 kuoli&hellip;\n","protected":false},"author":2,"featured_media":129470,"comment_status":"","ping_status":"","sticky":false,"template":"","format":"standard","meta":{"footnotes":""},"categories":[12],"tags":[35,22,23,26,27,33,31,30,17,24,25,121,28,29,15,120,18,21,122,54,32,128,19,20,16],"class_list":{"0":"post-129469","1":"post","2":"type-post","3":"status-publish","4":"format-standard","5":"has-post-thumbnail","7":"category-suomi","8":"tag-24h","9":"tag-breaking-news","10":"tag-breakingnews","11":"tag-featured-news","12":"tag-featurednews","13":"tag-fi","14":"tag-finland","15":"tag-finnish","16":"tag-headlines","17":"tag-latest-news","18":"tag-latestnews","19":"tag-liikenne-ja-kuljetus","20":"tag-main-news","21":"tag-mainnews","22":"tag-news","23":"tag-onnettomuustapaus","24":"tag-otsikot","25":"tag-paauutiset","26":"tag-pelastaminen","27":"tag-pelastuspalvelut","28":"tag-suomi","29":"tag-tieliikenne","30":"tag-top-stories","31":"tag-topstories","32":"tag-uutiset"},"share_on_mastodon":{"url":"https:\/\/pubeurope.com\/@fi\/115811628052564736","error":""},"_links":{"self":[{"href":"https:\/\/www.europesays.com\/fi\/wp-json\/wp\/v2\/posts\/129469","targetHints":{"allow":["GET"]}}],"collection":[{"href":"https:\/\/www.europesays.com\/fi\/wp-json\/wp\/v2\/posts"}],"about":[{"href":"https:\/\/www.europesays.com\/fi\/wp-json\/wp\/v2\/types\/post"}],"author":[{"embeddable":true,"href":"https:\/\/www.europesays.com\/fi\/wp-json\/wp\/v2\/users\/2"}],"replies":[{"embeddable":true,"href":"https:\/\/www.europesays.com\/fi\/wp-json\/wp\/v2\/comments?post=129469"}],"version-history":[{"count":0,"href":"https:\/\/www.europesays.com\/fi\/wp-json\/wp\/v2\/posts\/129469\/revisions"}],"wp:featuredmedia":[{"embeddable":true,"href":"https:\/\/www.europesays.com\/fi\/wp-json\/wp\/v2\/media\/129470"}],"wp:attachment":[{"href":"https:\/\/www.europesays.com\/fi\/wp-json\/wp\/v2\/media?parent=129469"}],"wp:term":[{"taxonomy":"category","embeddable":true,"href":"https:\/\/www.europesays.com\/fi\/wp-json\/wp\/v2\/categories?post=129469"},{"taxonomy":"post_tag","embeddable":true,"href":"https:\/\/www.europesays.com\/fi\/wp-json\/wp\/v2\/tags?post=129469"}],"curies":[{"name":"wp","href":"https:\/\/api.w.org\/{rel}","templated":true}]}}