{"id":129471,"date":"2025-12-31T01:39:09","date_gmt":"2025-12-31T01:39:09","guid":{"rendered":"https:\/\/www.europesays.com\/fi\/129471\/"},"modified":"2025-12-31T01:39:09","modified_gmt":"2025-12-31T01:39:09","slug":"gondolihissi-joutui-onnettomuuteen-italiassa-hs-fi","status":"publish","type":"post","link":"https:\/\/www.europesays.com\/fi\/129471\/","title":{"rendered":"Gondolihissi joutui onnettomuuteen Italiassa | HS.fi"},"content":{"rendered":"<p>Italia|Gondolihissiin tuli jarruvika, mink\u00e4 vuoksi koppi t\u00f6rm\u00e4si hissirakenteisiin, kertoo italialainen Ansa-uutistoimisto.<\/p>\n<p>30.12. 16:29<\/p>\n<p class=\"article-body mb-nof-24 px-nof-16\">Ainakin nelj\u00e4 ihmist\u00e4 loukkaantui ja noin sata ihmist\u00e4 evakuoitiin hissionnettomuuden vuoksi Italiassa tiistaina, kertoo uutistoimisto Reuters.<\/p>\n<p class=\"article-body mb-nof-24 px-nof-16\">Onnettomuus sattui vuoristossa Piemonten alueella Monte Moro -vuorella.<\/p>\n<p class=\"article-body mb-nof-24 px-nof-16\">Gondolihissin yl\u00e4asemalle saapuneeseen hissikoppiin tuli jarruvika ja se t\u00f6rm\u00e4si hissirakenteisiin, kertoo italialainen Ansa-uutistoimisto.<\/p>\n<p class=\"article-body mb-nof-24 px-nof-16\">Kolme hissikopin matkustajaa loukkaantui. T\u00f6rm\u00e4ys vaikutti my\u00f6s toisen hissikopin kulkuun hissin ala-asemalla, jonka my\u00f6t\u00e4 yksi hissin henkil\u00f6kunnan j\u00e4sen loukkaantui.<\/p>\n<p class=\"article-body mb-nof-24 px-nof-16\">Hissiyhteys katkesi, ja noin sata ihmist\u00e4 mukaan lukien lapsia ja ulkomaalaisia turisteja j\u00e4i jumiin noin 2\u202f800 metrin korkeuteen. Heid\u00e4t evakuoitiin vuorelta helikoptereilla.<\/p>\n<p class=\"article-body mb-nof-24 px-nof-16\">Vakavilta loukkaantumisilta v\u00e4ltyttiin.<\/p>\n<p class=\"article-body mb-nof-24 px-nof-16\">L\u00e4heiset laskettelurinteet suljettiin v\u00e4liaikaisesti onnettomuuden j\u00e4lkeen.<\/p>\n","protected":false},"excerpt":{"rendered":"Italia|Gondolihissiin tuli jarruvika, mink\u00e4 vuoksi koppi t\u00f6rm\u00e4si hissirakenteisiin, kertoo italialainen Ansa-uutistoimisto. 30.12. 16:29 Ainakin nelj\u00e4 ihmist\u00e4 loukkaantui ja&hellip;\n","protected":false},"author":2,"featured_media":129472,"comment_status":"","ping_status":"","sticky":false,"template":"","format":"standard","meta":{"footnotes":""},"categories":[5],"tags":[22,23,26,27,33,31,30,17,46,24,25,28,29,15,18,21,32,19,20,16],"class_list":{"0":"post-129471","1":"post","2":"type-post","3":"status-publish","4":"format-standard","5":"has-post-thumbnail","7":"category-otsikot","8":"tag-breaking-news","9":"tag-breakingnews","10":"tag-featured-news","11":"tag-featurednews","12":"tag-fi","13":"tag-finland","14":"tag-finnish","15":"tag-headlines","16":"tag-helsingin-sanomat","17":"tag-latest-news","18":"tag-latestnews","19":"tag-main-news","20":"tag-mainnews","21":"tag-news","22":"tag-otsikot","23":"tag-paauutiset","24":"tag-suomi","25":"tag-top-stories","26":"tag-topstories","27":"tag-uutiset"},"share_on_mastodon":{"url":"https:\/\/pubeurope.com\/@fi\/115811631930500952","error":""},"_links":{"self":[{"href":"https:\/\/www.europesays.com\/fi\/wp-json\/wp\/v2\/posts\/129471","targetHints":{"allow":["GET"]}}],"collection":[{"href":"https:\/\/www.europesays.com\/fi\/wp-json\/wp\/v2\/posts"}],"about":[{"href":"https:\/\/www.europesays.com\/fi\/wp-json\/wp\/v2\/types\/post"}],"author":[{"embeddable":true,"href":"https:\/\/www.europesays.com\/fi\/wp-json\/wp\/v2\/users\/2"}],"replies":[{"embeddable":true,"href":"https:\/\/www.europesays.com\/fi\/wp-json\/wp\/v2\/comments?post=129471"}],"version-history":[{"count":0,"href":"https:\/\/www.europesays.com\/fi\/wp-json\/wp\/v2\/posts\/129471\/revisions"}],"wp:featuredmedia":[{"embeddable":true,"href":"https:\/\/www.europesays.com\/fi\/wp-json\/wp\/v2\/media\/129472"}],"wp:attachment":[{"href":"https:\/\/www.europesays.com\/fi\/wp-json\/wp\/v2\/media?parent=129471"}],"wp:term":[{"taxonomy":"category","embeddable":true,"href":"https:\/\/www.europesays.com\/fi\/wp-json\/wp\/v2\/categories?post=129471"},{"taxonomy":"post_tag","embeddable":true,"href":"https:\/\/www.europesays.com\/fi\/wp-json\/wp\/v2\/tags?post=129471"}],"curies":[{"name":"wp","href":"https:\/\/api.w.org\/{rel}","templated":true}]}}