{"id":129510,"date":"2025-12-31T02:57:11","date_gmt":"2025-12-31T02:57:11","guid":{"rendered":"https:\/\/www.europesays.com\/fi\/129510\/"},"modified":"2025-12-31T02:57:11","modified_gmt":"2025-12-31T02:57:11","slug":"suuri-pankkiryosto-saksassa-saalis-kymmenia-miljoonia","status":"publish","type":"post","link":"https:\/\/www.europesays.com\/fi\/129510\/","title":{"rendered":"Suuri pankkiry\u00f6st\u00f6 Saksassa \u2013 saalis kymmeni\u00e4 miljoonia"},"content":{"rendered":"<p>Varkaat porasivat sein\u00e4\u00e4n rei\u00e4n ja veiv\u00e4t mukanaan suuren m\u00e4\u00e4r\u00e4n k\u00e4teist\u00e4 rahaa.<\/p>\n<p>30.12. 17:10 | P\u00e4ivitetty 30.12. 19:51<\/p>\n<p class=\"article-body mb-nof-24 px-nof-16\">Saksassa on sattunut suuri pankkimurto, jossa varkaat onnistuivat viem\u00e4\u00e4n omaisuutta arviolta 30 miljoonan euron edest\u00e4. Asiasta on tiedottanut Saksan poliisi.<\/p>\n<p class=\"article-body mb-nof-24 px-nof-16\">Varastettuun saaliiseen kuului huomattava m\u00e4\u00e4r\u00e4 k\u00e4teist\u00e4 rahaa. Tapahtumasta ovat uutisoineet muun muassa saksalainen <a class=\"underline underline-offset-[0.12em] [text-decoration-thickness:var(--generic-link-underline-thickness)] [text-decoration-color:var(--generic-link-underline-color)] [text-decoration-skip-ink:var(--generic-link-underline-skip-ink)] break-words article-em\" href=\"https:\/\/www.bild.de\/regional\/nordrhein-westfalen\/einbruch-in-gelsenkirchen-sparkasse-bleibt-weiter-zu-69537af24a45863a679f3eaa\" rel=\"nofollow noopener\" target=\"_blank\">Bild<\/a> ja uutistoimisto AFP.<\/p>\n<p class=\"article-body mb-nof-24 px-nof-16\">Murto tehtiin Gelsenkirchenin kaupungissa sijaitsevaan Sparkasse-pankkiin. Varkaat porasivat pankkirakennuksen sein\u00e4\u00e4n suuren rei\u00e4n, jota kautta he p\u00e4\u00e4siv\u00e4t k\u00e4siksi pankkiholvissa s\u00e4ilytett\u00e4v\u00e4\u00e4n omaisuuteen.<\/p>\n<p class=\"article-body mb-nof-24 px-nof-16\">Murto pankkiin havaittiin Bildin mukaan varhain maanantaiaamuna, kun paloh\u00e4lytys h\u00e4lytti paikalle pelastuslaitoksen ja poliisin.<\/p>\n<p><img decoding=\"async\" src=\"https:\/\/www.europesays.com\/fi\/wp-content\/uploads\/2025\/12\/1767149830_564_468.jpg\" alt=\"\" class=\"_Img_1rerz_1\" style=\"aspect-ratio:1.5\" loading=\"eager\"\/><\/p>\n<p class=\"article-picture-caption\">Kuva:\u00a0Christoph Reichwein \/ dpa \/ Zuma \/ MVPhotos<\/p>\n<p><img decoding=\"async\" src=\"https:\/\/www.europesays.com\/fi\/wp-content\/uploads\/2025\/12\/1767149830_671_468.jpg\" alt=\"\" class=\"_Img_1rerz_1\" style=\"aspect-ratio:1.5\" loading=\"eager\"\/><\/p>\n<p class=\"article-picture-caption\">Kuva:\u00a0Christoph Reichwein \/ dpa \/ Zuma \/ MVPhotos<\/p>\n<p class=\"article-body mb-nof-24 px-nof-16\">Bildin mukaan pankin holvissa on noin 3\u202f300 erikokoista tallelokeroa, joita vuokraa yhteens\u00e4 2\u202f700 asiakasta.<\/p>\n<p class=\"article-body mb-nof-24 px-nof-16\">Jokainen tallelokeroista on vakuutettu, jopa yli 10\u202f000 eurolla.<\/p>\n<p class=\"article-body mb-nof-24 px-nof-16\">Sadat pankin asiakkaat ovat olleet huolissaan omaisuutensa kohtalosta, ja poliisi joutui tiistaina sulkemaan Sparkasse-pankin kokonaan.<\/p>\n<p class=\"article-body mb-nof-24 px-nof-16\">Bildin mukaan jotkut pankin eteen kokoontuneet asiakkaat ovat jopa itkeneet.<\/p>\n<p class=\"article-body mb-nof-24 px-nof-16\">Pankista on vakuutettu, ett\u00e4 sen ty\u00f6ntekij\u00e4t pyrkiv\u00e4t ensisijassa olemaan yhteydess\u00e4 kaikkiin tallelokeron vuokraajiin.<\/p>\n<p class=\"article-body mb-nof-24 px-nof-16\">Poliisi on Bildin mukaan kertonut, ett\u00e4 murto suoritettiin ammattimaisesti. Varkaat onnistuivat murtautumaan holviin tiett\u00e4v\u00e4sti parkkihallin kautta.<\/p>\n<p class=\"article-body mb-nof-24 px-nof-16\">Murtoon osallistuneiden henkil\u00f6llisyydest\u00e4 poliisilla ei kuitenkaan ole toistaiseksi tietoa.<\/p>\n<p><img decoding=\"async\" src=\"https:\/\/www.europesays.com\/fi\/wp-content\/uploads\/2025\/12\/1767149830_414_468.jpg\" alt=\"\" class=\"_Img_1rerz_1\" style=\"aspect-ratio:0.9734375\" loading=\"eager\"\/><\/p>\n<p class=\"article-picture-caption\">Kuva:\u00a0AFP \/ Lehtikuva \/  Police Gelsenkirchen<\/p>\n<p><img decoding=\"async\" src=\"https:\/\/www.europesays.com\/fi\/wp-content\/uploads\/2025\/12\/1767149831_958_468.jpg\" alt=\"\" class=\"_Img_1rerz_1\" style=\"aspect-ratio:1.437125748502994\" loading=\"eager\"\/><\/p>\n<p class=\"article-picture-caption\">Kuva:\u00a0Christoph Reichwein \/ dpa \/ Zuma \/ MVPhotos<\/p>\n<p class=\"article-body nof-ui-body-medium mb-nof-24 px-nof-16\">Juttua p\u00e4ivitetty 30.12.2025 kello 17.23: Korjattu sana pankkiry\u00f6st\u00f6 muotoon pankkimurto.<\/p>\n","protected":false},"excerpt":{"rendered":"Varkaat porasivat sein\u00e4\u00e4n rei\u00e4n ja veiv\u00e4t mukanaan suuren m\u00e4\u00e4r\u00e4n k\u00e4teist\u00e4 rahaa. 30.12. 17:10 | P\u00e4ivitetty 30.12. 19:51 Saksassa&hellip;\n","protected":false},"author":2,"featured_media":129511,"comment_status":"","ping_status":"","sticky":false,"template":"","format":"standard","meta":{"footnotes":""},"categories":[12],"tags":[22,23,26,27,33,31,30,17,34,24,25,28,29,15,18,21,32,19,20,16],"class_list":{"0":"post-129510","1":"post","2":"type-post","3":"status-publish","4":"format-standard","5":"has-post-thumbnail","7":"category-suomi","8":"tag-breaking-news","9":"tag-breakingnews","10":"tag-featured-news","11":"tag-featurednews","12":"tag-fi","13":"tag-finland","14":"tag-finnish","15":"tag-headlines","16":"tag-ilta-sanomat","17":"tag-latest-news","18":"tag-latestnews","19":"tag-main-news","20":"tag-mainnews","21":"tag-news","22":"tag-otsikot","23":"tag-paauutiset","24":"tag-suomi","25":"tag-top-stories","26":"tag-topstories","27":"tag-uutiset"},"share_on_mastodon":{"url":"https:\/\/pubeurope.com\/@fi\/115811938684012832","error":""},"_links":{"self":[{"href":"https:\/\/www.europesays.com\/fi\/wp-json\/wp\/v2\/posts\/129510","targetHints":{"allow":["GET"]}}],"collection":[{"href":"https:\/\/www.europesays.com\/fi\/wp-json\/wp\/v2\/posts"}],"about":[{"href":"https:\/\/www.europesays.com\/fi\/wp-json\/wp\/v2\/types\/post"}],"author":[{"embeddable":true,"href":"https:\/\/www.europesays.com\/fi\/wp-json\/wp\/v2\/users\/2"}],"replies":[{"embeddable":true,"href":"https:\/\/www.europesays.com\/fi\/wp-json\/wp\/v2\/comments?post=129510"}],"version-history":[{"count":0,"href":"https:\/\/www.europesays.com\/fi\/wp-json\/wp\/v2\/posts\/129510\/revisions"}],"wp:featuredmedia":[{"embeddable":true,"href":"https:\/\/www.europesays.com\/fi\/wp-json\/wp\/v2\/media\/129511"}],"wp:attachment":[{"href":"https:\/\/www.europesays.com\/fi\/wp-json\/wp\/v2\/media?parent=129510"}],"wp:term":[{"taxonomy":"category","embeddable":true,"href":"https:\/\/www.europesays.com\/fi\/wp-json\/wp\/v2\/categories?post=129510"},{"taxonomy":"post_tag","embeddable":true,"href":"https:\/\/www.europesays.com\/fi\/wp-json\/wp\/v2\/tags?post=129510"}],"curies":[{"name":"wp","href":"https:\/\/api.w.org\/{rel}","templated":true}]}}