{"id":129512,"date":"2025-12-31T02:58:09","date_gmt":"2025-12-31T02:58:09","guid":{"rendered":"https:\/\/www.europesays.com\/fi\/129512\/"},"modified":"2025-12-31T02:58:09","modified_gmt":"2025-12-31T02:58:09","slug":"yksi-kuoli-henkiloauton-ja-kuorma-auton-kolarissa-porissa","status":"publish","type":"post","link":"https:\/\/www.europesays.com\/fi\/129512\/","title":{"rendered":"Yksi kuoli henkil\u00f6auton ja kuorma-auton kolarissa Porissa"},"content":{"rendered":"<p>Kahden ajoneuvon per\u00e4\u00e4najossa kuoli yksi aikuinen henkil\u00f6. Yksi henkil\u00f6 kuljetettiin hoitoon sairaalaan.<\/p>\n<p>30.12. 21:58<\/p>\n<p class=\"article-body mb-nof-24 px-nof-16\">Yksi henkil\u00f6 on kuollut kuorma-auton ja henkil\u00f6auton kolarissa Porin Noormarkussa tiistaina, kertoo poliisi.<\/p>\n<p class=\"article-body mb-nof-24 px-nof-16\">Onnettomuus sattui valtatie 23:n ja Rauhalammintien risteysalueella kello 16.41.<\/p>\n<p class=\"article-body mb-nof-24 px-nof-16\">Kahden ajoneuvon per\u00e4\u00e4najossa kuoli yksi aikuinen henkil\u00f6. Yksi henkil\u00f6 kuljetettiin hoitoon sairaalaan.<\/p>\n<p class=\"article-body mb-nof-24 px-nof-16\">Pelastus- ja raivaust\u00f6iden vuoksi toinen ajokaista oli suljettu liikenteelt\u00e4 yli kaksi tuntia.<\/p>\n","protected":false},"excerpt":{"rendered":"Kahden ajoneuvon per\u00e4\u00e4najossa kuoli yksi aikuinen henkil\u00f6. Yksi henkil\u00f6 kuljetettiin hoitoon sairaalaan. 30.12. 21:58 Yksi henkil\u00f6 on kuollut&hellip;\n","protected":false},"author":2,"featured_media":129513,"comment_status":"","ping_status":"","sticky":false,"template":"","format":"standard","meta":{"footnotes":""},"categories":[5],"tags":[157,22,23,26,27,33,31,30,17,24,25,28,29,15,18,21,32,19,20,16],"class_list":{"0":"post-129512","1":"post","2":"type-post","3":"status-publish","4":"format-standard","5":"has-post-thumbnail","7":"category-otsikot","8":"tag-aamulehti","9":"tag-breaking-news","10":"tag-breakingnews","11":"tag-featured-news","12":"tag-featurednews","13":"tag-fi","14":"tag-finland","15":"tag-finnish","16":"tag-headlines","17":"tag-latest-news","18":"tag-latestnews","19":"tag-main-news","20":"tag-mainnews","21":"tag-news","22":"tag-otsikot","23":"tag-paauutiset","24":"tag-suomi","25":"tag-top-stories","26":"tag-topstories","27":"tag-uutiset"},"share_on_mastodon":{"url":"https:\/\/pubeurope.com\/@fi\/115811942592792161","error":""},"_links":{"self":[{"href":"https:\/\/www.europesays.com\/fi\/wp-json\/wp\/v2\/posts\/129512","targetHints":{"allow":["GET"]}}],"collection":[{"href":"https:\/\/www.europesays.com\/fi\/wp-json\/wp\/v2\/posts"}],"about":[{"href":"https:\/\/www.europesays.com\/fi\/wp-json\/wp\/v2\/types\/post"}],"author":[{"embeddable":true,"href":"https:\/\/www.europesays.com\/fi\/wp-json\/wp\/v2\/users\/2"}],"replies":[{"embeddable":true,"href":"https:\/\/www.europesays.com\/fi\/wp-json\/wp\/v2\/comments?post=129512"}],"version-history":[{"count":0,"href":"https:\/\/www.europesays.com\/fi\/wp-json\/wp\/v2\/posts\/129512\/revisions"}],"wp:featuredmedia":[{"embeddable":true,"href":"https:\/\/www.europesays.com\/fi\/wp-json\/wp\/v2\/media\/129513"}],"wp:attachment":[{"href":"https:\/\/www.europesays.com\/fi\/wp-json\/wp\/v2\/media?parent=129512"}],"wp:term":[{"taxonomy":"category","embeddable":true,"href":"https:\/\/www.europesays.com\/fi\/wp-json\/wp\/v2\/categories?post=129512"},{"taxonomy":"post_tag","embeddable":true,"href":"https:\/\/www.europesays.com\/fi\/wp-json\/wp\/v2\/tags?post=129512"}],"curies":[{"name":"wp","href":"https:\/\/api.w.org\/{rel}","templated":true}]}}