{"id":129514,"date":"2025-12-31T03:10:10","date_gmt":"2025-12-31T03:10:10","guid":{"rendered":"https:\/\/www.europesays.com\/fi\/129514\/"},"modified":"2025-12-31T03:10:10","modified_gmt":"2025-12-31T03:10:10","slug":"laulaja-joel-hallikainen-paljastaa-rakentaneensa-itselleen-puisen-hauta-arkun","status":"publish","type":"post","link":"https:\/\/www.europesays.com\/fi\/129514\/","title":{"rendered":"Laulaja Joel Hallikainen paljastaa rakentaneensa itselleen puisen hauta-arkun"},"content":{"rendered":"<p>            Seiskan arkisto &amp; Adobe Stock\n        <\/p>\n<p class=\"subtitle \">Laulaja kuvailee hauta-arkkuaan Hapsuyksi\u00f6ksi.<\/p>\n<p class=\"article-content article-content-width !bg-background\">Laulaja , 64, julkaisi uudenvuoden kynnyksell\u00e4 pys\u00e4ytt\u00e4v\u00e4n somep\u00e4ivityksen.<\/p>\n<p class=\"article-content article-content-width !bg-background\">Kuurankukka-hitist\u00e4\u00e4n tunnettu takavuosien t\u00e4hti l\u00e4v\u00e4ytti tiskiin kuvan puisesta hauta-arkusta. Sen h\u00e4n on rakentanut itselleen.<\/p>\n<p class=\"article-content article-content-width !bg-background\">Hallikainen julkaisi arkkukuvan Facebook-tilill\u00e4\u00e4n. Sit\u00e4 ryyditti pitk\u00e4 ja polveileva teksti, jossa Joel perustelee rakentamaansa arkkua.<\/p>\n<p class=\"article-content article-content-width !bg-background\">\u2013 Jo vuosia sitten rakensin itselleni arkun \u2013 Hapsuyksi\u00f6n. Tein suruty\u00f6t\u00e4. Surin anoppini kuolemaa, Joel kirjoittaa.<\/p>\n<p>        <a itemprop=\"url\" href=\"https:\/\/www.seiska.fi\/kotimaa\/timo-koivusalon-poika-tormasi-sattumalta-joel-hallikaiseen-nain-keskustelu-eteni\/1643494\" rel=\"nofollow noopener\" target=\"_blank\"><\/p>\n<p>\nKoivusalo &amp; Hallikainen\n<\/p>\n<p class=\"section-date\">\n        <strong class=\"article-section\" data-section=\"kotimaa\"><br \/>\n            kotimaa<br \/>\n        <\/strong><br \/>\n        17.3. 07:00\n    <\/p>\n<p>Timo Koivusalon poika t\u00f6rm\u00e4si sattumalta Joel Hallikaiseen \u2013 n\u00e4in keskustelu eteni\n    <\/p>\n<p itemprop=\"description\" class=\"subtitle \">\n    Severi Koivusalo p\u00e4\u00e4si sattumalta jututtamaan \u201dJokkea\u201d ruotsinlaivalla.\n<\/p>\n<p>        <\/a><\/p>\n<p class=\"article-content article-content-width !bg-background\">\u2013 Se osui l\u00e4helle. Siin\u00e4 yksi\u00f6t\u00e4ni v\u00e4s\u00e4tess\u00e4 odotin saavani jonkinlaisen vastauksen el\u00e4m\u00e4ni suurimpaan kysymykseen, vaan en saanut. Ei kuulunut \u00e4\u00e4ni\u00e4. Ei n\u00e4kynyt valoja. Ei mit\u00e4\u00e4n.<\/p>\n<p>Yst\u00e4v\u00e4 arkkuun<\/p>\n<p class=\"article-content article-content-width !bg-background\">Samaisessa julkaisussa Joel kertoo, kuinka h\u00e4nen yst\u00e4v\u00e4ns\u00e4 tuli k\u00e4ym\u00e4\u00e4n kyl\u00e4ss\u00e4 ja halusi n\u00e4hd\u00e4 h\u00e4nen rakentamansa hauta-arkun.<\/p>\n<p class=\"article-content article-content-width !bg-background\">K\u00e4vi ilmi, ett\u00e4 my\u00f6s yst\u00e4v\u00e4 oli ollut samanlaisissa arkkuajatuksissa \u2013 siis sen rakennusmieless\u00e4.<\/p>\n<p>\n            Kamu arkkuun ja kansi kiinni.\n            <\/p>\n<p class=\"article-content article-content-width !bg-background\">\u2013 H\u00e4n pyysi p\u00e4\u00e4st\u00e4 kokeilemaan. Nostimme Hapsuyksi\u00f6n keskelle pihaa. Kamu arkkuun ja kansi kiinni.<\/p>\n<p class=\"article-content article-content-width !bg-background\">\u2013 Siell\u00e4 h\u00e4n makoili mittaboxissa keskell\u00e4 kaunista kes\u00e4\u00e4. \u00c4l\u00e4 ymm\u00e4rr\u00e4 v\u00e4\u00e4rin: en pilkkaa, en leiki vakavalla aiheella, mutta meill\u00e4 oli hauskaa. Olimme mustan huumorin kivijalassa.<\/p>\n<p>        <a itemprop=\"url\" href=\"https:\/\/www.seiska.fi\/kotimaa\/seiska-paikalla-timo-koivusalo-juhlistaa-nayttavasti-60-vuotispaivaansa-mutta-missa-on-joel-hallikainen\/1178847\" rel=\"nofollow noopener\" target=\"_blank\"><\/p>\n<p class=\"section-date\">\n        <strong class=\"article-section\" data-section=\"kotimaa\"><br \/>\n            kotimaa<br \/>\n        <\/strong><br \/>\n        31.10.2023 18:53\n    <\/p>\n<p>Seiska paikalla: Timo Koivusalo juhlistaa n\u00e4ytt\u00e4v\u00e4sti 60-vuotisp\u00e4iv\u00e4\u00e4ns\u00e4 \u2013 mutta miss\u00e4 on Joel Hallikainen?\n    <\/p>\n<p itemprop=\"description\" class=\"subtitle \">\n    Tuttu Juttu Show\u2019sta ja Pekko-elokuvistaan tunnettu Timo Koivusalo juhlistaa parhaillaan 60-vuotisp\u00e4ivi\u00e4\u00e4n.\n<\/p>\n<p>        <\/a><\/p>\n<p>                <img decoding=\"async\" src=\"https:\/\/www.europesays.com\/fi\/wp-content\/uploads\/2025\/12\/2034353.webp.jpeg\" width=\"576\" height=\"720\" alt=\"Joel Hallikainen rakensi itselleen hauta-arkun.\" loading=\"lazy\" \/>            <\/p>\n<p>\n            Joel Hallikainen rakensi itselleen hauta-arkun.<br \/>\n            Timo Korhonen\n        <\/p>\n<p>My\u00f6s Joel arkkuun<\/p>\n<p class=\"article-content article-content-width !bg-background\">Facebook-p\u00e4ivityksen mukaan musta huumori alkoi kukkia niin, ett\u00e4 valtaisa tunnery\u00f6ppy otti yst\u00e4vyksist\u00e4 vallan.<\/p>\n<p class=\"article-content article-content-width !bg-background\">\u2013 \u00c4l\u00e4 ymm\u00e4rr\u00e4 v\u00e4\u00e4rin, mutta nauroimme vedet silmiss\u00e4 mahdotonta leikki\u00e4, jota kukaan ei ollut leikkinyt t\u00e4ss\u00e4 mitassa ennen meit\u00e4 \u2014 ainakaan t\u00e4ll\u00e4 pihalla. Se oli tavattoman raikasta ja puhdistavaa.<\/p>\n<p>\n            Poika laatikkoon ja kansi kiinni. Siell\u00e4 olin. Pime\u00e4ss\u00e4, yksin.\n            <\/p>\n<p class=\"article-content article-content-width !bg-background\">Sen j\u00e4lkeen my\u00f6s herra Hallikainen intoutui testaamaan arkkua.<\/p>\n<p class=\"article-content article-content-width !bg-background\">\u2013 Poika laatikkoon ja kansi kiinni. Siell\u00e4 olin. Pime\u00e4ss\u00e4, yksin. Puinen kansi nen\u00e4ss\u00e4. Juuri minun kokoinen puinen mittapukupalttoo! Eik\u00e4 tuntunut milt\u00e4\u00e4n.<\/p>\n<p>        <a itemprop=\"url\" href=\"https:\/\/www.seiska.fi\/kotimaa\/joel-hallikainen-ja-timo-koivusalo-ystavyydelle-tyly-loppu\/1919011\" rel=\"nofollow noopener\" target=\"_blank\"><\/p>\n<p>\nHallikainen ja Koivusalo:\n<\/p>\n<p class=\"section-date\">\n        <strong class=\"article-section\" data-section=\"kotimaa\"><br \/>\n            kotimaa<br \/>\n        <\/strong><br \/>\n        21.9. 09:00\n    <\/p>\n<p>Joel Hallikainen ja Timo Koivusalo: Yst\u00e4vyydelle tyly loppu\n    <\/p>\n<p itemprop=\"description\" class=\"subtitle \">\n    Ys\u00e4rin superkaksikon v\u00e4lirikko vain syveni vuosien mittaan.\n<\/p>\n<p>        <\/a><\/p>\n<p class=\"article-content article-content-width !bg-background\">\u2013 Tai siis, \u00e4l\u00e4 ymm\u00e4rr\u00e4 v\u00e4\u00e4rin: kaveri koputteli kanteen ja lausui mantroja. Nauroimme. Ilmassa oli happea, kun kahdesta karvaperse\u00e4ij\u00e4st\u00e4 tuli pikkupoikia!<\/p>\n<p>                <img decoding=\"async\" src=\"https:\/\/www.europesays.com\/fi\/wp-content\/uploads\/2025\/12\/2034356.webp.jpeg\" width=\"576\" height=\"720\" alt=\"Hallikaisen pys\u00e4ytt\u00e4v\u00e4 p\u00e4ivitys kirvoitti lukuisia kommentteja ja useamman tuhannen tykk\u00e4yst\u00e4.\" loading=\"lazy\" \/>            <\/p>\n<p>\n            Hallikaisen pys\u00e4ytt\u00e4v\u00e4 p\u00e4ivitys kirvoitti lukuisia kommentteja ja useamman tuhannen tykk\u00e4yst\u00e4.<br \/>\n            Timo Korhonen\n        <\/p>\n<p>Myi arkun yst\u00e4v\u00e4lleen<\/p>\n<p class=\"article-content article-content-width !bg-background\">Arkussa makoilu ja yhteinen kokemus yst\u00e4v\u00e4n kanssa oli Joelille valaiseva kokemus. H\u00e4n kirjoittaa ymm\u00e4rt\u00e4neens\u00e4 jotain vallan perusteellista.<\/p>\n<p class=\"article-content article-content-width !bg-background\">\u2013 Minun aikani nyt on el\u00e4\u00e4, ei kuolla! (\u2026) On aika el\u00e4\u00e4. Kuunnella syd\u00e4men \u00e4\u00e4nt\u00e4. Etsi\u00e4 hyv\u00e4\u00e4 ja oikeaa.<\/p>\n<p>\n            Minun aikani nyt on el\u00e4\u00e4, ei kuolla!\n            <\/p>\n<p class=\"article-content article-content-width !bg-background\">Pitk\u00e4n julkaisunsa lopussa Hallikainen paljastaa myyneens\u00e4 arkkunsa er\u00e4\u00e4lle toiselle yst\u00e4v\u00e4lleen, joka sairastui vakavasti.<\/p>\n<p>        <a itemprop=\"url\" href=\"https:\/\/www.seiska.fi\/kotimaa\/huh-mika-komistus-talta-nayttaa-joel-hallikaisen-poika-tahtaa-tangokuninkaaksi\/1591330\" rel=\"nofollow noopener\" target=\"_blank\"><\/p>\n<p>\nVau, Joel Hallikaisen poika\n<\/p>\n<p class=\"section-date\">\n        <strong class=\"article-section\" data-section=\"kotimaa\"><br \/>\n            kotimaa<br \/>\n        <\/strong><br \/>\n        21.3. 14:30\n    <\/p>\n<p>Huh, mik\u00e4 komistus! T\u00e4lt\u00e4 n\u00e4ytt\u00e4\u00e4 Joel Hallikaisen poika \u2013 t\u00e4ht\u00e4\u00e4 tangokuninkaaksi\n    <\/p>\n<p itemprop=\"description\" class=\"subtitle \">\n    Ohjelmapalvelu MagnumLiven mukaan Eeli Hallikainen on kitaristi, trubaduuri, muusikko, rokkib\u00e4ndin solisti, ja h\u00e4net tunnetaan my\u00f6s taiteilijanimelt\u00e4\u00e4n Eeli.\n<\/p>\n<p>        <\/a><\/p>\n<p class=\"article-content article-content-width !bg-background\">\u2013 H\u00e4n halusi ostaa arkkuni itselleen. Puiden hinnalla h\u00e4n sen sai. H\u00e4n saa makoilla siin\u00e4, kun on sen aika. Minun aikani on el\u00e4\u00e4, ja olen siit\u00e4kin kiitollinen.<\/p>\n<p>                <img decoding=\"async\" src=\"https:\/\/www.europesays.com\/fi\/wp-content\/uploads\/2025\/12\/2034367.webp.jpeg\" width=\"576\" height=\"720\" alt=\"Kuurankukka-hitist\u00e4\u00e4n tunnettu Joel kuvattuna Syksyn S\u00e4vel -tilaisuudessa 2021.\" loading=\"lazy\" \/>            <\/p>\n<p>\n            Kuurankukka-hitist\u00e4\u00e4n tunnettu Joel kuvattuna Syksyn S\u00e4vel -tilaisuudessa 2021.<br \/>\n            Timo Korhonen\n        <\/p>\n","protected":false},"excerpt":{"rendered":"Seiskan arkisto &amp; Adobe Stock Laulaja kuvailee hauta-arkkuaan Hapsuyksi\u00f6ksi. Laulaja , 64, julkaisi uudenvuoden kynnyksell\u00e4 pys\u00e4ytt\u00e4v\u00e4n somep\u00e4ivityksen. Kuurankukka-hitist\u00e4\u00e4n&hellip;\n","protected":false},"author":2,"featured_media":129515,"comment_status":"","ping_status":"","sticky":false,"template":"","format":"standard","meta":{"footnotes":""},"categories":[136],"tags":[17935,22925,407,137,1752,22926,33,31,30,22927,2093,408,683,22928,5159,32,167,109],"class_list":{"0":"post-129514","1":"post","2":"type-post","3":"status-publish","4":"format-standard","5":"has-post-thumbnail","7":"category-julkkikset","8":"tag-anoppi","9":"tag-arkku","10":"tag-celebrities","11":"tag-entertainment","12":"tag-facebook","13":"tag-facebook-paivitys","14":"tag-fi","15":"tag-finland","16":"tag-finnish","17":"tag-hauta-arkku","18":"tag-joel-hallikainen","19":"tag-julkkikset","20":"tag-kuolema","21":"tag-kuurankukka","22":"tag-laulaja","23":"tag-suomi","24":"tag-terveys","25":"tag-viihde"},"share_on_mastodon":{"url":"https:\/\/pubeurope.com\/@fi\/115811989770605078","error":""},"_links":{"self":[{"href":"https:\/\/www.europesays.com\/fi\/wp-json\/wp\/v2\/posts\/129514","targetHints":{"allow":["GET"]}}],"collection":[{"href":"https:\/\/www.europesays.com\/fi\/wp-json\/wp\/v2\/posts"}],"about":[{"href":"https:\/\/www.europesays.com\/fi\/wp-json\/wp\/v2\/types\/post"}],"author":[{"embeddable":true,"href":"https:\/\/www.europesays.com\/fi\/wp-json\/wp\/v2\/users\/2"}],"replies":[{"embeddable":true,"href":"https:\/\/www.europesays.com\/fi\/wp-json\/wp\/v2\/comments?post=129514"}],"version-history":[{"count":0,"href":"https:\/\/www.europesays.com\/fi\/wp-json\/wp\/v2\/posts\/129514\/revisions"}],"wp:featuredmedia":[{"embeddable":true,"href":"https:\/\/www.europesays.com\/fi\/wp-json\/wp\/v2\/media\/129515"}],"wp:attachment":[{"href":"https:\/\/www.europesays.com\/fi\/wp-json\/wp\/v2\/media?parent=129514"}],"wp:term":[{"taxonomy":"category","embeddable":true,"href":"https:\/\/www.europesays.com\/fi\/wp-json\/wp\/v2\/categories?post=129514"},{"taxonomy":"post_tag","embeddable":true,"href":"https:\/\/www.europesays.com\/fi\/wp-json\/wp\/v2\/tags?post=129514"}],"curies":[{"name":"wp","href":"https:\/\/api.w.org\/{rel}","templated":true}]}}