{"id":129522,"date":"2025-12-31T03:22:06","date_gmt":"2025-12-31T03:22:06","guid":{"rendered":"https:\/\/www.europesays.com\/fi\/129522\/"},"modified":"2025-12-31T03:22:06","modified_gmt":"2025-12-31T03:22:06","slug":"turistijunat-tormasivat-machu-picchun-radalla-vakavin-seurauksin-uutisia-lyhyesti","status":"publish","type":"post","link":"https:\/\/www.europesays.com\/fi\/129522\/","title":{"rendered":"Turistijunat t\u00f6rm\u00e4siv\u00e4t Machu Picchun radalla vakavin seurauksin | Uutisia lyhyesti"},"content":{"rendered":"<p class=\"aw-1gybjub aw-1p7kakr kEtdKx cEmitX yle__article__paragraph\">Yksi henkil\u00f6 kuoli ja ainakin 40 loukkaantui, kun kaksi turistijunaa t\u00f6rm\u00e4si tiistaina Perun arkeologisella Machu Picchun alueella. Menehtynyt henkil\u00f6 oli poliisin mukaan rautatiety\u00f6ntekij\u00e4.<\/p>\n<p class=\"aw-1gybjub aw-1p7kakr kEtdKx cEmitX yle__article__paragraph\">Rautatiet\u00e4 operoivan yhti\u00f6n mukaan Machu Picchusta tuleva juna t\u00f6rm\u00e4si sinne matkalla olleeseen junaan iltap\u00e4iv\u00e4ll\u00e4 paikallista aikaa. Onnettomuuteen johtaneet syyt ovat viel\u00e4 ep\u00e4selv\u00e4t.<\/p>\n<p class=\"aw-1gybjub aw-1p7kakr kEtdKx cEmitX yle__article__paragraph\">Machu Picchulla k\u00e4y vuosittain noin 1,5 miljoonaa vierailijaa. Useimmat turistit matkustavat alueelle junalla ja bussilla.<\/p>\n<p class=\"aw-1gybjub aw-1p7kakr kEtdKx cEmitX yle__article__paragraph\">L\u00e4hteet: AFP, Reuters<\/p>\n","protected":false},"excerpt":{"rendered":"Yksi henkil\u00f6 kuoli ja ainakin 40 loukkaantui, kun kaksi turistijunaa t\u00f6rm\u00e4si tiistaina Perun arkeologisella Machu Picchun alueella. Menehtynyt&hellip;\n","protected":false},"author":2,"featured_media":129523,"comment_status":"","ping_status":"","sticky":false,"template":"","format":"standard","meta":{"footnotes":""},"categories":[14],"tags":[22,23,26,27,33,31,30,17,24,25,22929,28,29,15,837,18,21,32,19,20,56,16,59,60,61],"class_list":{"0":"post-129522","1":"post","2":"type-post","3":"status-publish","4":"format-standard","5":"has-post-thumbnail","7":"category-ulkomaat","8":"tag-breaking-news","9":"tag-breakingnews","10":"tag-featured-news","11":"tag-featurednews","12":"tag-fi","13":"tag-finland","14":"tag-finnish","15":"tag-headlines","16":"tag-latest-news","17":"tag-latestnews","18":"tag-machu-picchu","19":"tag-main-news","20":"tag-mainnews","21":"tag-news","22":"tag-onnettomuudet","23":"tag-otsikot","24":"tag-paauutiset","25":"tag-suomi","26":"tag-top-stories","27":"tag-topstories","28":"tag-ulkomaat","29":"tag-uutiset","30":"tag-world","31":"tag-world-news","32":"tag-worldnews"},"share_on_mastodon":{"url":"https:\/\/pubeurope.com\/@fi\/115812037083905248","error":""},"_links":{"self":[{"href":"https:\/\/www.europesays.com\/fi\/wp-json\/wp\/v2\/posts\/129522","targetHints":{"allow":["GET"]}}],"collection":[{"href":"https:\/\/www.europesays.com\/fi\/wp-json\/wp\/v2\/posts"}],"about":[{"href":"https:\/\/www.europesays.com\/fi\/wp-json\/wp\/v2\/types\/post"}],"author":[{"embeddable":true,"href":"https:\/\/www.europesays.com\/fi\/wp-json\/wp\/v2\/users\/2"}],"replies":[{"embeddable":true,"href":"https:\/\/www.europesays.com\/fi\/wp-json\/wp\/v2\/comments?post=129522"}],"version-history":[{"count":0,"href":"https:\/\/www.europesays.com\/fi\/wp-json\/wp\/v2\/posts\/129522\/revisions"}],"wp:featuredmedia":[{"embeddable":true,"href":"https:\/\/www.europesays.com\/fi\/wp-json\/wp\/v2\/media\/129523"}],"wp:attachment":[{"href":"https:\/\/www.europesays.com\/fi\/wp-json\/wp\/v2\/media?parent=129522"}],"wp:term":[{"taxonomy":"category","embeddable":true,"href":"https:\/\/www.europesays.com\/fi\/wp-json\/wp\/v2\/categories?post=129522"},{"taxonomy":"post_tag","embeddable":true,"href":"https:\/\/www.europesays.com\/fi\/wp-json\/wp\/v2\/tags?post=129522"}],"curies":[{"name":"wp","href":"https:\/\/api.w.org\/{rel}","templated":true}]}}