{"id":129524,"date":"2025-12-31T03:23:09","date_gmt":"2025-12-31T03:23:09","guid":{"rendered":"https:\/\/www.europesays.com\/fi\/129524\/"},"modified":"2025-12-31T03:23:09","modified_gmt":"2025-12-31T03:23:09","slug":"luonnonsuojeluliitto-tuomitsee-suden-metsastyksen-mtv-uutiset","status":"publish","type":"post","link":"https:\/\/www.europesays.com\/fi\/129524\/","title":{"rendered":"Luonnonsuojeluliitto tuomitsee suden mets\u00e4styksen | MTV Uutiset"},"content":{"rendered":"<p><strong class=\"typography-bold\">Luonnonsuojeluliitto pit\u00e4\u00e4 laajamittaista sudenmets\u00e4styst\u00e4 EU:n luontodirektiivin vastaisena.<\/strong><\/p>\n<p>Luonnonsuojeluliitto aikoo tehd\u00e4 kantelun Euroopan komissiolle laajamittaista sudenmets\u00e4styst\u00e4.<\/p>\n<p>Asetukset niin sanotusti kest\u00e4v\u00e4n suden mets\u00e4styksen j\u00e4rjest\u00e4miseksi hyv\u00e4ksyttiin t\u00e4n\u00e4\u00e4n tiistaina valtioneuvostossa sek\u00e4 maa- ja mets\u00e4talousministeri\u00f6ss\u00e4.<\/p>\n<p>Sen mukana poistuu mets\u00e4styslaissa ollut suden ymp\u00e4rivuotinen rauhoitus.<\/p>\n<p><strong class=\"typography-bold\">Lue lis\u00e4\u00e4: <\/strong><a class=\"cursor-pointer underline\" data-testid=\"internal-link\" role=\"link\" data-sentry-element=\"Link\" data-sentry-component=\"InternalLink\" data-sentry-source-file=\"InternalLink.tsx\" href=\"https:\/\/www.mtvuutiset.fi\/artikkeli\/suden-metsastys-alkaa-1-tammikuuta-nain-kiintio-jakautuu\/9276298\" rel=\"nofollow noopener\" target=\"_blank\"><strong class=\"typography-bold\">Suden mets\u00e4stys alkaa 1. tammikuuta \u2013 n\u00e4in kiinti\u00f6 jakautuu<\/strong><\/a><\/p>\n<p>\u2013 Sadan suden kiinti\u00f6mets\u00e4stys rikkoo EU:n luontodirektiivi\u00e4 sek\u00e4 vaarantaa eritt\u00e4in uhanalaisen susikannan, Suomen luonnonsuojeluliiton toiminnanjohtaja <strong class=\"typography-bold\">Tapani Veistola<\/strong> kommentoi tiedotteessa.<\/p>\n<p>Suden mets\u00e4stys toteutetaan kiinti\u00f6mets\u00e4styksen\u00e4, josta puuttuvat liiton mukaan kaikki oikeusturvakeinot.<\/p>\n<p>\u2013 On Suomen perustuslain vastaista, ett\u00e4 laittomiksi ep\u00e4iltyihin p\u00e4\u00e4t\u00f6ksiin ei voi hakea muutosta tuomioistuimista, liiton tiedotteessa sanotaan.<\/p>\n<p><strong class=\"typography-bold\">Lue my\u00f6s: <\/strong><a class=\"cursor-pointer underline\" data-testid=\"internal-link\" role=\"link\" data-sentry-element=\"Link\" data-sentry-component=\"InternalLink\" data-sentry-source-file=\"InternalLink.tsx\" href=\"https:\/\/www.mtvuutiset.fi\/artikkeli\/nain-metsastyslaki-muuttuu-kohun-keskella-olevaa-saukkoa-on-voinutkin-metsastaa-jo-nyt-suora-lahetys-kello-12-30\/9267552\" rel=\"nofollow noopener\" target=\"_blank\"><strong class=\"typography-bold\">Suden, karhun ja ilveksen mets\u00e4styksen laki muuttuu: &#8221;Historiallisen h\u00e4ik\u00e4ilem\u00e4t\u00f6nt\u00e4&#8221;<\/strong><\/a><strong class=\"typography-bold\">Liian suuri kiinti\u00f6<\/strong><\/p>\n<p>Sadan suden pyyntikiinti\u00f6 on Luonnonsuojeluliiton mukaan hyvin suuri.<\/p>\n<p>Sen p\u00e4\u00e4lle tulevat my\u00f6s vaara- ja vahinkoperusteiset poikkeusluvat, joita on t\u00e4n\u00e4 vuonna annettu jo noin kuusikymment\u00e4.<\/p>\n<p>\u2013 N\u00e4in suuri mets\u00e4stys vaarantaa susikannan ja est\u00e4\u00e4 sen kasvun suotuisalle suojelun tasolle, liitto arvioi.<\/p>\n<p>Susikannan koko oli maaliskuussa noin 430 yksil\u00f6\u00e4 .Luken arvio susien m\u00e4\u00e4r\u00e4st\u00e4 marraskuussa oli noin 550.<\/p>\n<p><strong class=\"typography-bold\">Lue my\u00f6s: <\/strong><a class=\"cursor-pointer underline\" data-testid=\"internal-link\" role=\"link\" data-sentry-element=\"Link\" data-sentry-component=\"InternalLink\" data-sentry-source-file=\"InternalLink.tsx\" href=\"https:\/\/www.mtvuutiset.fi\/artikkeli\/wwf-lta-epaileva-kommentti-hallituksen-paatokseen-susien-metsastyksesta\/9258712\" rel=\"nofollow noopener\" target=\"_blank\"><strong class=\"typography-bold\">WWF:lt\u00e4 ep\u00e4ilev\u00e4 kommentti hallituksen aikeille susien mets\u00e4styksest\u00e4<\/strong><\/a><strong class=\"typography-bold\">Liitto kannattaa vaarallisten susien tappamisen<\/strong><\/p>\n<p>Luonnonsuojeluliitto kannattaa vahinkoa tai vaaraa aiheuttavien susien tappamisen asianmukaisin poikkeuslupamenettelyin.<\/p>\n<p>Haitallisiin vieraslajeihin kuuluvien koirasusien poistamista luonnosta Luonnonsuojeluliitto pit\u00e4\u00e4 v\u00e4ltt\u00e4m\u00e4tt\u00f6m\u00e4n\u00e4.<\/p>\n<p>Luonnonsuojeluliiton mielest\u00e4 suurpetoasioissa tarvitaan laajaa ja rakentavaa yhteisty\u00f6t\u00e4.<\/p>\n<p><strong class=\"typography-bold\">Lue my\u00f6s: <\/strong><a class=\"cursor-pointer underline\" data-testid=\"internal-link\" role=\"link\" data-sentry-element=\"Link\" data-sentry-component=\"InternalLink\" data-sentry-source-file=\"InternalLink.tsx\" href=\"https:\/\/www.mtvuutiset.fi\/artikkeli\/hallitus-yrittaa-runnoa-lapi-karhun-ilveksen-ja-saukon-metsastyksen-lahteet-mtv-lle-toimitaan-taysin-metsastajien-tahdon-mukaan\/9267336\" rel=\"nofollow noopener\" target=\"_blank\"><strong class=\"typography-bold\">Hallitus ei aiokaan mahdollistaa saukon kiinti\u00f6mets\u00e4styst\u00e4 \u2013 karhun ja ilveksen mets\u00e4stys edelleen p\u00f6yd\u00e4ll\u00e4<\/strong><\/a><\/p>\n","protected":false},"excerpt":{"rendered":"Luonnonsuojeluliitto pit\u00e4\u00e4 laajamittaista sudenmets\u00e4styst\u00e4 EU:n luontodirektiivin vastaisena. Luonnonsuojeluliitto aikoo tehd\u00e4 kantelun Euroopan komissiolle laajamittaista sudenmets\u00e4styst\u00e4. Asetukset niin sanotusti&hellip;\n","protected":false},"author":2,"featured_media":129525,"comment_status":"","ping_status":"","sticky":false,"template":"","format":"standard","meta":{"footnotes":""},"categories":[12],"tags":[22,23,26,27,33,31,30,17,24,25,28,29,15,18,21,32,19,20,16],"class_list":{"0":"post-129524","1":"post","2":"type-post","3":"status-publish","4":"format-standard","5":"has-post-thumbnail","7":"category-suomi","8":"tag-breaking-news","9":"tag-breakingnews","10":"tag-featured-news","11":"tag-featurednews","12":"tag-fi","13":"tag-finland","14":"tag-finnish","15":"tag-headlines","16":"tag-latest-news","17":"tag-latestnews","18":"tag-main-news","19":"tag-mainnews","20":"tag-news","21":"tag-otsikot","22":"tag-paauutiset","23":"tag-suomi","24":"tag-top-stories","25":"tag-topstories","26":"tag-uutiset"},"share_on_mastodon":{"url":"https:\/\/pubeurope.com\/@fi\/115812040938116968","error":""},"_links":{"self":[{"href":"https:\/\/www.europesays.com\/fi\/wp-json\/wp\/v2\/posts\/129524","targetHints":{"allow":["GET"]}}],"collection":[{"href":"https:\/\/www.europesays.com\/fi\/wp-json\/wp\/v2\/posts"}],"about":[{"href":"https:\/\/www.europesays.com\/fi\/wp-json\/wp\/v2\/types\/post"}],"author":[{"embeddable":true,"href":"https:\/\/www.europesays.com\/fi\/wp-json\/wp\/v2\/users\/2"}],"replies":[{"embeddable":true,"href":"https:\/\/www.europesays.com\/fi\/wp-json\/wp\/v2\/comments?post=129524"}],"version-history":[{"count":0,"href":"https:\/\/www.europesays.com\/fi\/wp-json\/wp\/v2\/posts\/129524\/revisions"}],"wp:featuredmedia":[{"embeddable":true,"href":"https:\/\/www.europesays.com\/fi\/wp-json\/wp\/v2\/media\/129525"}],"wp:attachment":[{"href":"https:\/\/www.europesays.com\/fi\/wp-json\/wp\/v2\/media?parent=129524"}],"wp:term":[{"taxonomy":"category","embeddable":true,"href":"https:\/\/www.europesays.com\/fi\/wp-json\/wp\/v2\/categories?post=129524"},{"taxonomy":"post_tag","embeddable":true,"href":"https:\/\/www.europesays.com\/fi\/wp-json\/wp\/v2\/tags?post=129524"}],"curies":[{"name":"wp","href":"https:\/\/api.w.org\/{rel}","templated":true}]}}