{"id":129567,"date":"2025-12-31T04:54:09","date_gmt":"2025-12-31T04:54:09","guid":{"rendered":"https:\/\/www.europesays.com\/fi\/129567\/"},"modified":"2025-12-31T04:54:09","modified_gmt":"2025-12-31T04:54:09","slug":"sofia-belorf-aiheuttaa-hammastysta-seiska","status":"publish","type":"post","link":"https:\/\/www.europesays.com\/fi\/129567\/","title":{"rendered":"Sofia Bel\u00f3rf aiheuttaa h\u00e4mm\u00e4styst\u00e4 | Seiska"},"content":{"rendered":"<p>\n            05 2023Sofia BelorfSeiska \/Joni Soila<br \/>\n            Joni Soila\n        <\/p>\n<p class=\"subtitle \">Sofian joulu vain jatkuu.<\/p>\n<p class=\"article-content article-content-width !bg-background\">Kohukaunotar  nauttii yh\u00e4 joulun tuomasta luksuksesta.<\/p>\n<p class=\"font-weight-bold m-font-weight-bold article-content article-content-width !bg-background\">Video: Sofian luksusel\u00e4m\u00e4.<\/p>\n<p class=\"article-content article-content-width !bg-background\">Sofian lahjat eiv\u00e4t nimitt\u00e4in lopu, vaikka pyh\u00e4t olisivat jo ohi. Tavan tallaajassa moinen voi aiheuttaa ihmetyst\u00e4.<\/p>\n<p class=\"article-content article-content-width !bg-background\">Dubaissa majaileva Sofia on p\u00e4ivitt\u00e4nyt<a href=\"https:\/\/www.instagram.com\/stories\/sofiabelorf\/\" target=\"_blank\" rel=\"nofollow noopener\"> Instagram-tililleen tarinan<\/a>, jossa h\u00e4n esittelee uusinta mukavuuttaan.<\/p>\n<p class=\"article-content article-content-width !bg-background\">\u2013 Joululahjoja tulee yh\u00e4, h\u00e4n hehkuttaa englanniksi kuvan ohessa.<\/p>\n<p class=\"article-content article-content-width !bg-background\">Tilannekuvassa ty\u00f6mies seisoo valaistun kaapin vierustalla.\u00a0<\/p>\n<p>        <a itemprop=\"url\" href=\"https:\/\/www.seiska.fi\/kotimaa\/sofia-belorfin-kaytos-rakastaan-kohtaan-kummastuttaa\/1982733\" rel=\"nofollow noopener\" target=\"_blank\"><\/p>\n<p>\n\u00d6kykotiin muuttanut Sofia\n<\/p>\n<p class=\"section-date\">\n        <strong class=\"article-section\" data-section=\"kotimaa\"><br \/>\n            kotimaa<br \/>\n        <\/strong><br \/>\n        4.11. 16:00\n    <\/p>\n<p>Sofia Bel\u00f3rfin k\u00e4yt\u00f6s rakastaan kohtaan kummastuttaa\n    <\/p>\n<p itemprop=\"description\" class=\"subtitle \">\n    Sofian ja rillimiljon\u00e4\u00e4rin v\u00e4linen vuorovaikutus her\u00e4tt\u00e4\u00e4 jopa huolta n\u00e4iden hyvinvoinnista.\n<\/p>\n<p>        <\/a><\/p>\n<p>Valoa ja tilaa<\/p>\n<p class=\"article-content article-content-width !bg-background\">Ilmeisesti Sofia on saanut uuden kodin laukuilleen.<\/p>\n<p class=\"article-content article-content-width !bg-background\">Kaappi on vitriini, johon saa n\u00e4ytt\u00e4v\u00e4sti esille Sofian lukuisat luksuslaukut.<\/p>\n<p class=\"article-content article-content-width !bg-background\">Vanhassa laukkuhyllyss\u00e4 ei ole valoja p\u00e4\u00e4ll\u00e4, mutta toisessa sen sijaan on. Lis\u00e4ksi uudessa on enemm\u00e4n hyllytilaa.<\/p>\n<p>        <a itemprop=\"url\" href=\"https:\/\/www.seiska.fi\/kotimaa\/sofia-belorfilta-rehellinen-ulostulo-turvautuivat-ammattiapuun\/1994529\" rel=\"nofollow noopener\" target=\"_blank\"><\/p>\n<p>\nTurvautuivat ammattiapuun\n<\/p>\n<p class=\"section-date\">\n        <strong class=\"article-section\" data-section=\"kotimaa\"><br \/>\n            kotimaa<br \/>\n        <\/strong><br \/>\n        17.11. 08:09\n    <\/p>\n<p>Sofia Bel\u00f3rfilta rehellinen ulostulo: Turvautuivat ammattiapuun\n    <\/p>\n<p itemprop=\"description\" class=\"subtitle \">\n    Sofia tunnistaa tavoitteensa olleen hieman liian kunnianhimoinen.\n<\/p>\n<p>        <\/a><\/p>\n<p>Fiini\u00e4 ruokaa<\/p>\n<p class=\"article-content article-content-width !bg-background\">Ep\u00e4selv\u00e4ksi on j\u00e4\u00e4nyt, mit\u00e4 kuvanoton j\u00e4lkeen on tapahtunut. Tarina on n\u00e4ht\u00e4vill\u00e4 vuorokauden ajan sen julkaisusta, eik\u00e4 Sofia ole tarkentanut, oliko uusi laukkuhylly se lahja, josta h\u00e4n tarinassa puhui.<\/p>\n<p class=\"article-content article-content-width !bg-background\">Sen sijaan Sofia on mennyt j\u00e4lleen kerran tasokkaaseen ravintolaan,\u00a0Estiatorio Milosiin. Korkeatasoista v\u00e4limerellist\u00e4 ruokaa tarjoava paikka tunnetaan laadukkaasta merenel\u00e4v\u00e4tarjonnastaan.<\/p>\n<p>        <a itemprop=\"url\" href=\"https:\/\/www.seiska.fi\/kotimaa\/sofia-belorf-ahtautui-petkutuspukuun-kuvat\/1999275\" rel=\"nofollow noopener\" target=\"_blank\"><\/p>\n<p>\nKuvat!\n<\/p>\n<p class=\"section-date\">\n        <strong class=\"article-section\" data-section=\"kotimaa\"><br \/>\n            kotimaa<br \/>\n        <\/strong><br \/>\n        21.11. 13:32\n    <\/p>\n<p>Sofia Bel\u00f3rf ahtautui petkutuspukuun \u2013 kuvat!\n    <\/p>\n<p itemprop=\"description\" class=\"subtitle \">\n    Piukka ja paljastava, retrolle flirttaileva asu on itse asiassa kovin toisenlainen, kuin ensisilm\u00e4ys n\u00e4ytt\u00e4\u00e4.\n<\/p>\n<p>        <\/a><\/p>\n<p><script async src=\"\/\/www.instagram.com\/embed.js\"><\/script><\/p>\n","protected":false},"excerpt":{"rendered":"05 2023Sofia BelorfSeiska \/Joni Soila Joni Soila Sofian joulu vain jatkuu. Kohukaunotar nauttii yh\u00e4 joulun tuomasta luksuksesta. Video:&hellip;\n","protected":false},"author":2,"featured_media":129568,"comment_status":"","ping_status":"","sticky":false,"template":"","format":"standard","meta":{"footnotes":""},"categories":[136],"tags":[407,6828,137,33,31,30,5856,408,15832,3126,2758,32,109],"class_list":{"0":"post-129567","1":"post","2":"type-post","3":"status-publish","4":"format-standard","5":"has-post-thumbnail","7":"category-julkkikset","8":"tag-celebrities","9":"tag-dubai","10":"tag-entertainment","11":"tag-fi","12":"tag-finland","13":"tag-finnish","14":"tag-joulu","15":"tag-julkkikset","16":"tag-luksuselama","17":"tag-ravintola","18":"tag-sofia-belorf","19":"tag-suomi","20":"tag-viihde"},"share_on_mastodon":{"url":"https:\/\/pubeurope.com\/@fi\/115812398724221486","error":""},"_links":{"self":[{"href":"https:\/\/www.europesays.com\/fi\/wp-json\/wp\/v2\/posts\/129567","targetHints":{"allow":["GET"]}}],"collection":[{"href":"https:\/\/www.europesays.com\/fi\/wp-json\/wp\/v2\/posts"}],"about":[{"href":"https:\/\/www.europesays.com\/fi\/wp-json\/wp\/v2\/types\/post"}],"author":[{"embeddable":true,"href":"https:\/\/www.europesays.com\/fi\/wp-json\/wp\/v2\/users\/2"}],"replies":[{"embeddable":true,"href":"https:\/\/www.europesays.com\/fi\/wp-json\/wp\/v2\/comments?post=129567"}],"version-history":[{"count":0,"href":"https:\/\/www.europesays.com\/fi\/wp-json\/wp\/v2\/posts\/129567\/revisions"}],"wp:featuredmedia":[{"embeddable":true,"href":"https:\/\/www.europesays.com\/fi\/wp-json\/wp\/v2\/media\/129568"}],"wp:attachment":[{"href":"https:\/\/www.europesays.com\/fi\/wp-json\/wp\/v2\/media?parent=129567"}],"wp:term":[{"taxonomy":"category","embeddable":true,"href":"https:\/\/www.europesays.com\/fi\/wp-json\/wp\/v2\/categories?post=129567"},{"taxonomy":"post_tag","embeddable":true,"href":"https:\/\/www.europesays.com\/fi\/wp-json\/wp\/v2\/tags?post=129567"}],"curies":[{"name":"wp","href":"https:\/\/api.w.org\/{rel}","templated":true}]}}