{"id":129569,"date":"2025-12-31T05:01:11","date_gmt":"2025-12-31T05:01:11","guid":{"rendered":"https:\/\/www.europesays.com\/fi\/129569\/"},"modified":"2025-12-31T05:01:11","modified_gmt":"2025-12-31T05:01:11","slug":"huuhkajat-osallistuu-fifan-uuteen-turnaukseen-uudessa-seelannissa-urheilua-lyhyesti","status":"publish","type":"post","link":"https:\/\/www.europesays.com\/fi\/129569\/","title":{"rendered":"Huuhkajat osallistuu Fifan uuteen turnaukseen Uudessa-Seelannissa | Urheilua lyhyesti"},"content":{"rendered":"<p class=\"aw-1gybjub aw-5vja16 kEtdKx kmuxyA yle__article__paragraph\">Huuhkajilla on maaliskuussa edess\u00e4 harvinainen matka maapallon toiselle puolelle Kansain\u00adv\u00e4lisen jalka\u00adpallo\u00adliiton Fifan j\u00e4rjest\u00e4m\u00e4\u00e4n Series-turnaukseen.<\/p>\n<p><img decoding=\"async\" alt=\"Suomi voitti Puolan jalkapallon MM-karsinnassa kes\u00e4kuussa 2025.\" src=\"https:\/\/www.europesays.com\/fi\/wp-content\/uploads\/2025\/12\/39-15756846953e16232571.jpeg\" class=\"aw-1l9m598 hKVVvP\"\/><\/p>\n<p>Avaa kuvien katselu<\/p>\n<p>Huuhkajat juhli voittoa Puolasta MM-karsintaottelussa kes\u00e4kuussa. Kuva: EPA-EFE \/ Kimmo Brandt<\/p>\n<p class=\"aw-1gybjub aw-1p7kakr kEtdKx cEmitX yle__article__paragraph\">Suomen miesten jalkapallomaajoukkue pelaa maaliskuussa Uudessa-Seelannissa j\u00e4rjestett\u00e4v\u00e4ss\u00e4 turnauksessa. Asia vahvistetaan Yle Urheilulle Suomen Palloliitosta.<\/p>\n<p class=\"aw-1gybjub aw-1p7kakr kEtdKx cEmitX yle__article__paragraph\">Huuhkajat matkustaa Uuteen-Seelantiin maaliskuun lopussa osana Kansainv\u00e4lisen jalkapalloliitto Fifan uutta Series-turnausten sarjaa. Palloliitosta kerrotaan, ett\u00e4 vastustajia ja tarkkaa otteluaikataulua ei ole viel\u00e4 vahvistettu.<\/p>\n<p class=\"aw-1gybjub aw-1p7kakr kEtdKx cEmitX yle__article__paragraph\"><a class=\"aw-iao6s4 iHOxEa yle__article__link\" href=\"https:\/\/inside.fifa.com\/organisation\/news\/new-zealand-confirmed-as-host-nation-for-fifa-series-2026-tm\" role=\"link\" rel=\"nofollow noopener\" target=\"_blank\">Fifan mukaan<\/a> kaikki turnauksen ottelut pelataan Aucklandissa. Nelj\u00e4n joukkueen turnauksessa kaikki pelaavat kaksi ottelua maaliskuun maajoukkueikkunassa 23.\u201331.3. v\u00e4lisen\u00e4 aikana.<\/p>\n<p class=\"aw-1gybjub aw-1p7kakr kEtdKx cEmitX yle__article__paragraph\">Kansainv\u00e4listen mediatietojen mukaan turnaukseen olisivat osallistumassa Suomen ja Uuden-Seelannin lis\u00e4ksi Chile ja Kap Verde. Asiasta kertovat muun muassa Kap Verden yleisradioyhti\u00f6 <a class=\"aw-iao6s4 iHOxEa yle__article__link\" href=\"https:\/\/www.rtc.cv\/tcv\/video-details\/tubaroes-azuis-vao-jogar-na-nova-zelandia-o-fifa-series-para-preparar-o-mundial-55052\" role=\"link\" rel=\"nofollow noopener\" target=\"_blank\">RTC<\/a> ja chilel\u00e4inen <a class=\"aw-iao6s4 iHOxEa yle__article__link\" href=\"https:\/\/www.latercera.com\/el-deportivo\/noticia\/en-nueva-zelanda-y-ante-selecciones-mundialistas-que-es-el-fifa-series-el-primer-desafio-de-la-roja-en-2026\/\" role=\"link\" rel=\"nofollow noopener\" target=\"_blank\">La Tercera -lehti<\/a>.<\/p>\n<p class=\"aw-1gybjub aw-1p7kakr kEtdKx cEmitX yle__article__paragraph\">N\u00e4ist\u00e4 Uusi-Seelanti ja Kap Verde pelaavat ensi kes\u00e4n MM-lopputurnauksessa.<\/p>\n<p>Mik\u00e4 Fifa Series?<\/p>\n<p class=\"aw-1gybjub aw-1p7kakr kEtdKx cEmitX yle__article__paragraph\">Fifa Series on kansainv\u00e4lisen jalkapalloliiton <a class=\"aw-iao6s4 iHOxEa yle__article__link\" href=\"https:\/\/inside.fifa.com\/organisation\/media-releases\/expanded-series-2026-mens-womens-national-teams-confirmed\" role=\"link\" rel=\"nofollow noopener\" target=\"_blank\">uusi turnauskonsepti<\/a>, jonka tavoitteena on mahdollistaa esimerkiksi kuluja kattamalla maajoukkueille harvinaisempia otteluita yli maanosarajojen.<\/p>\n<p class=\"aw-1gybjub aw-1p7kakr kEtdKx cEmitX yle__article__paragraph\">Vastaavia turnauksia pilotoitiin vuonna 2024.<\/p>\n<p class=\"aw-1gybjub aw-1p7kakr kEtdKx cEmitX yle__article__paragraph\">Uuden-Seelannin lis\u00e4ksi vastaavia miesten turnauksia pelataan maaliskuussa kahdeksassa muussa maassa ymp\u00e4ri maailman. My\u00f6s naiset pelaavat turnauksia kolmessa eri maassa.<\/p>\n<p class=\"aw-1gybjub aw-1p7kakr kEtdKx cEmitX yle__article__paragraph\">Huuhkajat on pelannut 2000-luvulla Euroopan ulkopuolisia maita vastaan vain harvoin, edellisen kerran tammikuussa 2018 Jordaniaa vastaan.<\/p>\n<p class=\"aw-1gybjub aw-1p7kakr kEtdKx cEmitX yle__article__paragraph\">Eri medioissa v\u00e4l\u00e4ytetyist\u00e4 Uuden-Seelannin turnauksen mahdollisista vastustajista Suomi on aiemmin pelannut kerran vain Chile\u00e4 vastaan vuonna 1985.<\/p>\n","protected":false},"excerpt":{"rendered":"Huuhkajilla on maaliskuussa edess\u00e4 harvinainen matka maapallon toiselle puolelle Kansain\u00adv\u00e4lisen jalka\u00adpallo\u00adliiton Fifan j\u00e4rjest\u00e4m\u00e4\u00e4n Series-turnaukseen. Avaa kuvien katselu Huuhkajat&hellip;\n","protected":false},"author":2,"featured_media":129570,"comment_status":"","ping_status":"","sticky":false,"template":"","format":"standard","meta":{"footnotes":""},"categories":[158],"tags":[33,31,30,5285,43,8608,14659,8609,159,32,160,161,22932],"class_list":{"0":"post-129569","1":"post","2":"type-post","3":"status-publish","4":"format-standard","5":"has-post-thumbnail","7":"category-urheilu","8":"tag-fi","9":"tag-finland","10":"tag-finnish","11":"tag-huuhkajat","12":"tag-jalkapallo","13":"tag-jalkapallomaajoukkueet","14":"tag-kansainvalinen-jalkapalloliitto-fifa","15":"tag-kansainvaliset-jalkapallo-ottelut-ja-turnaukset","16":"tag-sports","17":"tag-suomi","18":"tag-urheilu","19":"tag-urheilutapahtumat","20":"tag-uuden-seelannin-jalkapallomaajoukkue"},"share_on_mastodon":{"url":"https:\/\/pubeurope.com\/@fi\/115812426348589070","error":""},"_links":{"self":[{"href":"https:\/\/www.europesays.com\/fi\/wp-json\/wp\/v2\/posts\/129569","targetHints":{"allow":["GET"]}}],"collection":[{"href":"https:\/\/www.europesays.com\/fi\/wp-json\/wp\/v2\/posts"}],"about":[{"href":"https:\/\/www.europesays.com\/fi\/wp-json\/wp\/v2\/types\/post"}],"author":[{"embeddable":true,"href":"https:\/\/www.europesays.com\/fi\/wp-json\/wp\/v2\/users\/2"}],"replies":[{"embeddable":true,"href":"https:\/\/www.europesays.com\/fi\/wp-json\/wp\/v2\/comments?post=129569"}],"version-history":[{"count":0,"href":"https:\/\/www.europesays.com\/fi\/wp-json\/wp\/v2\/posts\/129569\/revisions"}],"wp:featuredmedia":[{"embeddable":true,"href":"https:\/\/www.europesays.com\/fi\/wp-json\/wp\/v2\/media\/129570"}],"wp:attachment":[{"href":"https:\/\/www.europesays.com\/fi\/wp-json\/wp\/v2\/media?parent=129569"}],"wp:term":[{"taxonomy":"category","embeddable":true,"href":"https:\/\/www.europesays.com\/fi\/wp-json\/wp\/v2\/categories?post=129569"},{"taxonomy":"post_tag","embeddable":true,"href":"https:\/\/www.europesays.com\/fi\/wp-json\/wp\/v2\/tags?post=129569"}],"curies":[{"name":"wp","href":"https:\/\/api.w.org\/{rel}","templated":true}]}}