{"id":129603,"date":"2025-12-31T05:49:07","date_gmt":"2025-12-31T05:49:07","guid":{"rendered":"https:\/\/www.europesays.com\/fi\/129603\/"},"modified":"2025-12-31T05:49:07","modified_gmt":"2025-12-31T05:49:07","slug":"huomenna-se-alkaa-yle-teemalla-perati-100-suomalaisten-kotimaista-suosikkileffaa-putkeen","status":"publish","type":"post","link":"https:\/\/www.europesays.com\/fi\/129603\/","title":{"rendered":"Huomenna se alkaa: Yle Teemalla per\u00e4ti 100 suomalaisten kotimaista suosikkileffaa putkeen"},"content":{"rendered":"<p>Huomenna se alkaa! Ylen kanavilla n\u00e4hd\u00e4\u00e4n nimitt\u00e4in heti vuoden alusta per\u00e4ti 100 suomalaisten \u00e4\u00e4nest\u00e4m\u00e4\u00e4 kotimaista suosikkielokuvaa. Leffat n\u00e4hd\u00e4\u00e4n Yle Teemalla.<\/p>\n<p>Elokuvasarjan aloittaa huomenna Komisario Palmu -leffojen sarja, ja torstaina <strong>1<\/strong>. p\u00e4iv\u00e4 tammikuuta n\u00e4hd\u00e4\u00e4n putkeen todelliset klassikot eli Komisario Palmun erehdys (1960), Kaasua, komisario Palmu! (1961) sek\u00e4 T\u00e4hdet kertovat, komisario Palmu (1962).<\/p>\n<p>Tuon j\u00e4lkeen leffoja n\u00e4hd\u00e4\u00e4n joka viikko huhtikuun loppuun sakka. Elokuvat on jaettu kategorioihin kuten \u201dlaitonta touhua\u201d, \u201dmatkan p\u00e4\u00e4 tuntematon\u201d, \u201dlupa nauraa\u201d ja niin edesp\u00e4in.<\/p>\n<p>Kaikko elokuvat l\u00f6yd\u00e4t <a href=\"https:\/\/yle.fi\/aihe\/a\/20-10009155\" rel=\"nofollow noopener\" target=\"_blank\">t\u00e4\u00e4lt\u00e4<\/a>.<\/p>\n<p>Lue my\u00f6s: <a href=\"https:\/\/www.como.fi\/tilaa-comon-uutiskirje\/\" title=\"Tilaa Comon uutiskirje ja tied\u00e4t mist\u00e4 kahvitauolla puhutaan! Nappaa kotimaan tv-vinkit ja puheenaiheet suoraan s\u00e4hk\u00f6postiin t\u00e4st\u00e4.\" class=\"underline-custom !font-montserrat !font-bold !underline-offset-4 !decoration-4 !decoration-red-600 !text-md\" rel=\"nofollow noopener\" target=\"_blank\">Tilaa Comon uutiskirje ja tied\u00e4t mist\u00e4 kahvitauolla puhutaan! Nappaa kotimaan tv-vinkit ja puheenaiheet suoraan s\u00e4hk\u00f6postiin t\u00e4st\u00e4.<\/a><\/p>\n","protected":false},"excerpt":{"rendered":"Huomenna se alkaa! Ylen kanavilla n\u00e4hd\u00e4\u00e4n nimitt\u00e4in heti vuoden alusta per\u00e4ti 100 suomalaisten \u00e4\u00e4nest\u00e4m\u00e4\u00e4 kotimaista suosikkielokuvaa. Leffat n\u00e4hd\u00e4\u00e4n&hellip;\n","protected":false},"author":2,"featured_media":129604,"comment_status":"","ping_status":"","sticky":false,"template":"","format":"standard","meta":{"footnotes":""},"categories":[133],"tags":[155,137,33,31,30,32,206,156,109],"class_list":{"0":"post-129603","1":"post","2":"type-post","3":"status-publish","4":"format-standard","5":"has-post-thumbnail","7":"category-televisiot","8":"tag-elokuvat","9":"tag-entertainment","10":"tag-fi","11":"tag-finland","12":"tag-finnish","13":"tag-suomi","14":"tag-televisiot","15":"tag-tv","16":"tag-viihde"},"share_on_mastodon":{"url":"https:\/\/pubeurope.com\/@fi\/115812614966079910","error":""},"_links":{"self":[{"href":"https:\/\/www.europesays.com\/fi\/wp-json\/wp\/v2\/posts\/129603","targetHints":{"allow":["GET"]}}],"collection":[{"href":"https:\/\/www.europesays.com\/fi\/wp-json\/wp\/v2\/posts"}],"about":[{"href":"https:\/\/www.europesays.com\/fi\/wp-json\/wp\/v2\/types\/post"}],"author":[{"embeddable":true,"href":"https:\/\/www.europesays.com\/fi\/wp-json\/wp\/v2\/users\/2"}],"replies":[{"embeddable":true,"href":"https:\/\/www.europesays.com\/fi\/wp-json\/wp\/v2\/comments?post=129603"}],"version-history":[{"count":0,"href":"https:\/\/www.europesays.com\/fi\/wp-json\/wp\/v2\/posts\/129603\/revisions"}],"wp:featuredmedia":[{"embeddable":true,"href":"https:\/\/www.europesays.com\/fi\/wp-json\/wp\/v2\/media\/129604"}],"wp:attachment":[{"href":"https:\/\/www.europesays.com\/fi\/wp-json\/wp\/v2\/media?parent=129603"}],"wp:term":[{"taxonomy":"category","embeddable":true,"href":"https:\/\/www.europesays.com\/fi\/wp-json\/wp\/v2\/categories?post=129603"},{"taxonomy":"post_tag","embeddable":true,"href":"https:\/\/www.europesays.com\/fi\/wp-json\/wp\/v2\/tags?post=129603"}],"curies":[{"name":"wp","href":"https:\/\/api.w.org\/{rel}","templated":true}]}}