{"id":129605,"date":"2025-12-31T05:53:09","date_gmt":"2025-12-31T05:53:09","guid":{"rendered":"https:\/\/www.europesays.com\/fi\/129605\/"},"modified":"2025-12-31T05:53:09","modified_gmt":"2025-12-31T05:53:09","slug":"puolustuksen-tukipilari-ibrahim-cisse-jattaa-kupsn-uutiset","status":"publish","type":"post","link":"https:\/\/www.europesays.com\/fi\/129605\/","title":{"rendered":"\u200bPuolustuksen tukipilari Ibrahim Cisse j\u00e4tt\u00e4\u00e4 KuPS:n | Uutiset"},"content":{"rendered":"<p>Tammikuussa 27 vuotta t\u00e4ytt\u00e4v\u00e4 norsunluurannikkolainen Cisse on kuulunut KuPS:n runkopelaajiin koko kolmivuotisen rupeamansa ajan. Veikkausliigaotteluita KuPS-paidassa h\u00e4nelle kertyi 75 ja niiss\u00e4 kaksi maalia, jotka molemmat syntyiv\u00e4t p\u00e4\u00e4ttyneell\u00e4 kaudella.<\/p>\n<p>&#8221;Ibrahim Cissen panosta ja vaikutusta Kuopion Palloseurassa on mahdoton kuvailla. Kaikki oleellinen n\u00e4kyi kent\u00e4ll\u00e4 \u2013 yhteinen matka j\u00e4tti j\u00e4lkens\u00e4 ja muistot el\u00e4v\u00e4t.&#8221;, kirjoittaa KuPS sosiaalisen median kanavillaan.<\/p>\n","protected":false},"excerpt":{"rendered":"Tammikuussa 27 vuotta t\u00e4ytt\u00e4v\u00e4 norsunluurannikkolainen Cisse on kuulunut KuPS:n runkopelaajiin koko kolmivuotisen rupeamansa ajan. Veikkausliigaotteluita KuPS-paidassa h\u00e4nelle kertyi&hellip;\n","protected":false},"author":2,"featured_media":129606,"comment_status":"","ping_status":"","sticky":false,"template":"","format":"standard","meta":{"footnotes":""},"categories":[158],"tags":[33,31,30,159,32,160],"class_list":{"0":"post-129605","1":"post","2":"type-post","3":"status-publish","4":"format-standard","5":"has-post-thumbnail","7":"category-urheilu","8":"tag-fi","9":"tag-finland","10":"tag-finnish","11":"tag-sports","12":"tag-suomi","13":"tag-urheilu"},"share_on_mastodon":{"url":"https:\/\/pubeurope.com\/@fi\/115812630907007819","error":""},"_links":{"self":[{"href":"https:\/\/www.europesays.com\/fi\/wp-json\/wp\/v2\/posts\/129605","targetHints":{"allow":["GET"]}}],"collection":[{"href":"https:\/\/www.europesays.com\/fi\/wp-json\/wp\/v2\/posts"}],"about":[{"href":"https:\/\/www.europesays.com\/fi\/wp-json\/wp\/v2\/types\/post"}],"author":[{"embeddable":true,"href":"https:\/\/www.europesays.com\/fi\/wp-json\/wp\/v2\/users\/2"}],"replies":[{"embeddable":true,"href":"https:\/\/www.europesays.com\/fi\/wp-json\/wp\/v2\/comments?post=129605"}],"version-history":[{"count":0,"href":"https:\/\/www.europesays.com\/fi\/wp-json\/wp\/v2\/posts\/129605\/revisions"}],"wp:featuredmedia":[{"embeddable":true,"href":"https:\/\/www.europesays.com\/fi\/wp-json\/wp\/v2\/media\/129606"}],"wp:attachment":[{"href":"https:\/\/www.europesays.com\/fi\/wp-json\/wp\/v2\/media?parent=129605"}],"wp:term":[{"taxonomy":"category","embeddable":true,"href":"https:\/\/www.europesays.com\/fi\/wp-json\/wp\/v2\/categories?post=129605"},{"taxonomy":"post_tag","embeddable":true,"href":"https:\/\/www.europesays.com\/fi\/wp-json\/wp\/v2\/tags?post=129605"}],"curies":[{"name":"wp","href":"https:\/\/api.w.org\/{rel}","templated":true}]}}