{"id":129613,"date":"2025-12-31T05:59:09","date_gmt":"2025-12-31T05:59:09","guid":{"rendered":"https:\/\/www.europesays.com\/fi\/129613\/"},"modified":"2025-12-31T05:59:09","modified_gmt":"2025-12-31T05:59:09","slug":"venajalta-suomeen-paennut-sergei-bondarev-varoittaa-suomea-propagandasta","status":"publish","type":"post","link":"https:\/\/www.europesays.com\/fi\/129613\/","title":{"rendered":"Ven\u00e4j\u00e4lt\u00e4 Suomeen paennut Sergei Bondarev varoittaa Suomea propagandasta"},"content":{"rendered":"<p>\u2013 Ven\u00e4j\u00e4 on jo masinoinut monet t\u00e4\u00e4ll\u00e4 asuvat ven\u00e4l\u00e4iset Suomea vastaan, sanoo Suomesta turvapaikan saanut Sergei Bondarev.<\/p>\n<p class=\"article-body mb-nof-24 px-nof-16\">Viime vuodet ovat olleet <a class=\"font-bold underline-offset-[0.12em] [text-decoration:var(--person-link-text-decoration)] ![text-decoration-color:var(--person-link-text-decoration-color)]\" href=\"https:\/\/www.is.fi\/haku\/?query=Sergei%20Bondareville\" rel=\"nofollow noopener\" target=\"_blank\">Sergei Bondareville<\/a> h\u00e4nen el\u00e4m\u00e4ns\u00e4 vaikeinta aikaa. Silti h\u00e4n tekisi kaiken samoin, jos voisi valita uudelleen.<\/p>\n<p class=\"article-body mb-nof-24 px-nof-16\">Bondarev, 46, pakeni Ven\u00e4j\u00e4lt\u00e4 Suomeen lokakuussa 2022. Tuolloin perhe asui viel\u00e4 Moskovassa, mutta muutti sittemmin syd\u00e4n-Ven\u00e4j\u00e4lle.<\/p>\n<p class=\"article-body mb-nof-24 px-nof-16\">\u2013\u2009Ven\u00e4j\u00e4ll\u00e4 joutuu el\u00e4m\u00e4\u00e4n hyvin ristiriitaisten tunteiden keskell\u00e4. Sanojaan joutuu suodattamaan koko ajan. Se ei ole minusta kovin tervett\u00e4 el\u00e4m\u00e4\u00e4.<\/p>\n<p class=\"article-body mb-nof-24 px-nof-16\">K\u00e4sikirjoittaja ja kulttuuripolitiikan asiantuntija sai Suomesta oleskeluluvan kansainv\u00e4lisen suojelun perusteella loppuvuodesta 2024. Ilta-Sanomat on n\u00e4hnyt kuvan oleskelulupakortista, joka Bondareville tuli postissa, kun h\u00e4n sai oleskeluluvan Suomeen.<\/p>\n<p class=\"article-body mb-nof-24 px-nof-16\">Nyt h\u00e4n odottaa, ett\u00e4 perheenyhdist\u00e4mishakemus k\u00e4sitelt\u00e4isiin Maahanmuuttovirastossa ja h\u00e4n saisi my\u00f6s perheens\u00e4 luokseen Suomeen.<\/p>\n<p class=\"article-body mb-nof-24 px-nof-16\">Perheenyhdist\u00e4mishakemuksen k\u00e4sittely on kest\u00e4nyt yli yhdeks\u00e4n kuukautta, ja lain mukaan k\u00e4sittelyn m\u00e4\u00e4r\u00e4aika on jo umpeutunut.<\/p>\n<p class=\"article-body mb-nof-24 px-nof-16\">Bondarev on turhautunut ja uupunut odottamaan viraston vastausta, koska kokee olevansa vastuussa tytt\u00e4riens\u00e4 ja vaimonsa turvallisuudesta. Perheen el\u00e4m\u00e4 rajan takana sulkeutuneessa ja autoritaarisessa maassa ei ole helppoa.<\/p>\n<p class=\"article-body mb-nof-24 px-nof-16\">Viimeisen kolmen kuukauden aikana Ukrainan drooni-iskut ovat osuneet syv\u00e4lle Ven\u00e4j\u00e4lle. Iskut ovat h\u00e4irinneet my\u00f6s nettiyhteyksi\u00e4, mik\u00e4 on vaikeuttanut entisest\u00e4\u00e4n puhumista perheen kanssa.<\/p>\n<p class=\"article-body mb-nof-24 px-nof-16\">Ukraina on edelt\u00e4v\u00e4n syksyn ja alkutalven aikana tehnyt useita onnistuneita drooni-iskuja Ven\u00e4j\u00e4lle \u00f6ljynjalostamoihin ja teollisuuslaitoksiin.<\/p>\n<p><img decoding=\"async\" src=\"https:\/\/www.europesays.com\/fi\/wp-content\/uploads\/2025\/12\/1767160748_664_978.jpg\" alt=\"Sergei Bondarev oli helpottunut, kun p\u00e4\u00e4si Suomeen ja sai ilmaista vapaasti ajatuksiaan.\" class=\"_Img_1rerz_1\" style=\"aspect-ratio:1.5\" loading=\"eager\"\/><\/p>\n<p class=\"article-picture-caption\">Sergei Bondarev oli helpottunut, kun p\u00e4\u00e4si Suomeen ja sai ilmaista vapaasti ajatuksiaan. Kuva:\u00a0Terhi Ylim\u00e4inen<\/p>\n<p class=\"article-body mb-nof-24 px-nof-16\">Perhe pit\u00e4\u00e4 yhteytt\u00e4 muun muassa WhatsAppissa. Aina se ei toimi, ja Ven\u00e4j\u00e4 on lis\u00e4ksi rajoittanut laajasti sen k\u00e4ytt\u00f6\u00e4. Siksi Bondarev on ladannut puhelimelleen monta eri pikaviestisovellusta.<\/p>\n<p class=\"article-body mb-nof-24 px-nof-16\">\u2013\u2009Pelk\u00e4\u00e4n, ett\u00e4 puhelinkeskustelujamme voidaan kuunnella, h\u00e4n sanoo.<\/p>\n<p class=\"article-body mb-nof-24 px-nof-16\">Bondarev on k\u00e4skenyt perhett\u00e4\u00e4n pit\u00e4m\u00e4\u00e4n matalaa profiilia.<\/p>\n<p class=\"article-body mb-nof-24 px-nof-16\">\u2013\u2009Haluan, ett\u00e4 he pysyv\u00e4t turvassa.<\/p>\n<p class=\"article-body mb-nof-24 px-nof-16\">Bondarev on seurannut Ven\u00e4j\u00e4ll\u00e4 asuvia tuttujaan sosiaalisessa mediassa. Yleisesti ottaen monet heist\u00e4 alkavat olla hyvin kyll\u00e4styneit\u00e4 sotaan. Ven\u00e4l\u00e4isist\u00e4 on tullut poliittisesti entist\u00e4 apaattisempia ja todellisuuspakoisempia, h\u00e4n sanoo.<\/p>\n<p class=\"article-body mb-nof-24 px-nof-16\">Bondarevin oma kriittisyys hallintoa kohtaan kumpuaa liberaalista taidekasvatuksesta ja siit\u00e4, ett\u00e4 h\u00e4n on kasvanut romaaneja lukien. H\u00e4n ottaa esimerkiksi <a class=\"font-bold underline-offset-[0.12em] [text-decoration:var(--person-link-text-decoration)] ![text-decoration-color:var(--person-link-text-decoration-color)]\" href=\"https:\/\/www.is.fi\/haku\/?query=George%20Orwellin\" rel=\"nofollow noopener\" target=\"_blank\">George Orwellin<\/a> Vuonna 1984 -klassikkoteoksen, jossa varoitetaan autorit\u00e4\u00e4risen yhteiskunnan painajaisesta.<\/p>\n<p class=\"article-body mb-nof-24 px-nof-16\">\u2013\u2009Luin kaikkia h\u00e4iritsevi\u00e4 romaaneja, eik\u00e4 minusta siin\u00e4 ollut mit\u00e4\u00e4n yll\u00e4tt\u00e4v\u00e4\u00e4, ett\u00e4 hallituksessa on jotain vinksallaan.<\/p>\n<p class=\"article-body mb-nof-24 px-nof-16\">Bondarev on tutustunut my\u00f6s Suomessa asuvien, ven\u00e4j\u00e4\u00e4 \u00e4idinkielen\u00e4\u00e4n puhuvien ajatuksiin sosiaalisessa mediassa, etenkin Telegram-kanavilla. Siell\u00e4 levi\u00e4\u00e4 j\u00e4rkytt\u00e4v\u00e4\u00e4 Suomen vastaista propagandaa, h\u00e4n sanoo.<\/p>\n<p class=\"article-body mb-nof-24 px-nof-16\">Suomessa asuu yli 100\u202f000 ven\u00e4j\u00e4\u00e4 \u00e4idinkielen\u00e4\u00e4n puhuvaa. Heist\u00e4 monet eiv\u00e4t puhu lainkaan suomea, Bondarev on huomannut. Liian moni ven\u00e4j\u00e4nkielisist\u00e4 seuraa Ven\u00e4j\u00e4n televisiota ja ven\u00e4j\u00e4nkielisi\u00e4 propagandauutisia, h\u00e4n sanoo.<\/p>\n<p class=\"article-body mb-nof-24 px-nof-16\">\u2013\u2009Suomessa heid\u00e4t on j\u00e4tetty kulttuurisesti t\u00e4ysin huomiotta, eik\u00e4 Ylen ven\u00e4j\u00e4nkielinen uutistarjonta riit\u00e4.<\/p>\n<p class=\"article-body mb-nof-24 px-nof-16\">Bondarev haluaisi alkaa esitt\u00e4\u00e4 Suomen ven\u00e4l\u00e4isille suomalaisia ja pohjoismaisia elokuvia, joissa olisi ven\u00e4j\u00e4nkieliset tekstitykset. H\u00e4n on hakenut apurahaa projektiinsa, jossa on tarkoituksena my\u00f6s selvitt\u00e4\u00e4 Suomessa asuvien ven\u00e4l\u00e4isten ajatusmaailmaa.<\/p>\n<p class=\"article-body mb-nof-24 px-nof-16\">\u2013 Suomi on unohtanut t\u00e4ysin hy\u00f6dynt\u00e4\u00e4 kulttuurin pehme\u00e4\u00e4 valtaa. Samaan aikaan Ven\u00e4j\u00e4 on jo masinoinut monet t\u00e4\u00e4ll\u00e4 asuvat ven\u00e4l\u00e4iset Suomea vastaan.<\/p>\n<p>Professori: Ven\u00e4j\u00e4 voi painostaa kansalaisiaan<\/p>\n<p class=\"article-body mb-nof-24 px-nof-16\">Ven\u00e4j\u00e4ll\u00e4 on jo vuosia ajettu politiikkaa, jonka mukaan maalla on oikeus ja jopa velvollisuus puolustaa kansalaisiaan my\u00f6s Ven\u00e4j\u00e4n rajojen ulkopuolella. Ven\u00e4j\u00e4n propagandassa suomalaisista on alettu rakentaa viholliskuvaa.<\/p>\n<p class=\"article-body mb-nof-24 px-nof-16\">Ukrainan sota alkoi propagandalla, jossa v\u00e4itettiin, ett\u00e4 Ukraina kohtelee huonosti ven\u00e4l\u00e4isi\u00e4 ja ukrainalaiset ovat natseja, muistuttaa Ven\u00e4j\u00e4-tuntija ja tiedustelututkimuksen professori <a class=\"font-bold underline-offset-[0.12em] [text-decoration:var(--person-link-text-decoration)] ![text-decoration-color:var(--person-link-text-decoration-color)]\" href=\"https:\/\/www.is.fi\/haku\/?query=Kari%20Liuhto\" rel=\"nofollow noopener\" target=\"_blank\">Kari Liuhto<\/a>.<\/p>\n<p class=\"article-body mb-nof-24 px-nof-16\">\u2013\u2009T\u00e4m\u00e4 sama retoriikka ja sapluuna on otettu k\u00e4ytt\u00f6\u00f6n jo Suomen kohdalla, Liuhto sanoi <a class=\"underline underline-offset-[0.12em] [text-decoration-thickness:var(--generic-link-underline-thickness)] [text-decoration-color:var(--generic-link-underline-color)] [text-decoration-skip-ink:var(--generic-link-underline-skip-ink)] break-words\" href=\"https:\/\/www.is.fi\/artikkeli\/art-2000010587307.html\" rel=\"nofollow noopener\" target=\"_blank\">Ilta-Sanomille elokuussa 2024<\/a>.<\/p>\n<p class=\"article-body mb-nof-24 px-nof-16\">H\u00e4n on yh\u00e4 samaa mielt\u00e4 ja uskoo, ett\u00e4 Ven\u00e4j\u00e4n ote on entisest\u00e4\u00e4n kiristynyt. Liuhdon mukaan Ven\u00e4j\u00e4 k\u00e4ytt\u00e4\u00e4 niin sanottua MICE-tekniikkaa. Se tarkoittaa, ett\u00e4 painostuksessa k\u00e4ytet\u00e4\u00e4n taloudellisia keinoja, vedotaan yhteiseen putinistiseen tai Ven\u00e4j\u00e4n imperialismiin nojaavaan ideologiaan, kiristet\u00e4\u00e4n ihmisi\u00e4 heid\u00e4n heikkouksillaan tai p\u00f6nkitet\u00e4\u00e4n ihmisen egoa ja vallanhalua.<\/p>\n<p class=\"article-body mb-nof-24 px-nof-16\">Liuhdon mukaan mahdollisessa sotatilanteessa Ven\u00e4j\u00e4 voisi my\u00f6s hy\u00f6dynt\u00e4\u00e4 Suomessa asuvia Ven\u00e4j\u00e4n kaksoiskansalaisia tavalla, joka antaisi it\u00e4naapurille syyn hy\u00f6k\u00e4t\u00e4 Suomeen. Sodan tekosyyn\u00e4 voitaisiin k\u00e4ytt\u00e4\u00e4 sit\u00e4, ett\u00e4 Suomi kohtelee Ven\u00e4j\u00e4n kansalaisia jollain tapaa v\u00e4\u00e4rin.<\/p>\n<p class=\"article-body mb-nof-24 px-nof-16\">Vaara piilee my\u00f6s siin\u00e4, ett\u00e4 suurella osalla kaksoiskansalaisista on sukulaisia Ven\u00e4j\u00e4ll\u00e4. Putinin Ven\u00e4j\u00e4 pystyy helposti painostamaan Suomessa asuvia kansalaisiaan heid\u00e4n sukulaistensa kautta.<\/p>\n<p class=\"article-body mb-nof-24 px-nof-16\">Virossa Ven\u00e4j\u00e4 on jo painostanut kansalaisiaan n\u00e4in Liuhdon mukaan. Siell\u00e4 asuvia ven\u00e4l\u00e4isi\u00e4 on voitu taivutella esimerkiksi ker\u00e4\u00e4m\u00e4\u00e4n Ven\u00e4j\u00e4lle tietoa Virosta.<\/p>\n<p class=\"article-body mb-nof-24 px-nof-16\">Suomeen paennut Putin-kriitikko Mihail Durnenkov kertoi <a class=\"underline underline-offset-[0.12em] [text-decoration-thickness:var(--generic-link-underline-thickness)] [text-decoration-color:var(--generic-link-underline-color)] [text-decoration-skip-ink:var(--generic-link-underline-skip-ink)] break-words\" href=\"https:\/\/www.is.fi\/artikkeli\/art-2000011689303.html\" rel=\"nofollow noopener\" target=\"_blank\">hiljattain IS:lle<\/a>, ett\u00e4 suuri osa Suomessa asuvista ven\u00e4l\u00e4isist\u00e4 pelk\u00e4\u00e4, ett\u00e4 heist\u00e4 tulee Putinin seuraava maali.<\/p>\n<p class=\"article-body mb-nof-24 px-nof-16\">\u2013\u2009Emme halua, ett\u00e4 Putin tulee pelastamaan tai vapauttamaan meid\u00e4t.<\/p>\n<p class=\"article-body mb-nof-24 px-nof-16\">Cultura-s\u00e4\u00e4ti\u00f6n vuonna 2024 julkaistussa <a class=\"underline underline-offset-[0.12em] [text-decoration-thickness:var(--generic-link-underline-thickness)] [text-decoration-color:var(--generic-link-underline-color)] [text-decoration-skip-ink:var(--generic-link-underline-skip-ink)] break-words\" href=\"https:\/\/instituutiot.culturas.fi\/fi\/raportit\/suomen-venajankieliset-2024-raportti\" rel=\"nofollow noopener\" target=\"_blank\">raportissa <\/a>Suomen ven\u00e4j\u00e4nkielisten ajatuksista todetaan, ett\u00e4 luottamus suomalaiseen mediaan on matala. Se heijastuu negatiivisesti heid\u00e4n suhtautumiseensa Suomen toimintaa ja l\u00e4nsimaisia arvoja kohtaan.<\/p>\n<p class=\"article-body mb-nof-24 px-nof-16\">Osa Suomen ven\u00e4j\u00e4nkielisist\u00e4 kuitenkin tuomitsee Ven\u00e4j\u00e4n toimet Ukrainassa ja luottaa suomalaiseen mediaan, Cultura-s\u00e4\u00e4ti\u00f6n raportissa todetaan. Nuoremmat ja lyhyemm\u00e4n aikaa maassa asuneet suhtautuvat selvityksen mukaan my\u00f6s Suomen Nato-j\u00e4senyyteen my\u00f6nteisemmin kuin vanhemmat ja pidemp\u00e4\u00e4n Suomessa asuneet.<\/p>\n<p class=\"article-body mb-nof-24 px-nof-16\">Ven\u00e4j\u00e4 syytt\u00e4\u00e4 l\u00e4ntt\u00e4 toistuvasti russofobiasta, eli Ven\u00e4j\u00e4n vastaisuudesta. Bondarev sanoo, ett\u00e4 koki kolmen viikon aikana Israelissa vuonna 2022 enemm\u00e4n russofobiaa kuin kolmen vuoden aikana Suomessa.<\/p>\n<p class=\"article-body mb-nof-24 px-nof-16\">\u2013\u2009Olen kiitollinen siit\u00e4, ett\u00e4 Suomi on ollut niin paljon v\u00e4hemm\u00e4n russofobinen kuin se voisi olla.<\/p>\n<p class=\"article-body mb-nof-24 px-nof-16\">Bondarev kertoo naispuolisesta ven\u00e4l\u00e4isest\u00e4 tuttavastaan, joka on asunut Suomessa yli 30 vuotta. Nainen on vakuuttunut, ett\u00e4 suomalaiset vihaavat Ven\u00e4j\u00e4\u00e4 ja ven\u00e4l\u00e4isi\u00e4. H\u00e4n katsoo jatkuvasti Ven\u00e4j\u00e4n televisiota.<\/p>\n<p class=\"article-body mb-nof-24 px-nof-16\">\u2013 Nainen on itse t\u00e4ysin Suomen vastainen. H\u00e4n ei luota suomalaiseen mediaan.<\/p>\n<p><img decoding=\"async\" src=\"https:\/\/www.europesays.com\/fi\/wp-content\/uploads\/2025\/12\/1767160749_387_978.jpg\" alt=\"Sergei Bondarev haluaisi alkaa esitt\u00e4\u00e4 Suomen ven\u00e4l\u00e4isille suomalaisia ja pohjoismaisia elokuvia, joissa olisi ven\u00e4j\u00e4nkieliset tekstitykset.\" class=\"_Img_1rerz_1\" style=\"aspect-ratio:1.5\" loading=\"eager\"\/><\/p>\n<p class=\"article-picture-caption\">Sergei Bondarev haluaisi alkaa esitt\u00e4\u00e4 Suomen ven\u00e4l\u00e4isille suomalaisia ja pohjoismaisia elokuvia, joissa olisi ven\u00e4j\u00e4nkieliset tekstitykset. Kuva:\u00a0Terhi Ylim\u00e4inen<\/p>\n<p class=\"article-body mb-nof-24 px-nof-16\">Bondarev muistuttaa, ett\u00e4 Suomi on Nato-maista Ven\u00e4j\u00e4n suhteen erityisasemassa, koska sill\u00e4 on niin pitk\u00e4 raja Ven\u00e4j\u00e4n kanssa. Bondarevin mukaan tasavallan presidentti <a class=\"font-bold underline-offset-[0.12em] [text-decoration:var(--person-link-text-decoration)] ![text-decoration-color:var(--person-link-text-decoration-color)]\" href=\"https:\/\/www.is.fi\/haku\/?query=Alexander%20Stubb\" rel=\"nofollow noopener\" target=\"_blank\">Alexander Stubb<\/a> on <a class=\"font-bold underline-offset-[0.12em] [text-decoration:var(--person-link-text-decoration)] ![text-decoration-color:var(--person-link-text-decoration-color)]\" href=\"https:\/\/www.is.fi\/haku\/?query=Vladimir%20Putinin\" rel=\"nofollow noopener\" target=\"_blank\">Vladimir Putinin<\/a> silmiss\u00e4 vahvin Suomen presidentti vuosiin.<\/p>\n<p class=\"article-body mb-nof-24 px-nof-16\">\u2013\u2009Toivon, ettei Eurooppa en\u00e4\u00e4 koskaan luota Putiniin tai Ven\u00e4j\u00e4\u00e4n. Jos rauha saavutetaan Ukrainassa, Euroopan pit\u00e4\u00e4 pysy\u00e4 varuillaan, koska Ven\u00e4j\u00e4 voi rikkoa rauhan min\u00e4 hetken\u00e4 hyv\u00e4ns\u00e4.<\/p>\n","protected":false},"excerpt":{"rendered":"\u2013 Ven\u00e4j\u00e4 on jo masinoinut monet t\u00e4\u00e4ll\u00e4 asuvat ven\u00e4l\u00e4iset Suomea vastaan, sanoo Suomesta turvapaikan saanut Sergei Bondarev. Viime&hellip;\n","protected":false},"author":2,"featured_media":129614,"comment_status":"","ping_status":"","sticky":false,"template":"","format":"standard","meta":{"footnotes":""},"categories":[12],"tags":[22,23,26,27,33,31,30,17,34,24,25,28,29,15,18,21,32,19,20,16],"class_list":{"0":"post-129613","1":"post","2":"type-post","3":"status-publish","4":"format-standard","5":"has-post-thumbnail","7":"category-suomi","8":"tag-breaking-news","9":"tag-breakingnews","10":"tag-featured-news","11":"tag-featurednews","12":"tag-fi","13":"tag-finland","14":"tag-finnish","15":"tag-headlines","16":"tag-ilta-sanomat","17":"tag-latest-news","18":"tag-latestnews","19":"tag-main-news","20":"tag-mainnews","21":"tag-news","22":"tag-otsikot","23":"tag-paauutiset","24":"tag-suomi","25":"tag-top-stories","26":"tag-topstories","27":"tag-uutiset"},"share_on_mastodon":{"url":"https:\/\/pubeurope.com\/@fi\/115812654412591641","error":""},"_links":{"self":[{"href":"https:\/\/www.europesays.com\/fi\/wp-json\/wp\/v2\/posts\/129613","targetHints":{"allow":["GET"]}}],"collection":[{"href":"https:\/\/www.europesays.com\/fi\/wp-json\/wp\/v2\/posts"}],"about":[{"href":"https:\/\/www.europesays.com\/fi\/wp-json\/wp\/v2\/types\/post"}],"author":[{"embeddable":true,"href":"https:\/\/www.europesays.com\/fi\/wp-json\/wp\/v2\/users\/2"}],"replies":[{"embeddable":true,"href":"https:\/\/www.europesays.com\/fi\/wp-json\/wp\/v2\/comments?post=129613"}],"version-history":[{"count":0,"href":"https:\/\/www.europesays.com\/fi\/wp-json\/wp\/v2\/posts\/129613\/revisions"}],"wp:featuredmedia":[{"embeddable":true,"href":"https:\/\/www.europesays.com\/fi\/wp-json\/wp\/v2\/media\/129614"}],"wp:attachment":[{"href":"https:\/\/www.europesays.com\/fi\/wp-json\/wp\/v2\/media?parent=129613"}],"wp:term":[{"taxonomy":"category","embeddable":true,"href":"https:\/\/www.europesays.com\/fi\/wp-json\/wp\/v2\/categories?post=129613"},{"taxonomy":"post_tag","embeddable":true,"href":"https:\/\/www.europesays.com\/fi\/wp-json\/wp\/v2\/tags?post=129613"}],"curies":[{"name":"wp","href":"https:\/\/api.w.org\/{rel}","templated":true}]}}