{"id":129627,"date":"2025-12-31T06:24:07","date_gmt":"2025-12-31T06:24:07","guid":{"rendered":"https:\/\/www.europesays.com\/fi\/129627\/"},"modified":"2025-12-31T06:24:07","modified_gmt":"2025-12-31T06:24:07","slug":"lukijalta-ministerit-suomi-varautuu-myos-terveydenhuollossa-paakirjoitus-mielipide","status":"publish","type":"post","link":"https:\/\/www.europesays.com\/fi\/129627\/","title":{"rendered":"Lukijalta | Ministerit: Suomi varautuu, my\u00f6s terveydenhuollossa | P\u00e4\u00e4kirjoitus &#038; mielipide"},"content":{"rendered":"<p>Sota Ukrainassa on osoittanut, ett\u00e4 sosiaali- ja terveydenhuollon infrastruktuuri on keskeinen puolustuskyvyn ulottuvuus ja sodank\u00e4ynnin kohde. Sosiaali- ja terveydenhuollon kyky hoitaa ja kuntouttaa potilaita vaikuttaa merkitt\u00e4v\u00e4sti maan puolustuskykyyn.<\/p>\n<p>Viimeist\u00e4\u00e4n Ukrainan sodan my\u00f6t\u00e4 olemme oppineet my\u00f6s sen, ett\u00e4 aiemmin luotettuina pidetyt sodan oikeuss\u00e4\u00e4nn\u00f6t ja siviilien suojelu eiv\u00e4t p\u00e4de t\u00e4m\u00e4n p\u00e4iv\u00e4n sodank\u00e4ynniss\u00e4. Punainen risti sairaalan ei katolla ei merkitse suojaa, vaan maalitaulua.<\/p>\n<p>Suomessa puolustusvoimien perusteht\u00e4v\u00e4 on puolustaa maatamme ja suojella sen koskemattomuutta. Suomalaiseen kokonaisturvallisuuden malliin kuuluu se, ett\u00e4 my\u00f6s poikkeusoloissa l\u00e4ht\u00f6kohtana toimivat normaaliolojen j\u00e4rjestelyt.<\/p>\n<p>Terveydenhoidon palveluiden ja vammautuneiden hoidon osalta puolustusvoimat tukeutuu hyvinvointialueisiin, joiden teht\u00e4v\u00e4 on parantaa ja hoitaa niin suomalaiset ja kansainv\u00e4liset sotilaat kuin siviilitkin. Yhteisty\u00f6 on edellytys omalle uskottavalle ja toimivalle puolustuskyvyllemme, mutta se hy\u00f6dytt\u00e4\u00e4 my\u00f6s sosiaali- ja terveydenhuollon varautumista h\u00e4iri\u00f6tilanteisiin.<\/p>\n<p>Puolustusministeri\u00f6n asettama poikkihallinnollinen ty\u00f6ryhm\u00e4 luovutti joulukuussa meille ministereille raporttinsa terveydenhuollon varautumisesta poikkeusoloihin. Sodank\u00e4ynnin muutokset aiheuttavat suomalaiselle kentt\u00e4l\u00e4\u00e4kinn\u00e4lle ja terveydenhuollolle kehitt\u00e4misvaatimuksia. N\u00e4it\u00e4 tarpeita on tunnistettu jo aiemmin ja toimeen on tartuttu, mutta raportti parantaa tietopohjaa jatkoty\u00f6h\u00f6n.<\/p>\n<p>Hallitus on ty\u00f6skennellyt jatkuvasti poikkeusoloihin varautumisen parantamiseksi. Joulukuun alussa voimaan tulleen lakimuutoksen my\u00f6t\u00e4 hyvinvointialueiden ja Puolustushallinnon v\u00e4lisen yhteisty\u00f6n puitteet vied\u00e4\u00e4n ensi kertaa lains\u00e4\u00e4d\u00e4nn\u00f6n tasolle.<\/p>\n<p>Hallitus on osoittanut hyvinvointialueiden varautumiseen ja Puolustushallinnon kanssa teht\u00e4v\u00e4n yhteisty\u00f6n tukemiseen merkitt\u00e4v\u00e4\u00e4 lis\u00e4rahoitusta ja sitoutunut korvaamaan uusista velvoitteista hyvinvointialueille aiheutuvat kustannukset t\u00e4ysim\u00e4\u00e4r\u00e4isesti.<\/p>\n<p>Olemme kytkeytyneet osaksi kansainv\u00e4lisi\u00e4 verkostoja ja liittoumia, joissa meid\u00e4n on pystytt\u00e4v\u00e4 toimimaan yhten\u00e4isen\u00e4 kokonaisuutena. NATO, EU ja Pohjoismainen yhteisty\u00f6 ovat oleellinen osa turvallisuuttamme, ja siksi my\u00f6s sosiaali- ja terveydenhuollon varautumista.<\/p>\n<p>Suomen tulee pysty\u00e4 ottamaan vastaan kansainv\u00e4list\u00e4 sosiaali- ja terveydenhuollon apua ja l\u00e4hett\u00e4m\u00e4\u00e4n sit\u00e4, oli sitten kyse sotilaallisista tai humanitaarisista tarpeista. Sosiaali- ja terveysministeri\u00f6ss\u00e4 on valmisteltu varautumista tehostavaa lains\u00e4\u00e4d\u00e4nt\u00f6\u00e4, ja ty\u00f6 jatkuu. Juuri t\u00e4ll\u00e4 hetkell\u00e4 eduskunnassa on k\u00e4sittelyss\u00e4 lakimuutos, joka helpottaa terveydenhuollon ammattilaisten antaman kansainv\u00e4lisen avun vastaanottamista.<\/p>\n<p>Suomi ei ole Natossa, EU:ssa ja pohjoismaisessa yhteis\u00f6ss\u00e4mme turvallisuuden kuluttaja, vaan tuottaja. Nato-j\u00e4senyys vahvistaa omaa turvallisuuttamme, mutta tekee my\u00f6s liittokunnasta vahvemman.<\/p>\n<p>Vaikka Suomi on liittolaisena tuore, meill\u00e4 on paljon arvostettua varautumisen ja kokonaisturvallisuuden osaamista, jota olemme voineet jakaa esimerkiksi vilkkaalla yhteisell\u00e4 harjoitustoiminnalla liittolaistemme kanssa. Kiinnostus kokonaisturvallisuuden mallia kohtaan on huomattavaa, ja siit\u00e4 voi olla ylpe\u00e4.<\/p>\n<p><strong>Sanni Grahn-Laasonen, Antti H\u00e4kk\u00e4nen<\/strong><\/p>\n<p class=\"diks-storyline__additional-information\">Kirjoittajista Grahn-Laasonen on sosiaaliturvaministeri (kok.) ja H\u00e4kk\u00e4nen puolustusministeri (kok.).<\/p>\n","protected":false},"excerpt":{"rendered":"Sota Ukrainassa on osoittanut, ett\u00e4 sosiaali- ja terveydenhuollon infrastruktuuri on keskeinen puolustuskyvyn ulottuvuus ja sodank\u00e4ynnin kohde. Sosiaali- ja&hellip;\n","protected":false},"author":2,"featured_media":129628,"comment_status":"","ping_status":"","sticky":false,"template":"","format":"standard","meta":{"footnotes":""},"categories":[14],"tags":[802,22,23,1617,26,27,33,31,30,17,3880,24,25,28,29,2579,15,18,21,878,2535,32,679,19,20,56,16,59,60,61],"class_list":{"0":"post-129627","1":"post","2":"type-post","3":"status-publish","4":"format-standard","5":"has-post-thumbnail","7":"category-ulkomaat","8":"tag-armeijat-ja-aseelliset-joukot","9":"tag-breaking-news","10":"tag-breakingnews","11":"tag-euroopan-unioni","12":"tag-featured-news","13":"tag-featurednews","14":"tag-fi","15":"tag-finland","16":"tag-finnish","17":"tag-headlines","18":"tag-julkinen-infrastruktuuri","19":"tag-latest-news","20":"tag-latestnews","21":"tag-main-news","22":"tag-mainnews","23":"tag-nato","24":"tag-news","25":"tag-otsikot","26":"tag-paauutiset","27":"tag-puolustus-ja-rajavalvonta-maanpuolustus","28":"tag-puolustuspolitiikka","29":"tag-suomi","30":"tag-terveydenhuollon-toimintalaitokset","31":"tag-top-stories","32":"tag-topstories","33":"tag-ulkomaat","34":"tag-uutiset","35":"tag-world","36":"tag-world-news","37":"tag-worldnews"},"share_on_mastodon":{"url":"","error":"Validation failed: Text character limit of 500 exceeded"},"_links":{"self":[{"href":"https:\/\/www.europesays.com\/fi\/wp-json\/wp\/v2\/posts\/129627","targetHints":{"allow":["GET"]}}],"collection":[{"href":"https:\/\/www.europesays.com\/fi\/wp-json\/wp\/v2\/posts"}],"about":[{"href":"https:\/\/www.europesays.com\/fi\/wp-json\/wp\/v2\/types\/post"}],"author":[{"embeddable":true,"href":"https:\/\/www.europesays.com\/fi\/wp-json\/wp\/v2\/users\/2"}],"replies":[{"embeddable":true,"href":"https:\/\/www.europesays.com\/fi\/wp-json\/wp\/v2\/comments?post=129627"}],"version-history":[{"count":0,"href":"https:\/\/www.europesays.com\/fi\/wp-json\/wp\/v2\/posts\/129627\/revisions"}],"wp:featuredmedia":[{"embeddable":true,"href":"https:\/\/www.europesays.com\/fi\/wp-json\/wp\/v2\/media\/129628"}],"wp:attachment":[{"href":"https:\/\/www.europesays.com\/fi\/wp-json\/wp\/v2\/media?parent=129627"}],"wp:term":[{"taxonomy":"category","embeddable":true,"href":"https:\/\/www.europesays.com\/fi\/wp-json\/wp\/v2\/categories?post=129627"},{"taxonomy":"post_tag","embeddable":true,"href":"https:\/\/www.europesays.com\/fi\/wp-json\/wp\/v2\/tags?post=129627"}],"curies":[{"name":"wp","href":"https:\/\/api.w.org\/{rel}","templated":true}]}}