{"id":129730,"date":"2025-12-31T09:22:07","date_gmt":"2025-12-31T09:22:07","guid":{"rendered":"https:\/\/www.europesays.com\/fi\/129730\/"},"modified":"2025-12-31T09:22:07","modified_gmt":"2025-12-31T09:22:07","slug":"lappeenrannan-juhlaviikoille-jalleen-uusia-artistikiinnityksia-ismo-alanko-tahdittaa-iltaa-jossa-mukana-myos-palkintoja-kahminut-instrumentaaliyhtye-paikalliset","status":"publish","type":"post","link":"https:\/\/www.europesays.com\/fi\/129730\/","title":{"rendered":"Lappeenrannan juhlaviikoille j\u00e4lleen uusia artistikiinnityksi\u00e4\u2009\u2013\u2009Ismo Alanko t\u00e4hditt\u00e4\u00e4 iltaa, jossa mukana my\u00f6s palkintoja kahminut instrumentaaliyhtye | Paikalliset"},"content":{"rendered":"<p>Ismo Alanko sek\u00e4 Tinyhawk &amp; Bizzarro ovat tuoreimmat Lappeenrannan juhlaviikoille julkaistut esiintyj\u00e4t.<\/p>\n<p>Lappeenrannan juhlaviikkojen musiikkikattaus ottaa entisest\u00e4\u00e4n kierroksia. Torstaina 30. hein\u00e4kuuta Linnoituksen juhlateltassa esiintyv\u00e4t <strong>Ismo Alanko<\/strong> sek\u00e4 kitaravetoista instrumentaalimusiikkia soittava Tinyhawk &amp; Bizzarro.<\/p>\n<p>Suomirockin legendoihin lukeutuva Alanko on tuttu Hassisen Koneesta, Sielun Veljist\u00e4, Ismo Alanko S\u00e4\u00e4ti\u00f6st\u00e4 sek\u00e4 sooloprojekteistaan.<\/p>\n<p>Tinyhawk &amp; Bizzarro lienee monelle viel\u00e4 tuntemattomampi kokoonpano. Yhtyeess\u00e4 soittavat <strong>Jenni Kinnunen<\/strong> (kitara), <strong>Markus V\u00e4is\u00e4nen<\/strong> (kitara), <strong>Teemu Aho<\/strong> (basso) ja <strong>Jaakko P\u00f6yh\u00f6nen<\/strong> (rummut).<\/p>\n<p>Nelikko palkittiin vuoden tulokkaana 2024 Indie Awardseissa, ja esikoisalbumi Nekorok voitti arvostetun Teosto -palkinnon huhtikuussa 2024.<\/p>\n","protected":false},"excerpt":{"rendered":"Ismo Alanko sek\u00e4 Tinyhawk &amp; Bizzarro ovat tuoreimmat Lappeenrannan juhlaviikoille julkaistut esiintyj\u00e4t. Lappeenrannan juhlaviikkojen musiikkikattaus ottaa entisest\u00e4\u00e4n kierroksia.&hellip;\n","protected":false},"author":2,"featured_media":129731,"comment_status":"","ping_status":"","sticky":false,"template":"","format":"standard","meta":{"footnotes":""},"categories":[130],"tags":[138,137,6034,33,31,30,3667,4508,1446,47,141,32,109],"class_list":{"0":"post-129730","1":"post","2":"type-post","3":"status-publish","4":"format-standard","5":"has-post-thumbnail","7":"category-viihde","8":"tag-audio","9":"tag-entertainment","10":"tag-es-lappeenranta","11":"tag-fi","12":"tag-finland","13":"tag-finnish","14":"tag-lappee","15":"tag-lappeenrannan-seutukunta","16":"tag-lappeenranta","17":"tag-musiikki","18":"tag-muusikot-bandit","19":"tag-suomi","20":"tag-viihde"},"share_on_mastodon":{"url":"https:\/\/pubeurope.com\/@fi\/115813452522697740","error":""},"_links":{"self":[{"href":"https:\/\/www.europesays.com\/fi\/wp-json\/wp\/v2\/posts\/129730","targetHints":{"allow":["GET"]}}],"collection":[{"href":"https:\/\/www.europesays.com\/fi\/wp-json\/wp\/v2\/posts"}],"about":[{"href":"https:\/\/www.europesays.com\/fi\/wp-json\/wp\/v2\/types\/post"}],"author":[{"embeddable":true,"href":"https:\/\/www.europesays.com\/fi\/wp-json\/wp\/v2\/users\/2"}],"replies":[{"embeddable":true,"href":"https:\/\/www.europesays.com\/fi\/wp-json\/wp\/v2\/comments?post=129730"}],"version-history":[{"count":0,"href":"https:\/\/www.europesays.com\/fi\/wp-json\/wp\/v2\/posts\/129730\/revisions"}],"wp:featuredmedia":[{"embeddable":true,"href":"https:\/\/www.europesays.com\/fi\/wp-json\/wp\/v2\/media\/129731"}],"wp:attachment":[{"href":"https:\/\/www.europesays.com\/fi\/wp-json\/wp\/v2\/media?parent=129730"}],"wp:term":[{"taxonomy":"category","embeddable":true,"href":"https:\/\/www.europesays.com\/fi\/wp-json\/wp\/v2\/categories?post=129730"},{"taxonomy":"post_tag","embeddable":true,"href":"https:\/\/www.europesays.com\/fi\/wp-json\/wp\/v2\/tags?post=129730"}],"curies":[{"name":"wp","href":"https:\/\/api.w.org\/{rel}","templated":true}]}}