{"id":129736,"date":"2025-12-31T09:27:14","date_gmt":"2025-12-31T09:27:14","guid":{"rendered":"https:\/\/www.europesays.com\/fi\/129736\/"},"modified":"2025-12-31T09:27:14","modified_gmt":"2025-12-31T09:27:14","slug":"purra-avautuu-rankasta-vuodestaan-ilta-sanomat","status":"publish","type":"post","link":"https:\/\/www.europesays.com\/fi\/129736\/","title":{"rendered":"Purra avautuu rankasta vuodestaan &#8211; Ilta-Sanomat"},"content":{"rendered":"<p>Purra kertoo, ettei h\u00e4nell\u00e4 ole juuri muistikuvia helmikuulta.<\/p>\n<p class=\"article-body mb-nof-24 px-nof-16\">Valtiovarainministeri, perussuomalaisten puheenjohtaja <a class=\"font-bold underline-offset-[0.12em] [text-decoration:var(--person-link-text-decoration)] ![text-decoration-color:var(--person-link-text-decoration-color)]\" href=\"https:\/\/www.is.fi\/haku\/?query=Riikka%20Purra\" rel=\"nofollow noopener\" target=\"_blank\">Riikka Purra<\/a> kertoo Instagramissa kuluneesta vuodestaan.<\/p>\n<p class=\"article-body mb-nof-24 px-nof-16\">Vuoden 2025 tammikuun ja kes\u00e4kuun v\u00e4list\u00e4 aikaa summaavassa <a class=\"underline underline-offset-[0.12em] [text-decoration-thickness:var(--generic-link-underline-thickness)] [text-decoration-color:var(--generic-link-underline-color)] [text-decoration-skip-ink:var(--generic-link-underline-skip-ink)] break-words\" href=\"https:\/\/www.instagram.com\/p\/DS4f9v8jWes\/\" rel=\"nofollow noopener\" target=\"_blank\">p\u00e4ivityksess\u00e4\u00e4n<\/a> Purra kertoo muun muassa tehneens\u00e4 kovasti t\u00f6it\u00e4 ja juoneensa kerran suunnitellusti \u201drapsakan k\u00e4nnin\u201d.<\/p>\n<p class=\"article-body mb-nof-24 px-nof-16\">P\u00e4ivityksen yhteydess\u00e4 Purra on jakanut seitsem\u00e4n kuvaa tai lyhytt\u00e4 videota kuluneen vuoden ensimm\u00e4isest\u00e4 puoliskosta. Kuvissa Purra esiintyy muun muassa talvisodan p\u00e4\u00e4ttymisen muistojuhlassa Helsingiss\u00e4 sek\u00e4 kotisohvallaan koira syliss\u00e4\u00e4n.<\/p>\n<p class=\"article-body mb-nof-24 px-nof-16\">Tammikuussa Purra kertoo k\u00e4yneens\u00e4 lapsensa kanssa Roomassa \u201dpikkulomalla\u201d nauttimassa ruoasta, historiakohteista ja hienosta s\u00e4\u00e4st\u00e4.<\/p>\n<p class=\"article-body mb-nof-24 px-nof-16\">Helmikuussa Purra ei p\u00e4ivityksens\u00e4 perusteella paljoa lomaillut, vaan \u201dpainoi vain t\u00f6it\u00e4 kuin pieni el\u00e4in\u201d. Purra kertoo viikonloppujensa kuluneen \u201dkymmenill\u00e4 paikkakunnilla Suomessa\u201d ja viikkojensa Helsingiss\u00e4 ja Brysseliss\u00e4.<\/p>\n<p class=\"article-body mb-nof-24 px-nof-16\">\u2013\u2009L\u00f6ysin vain yhden p\u00e4ivityksen k\u00e4velylt\u00e4 j\u00e4\u00e4lt\u00e4. S\u00e4\u00e4t selv\u00e4sti suosivat edelleen. Ei juuri muistikuvia, Purra kertoo.<\/p>\n<p class=\"article-body mb-nof-24 px-nof-16\">Maaliskuussa ty\u00f6 jatkui, Purra kertoo.<\/p>\n<p class=\"article-body mb-nof-24 px-nof-16\">\u2013\u2009Tuntuu kuin t\u00e4st\u00e4 viime maaliskuusta olisi viisi vuotta, h\u00e4n kirjoittaa.<\/p>\n<p class=\"article-body mb-nof-24 px-nof-16\">Huhtikuussa koittivat kunta- ja aluevaalit, joissa perussuomalaiset k\u00e4rsi rajun tappion. Kuntavaaleissa puolueen kannatus tippui valtakunnallisesti per\u00e4ti 6,8 prosenttiyksikk\u00f6\u00e4 j\u00e4\u00e4den 7,6 prosenttiin, ja aluevaaleissakin pudotusta tuli 3,3 prosenttiyksikk\u00f6\u00e4 kannatuksen j\u00e4\u00e4dess\u00e4 7,8 prosenttiin.<\/p>\n<p class=\"article-body mb-nof-24 px-nof-16\">\u2013\u2009Saa ja pit\u00e4\u00e4 ottaa p\u00e4\u00e4h\u00e4n, suomeksi vituttaa, mutta sitten ollaan taas iskussa. Hyv\u00e4t kuulijat, onneksi seuraaviin vaaleihin on melkein kaksi vuotta, Purra puhui perussuomalaisten vaalivalvojaisissa huhtikuussa.<\/p>\n<p><img decoding=\"async\" src=\"https:\/\/www.europesays.com\/fi\/wp-content\/uploads\/2025\/12\/1767173234_189_468.jpg\" alt=\"Purra puhui perussuomalaisten vaalivalvojaisissa huhtikuussa.\" class=\"_Img_1rerz_1\" style=\"aspect-ratio:1.5\" loading=\"eager\"\/><\/p>\n<p class=\"article-picture-caption\">Purra puhui perussuomalaisten vaalivalvojaisissa huhtikuussa. Kuva:\u00a0Aleksi Jalava \/ IS<\/p>\n<p class=\"article-body mb-nof-24 px-nof-16\">Tuoreessa Instagram-p\u00e4ivityksess\u00e4\u00e4n Purra kuvaa vaaleja edelt\u00e4neit\u00e4 tunnelmia niin, ett\u00e4 \u201dp\u00e4\u00e4 on valmis tulevaan (ik\u00e4v\u00e4\u00e4n), mutta viel\u00e4 pit\u00e4\u00e4 saada keho kest\u00e4m\u00e4\u00e4n kaikki h\u00f6ykytys ja \u00f6verikortisoli\u201d.<\/p>\n<p class=\"article-body mb-nof-24 px-nof-16\">\u2013\u2009N\u00e4in j\u00e4lkeenp\u00e4in taas ihmettelee, miten tuostakin kuukaudesta selvisi, mutta niin k\u00e4vi, h\u00e4n kirjoittaa.<\/p>\n<p class=\"article-body mb-nof-24 px-nof-16\">Vaalien j\u00e4lkeen Purra kertoo p\u00e4\u00e4sseens\u00e4 m\u00f6kille 20. huhtikuuta vietetyn p\u00e4\u00e4si\u00e4isen aikaan.<\/p>\n<p class=\"article-body mb-nof-24 px-nof-16\">Touko- ja kes\u00e4kuutaan Purra kuvaa valoisaksi ajaksi.<\/p>\n<p class=\"article-body mb-nof-24 px-nof-16\">\u2013\u2009Ihana valo, kaikkialla! valtiovarainministeri kuvaa tunnelmia toukokuulta.<\/p>\n<p class=\"article-body mb-nof-24 px-nof-16\">\u2013\u2009Olen t\u00e4ynn\u00e4 voimaa, rauhallisuutta, kiitollisuutta, rakkautta, kun ymp\u00e4rill\u00e4 myrsky\u00e4\u00e4 ja salamoi. Teen rutiinilla tietoisuusharjoituksia ja leijailen kaiken ik\u00e4v\u00e4n yl\u00e4puolella, h\u00e4n kirjoittaa.<\/p>\n<p class=\"article-body mb-nof-24 px-nof-16\">Toukokuun \u201dylivoimaisesti ihanimmaksi asiaksi\u201d Purra kertoo lapsensa ylioppilaaksi p\u00e4\u00e4semisen ja t\u00e4m\u00e4n juhlistamisen.<\/p>\n<p class=\"article-body mb-nof-24 px-nof-16\">Kes\u00e4kuun puolessav\u00e4liss\u00e4 koitti perussuomalaisten puoluekokous, jossa Purra valittiin jatkokaudelle puheenjohtajaksi. Puolueen ensimm\u00e4iseksi varapuheenjohtajaksi nousi tuolloin varsin yll\u00e4tt\u00e4en kansanedustaja <a class=\"font-bold underline-offset-[0.12em] [text-decoration:var(--person-link-text-decoration)] ![text-decoration-color:var(--person-link-text-decoration-color)]\" href=\"https:\/\/www.is.fi\/haku\/?query=Teemu%20Keskisarja\" rel=\"nofollow noopener\" target=\"_blank\">Teemu Keskisarja<\/a> ennakkoon teht\u00e4v\u00e4\u00e4n povatun sis\u00e4ministeri <a class=\"font-bold underline-offset-[0.12em] [text-decoration:var(--person-link-text-decoration)] ![text-decoration-color:var(--person-link-text-decoration-color)]\" href=\"https:\/\/www.is.fi\/haku\/?query=Mari%20Rantasen\" rel=\"nofollow noopener\" target=\"_blank\">Mari Rantasen<\/a> sijaan.<\/p>\n<p><img decoding=\"async\" src=\"https:\/\/www.europesays.com\/fi\/wp-content\/uploads\/2025\/12\/1767173234_84_468.jpg\" alt=\"Perussuomalaisten varapuheenjohtaja Teemu Keskisarja ja puheenjohtaja Riikka Purra kuvattuna puoluevaltuuston kokouksessa joulukuun puoliv\u00e4liss\u00e4.\" class=\"_Img_1rerz_1\" style=\"aspect-ratio:1.5\" loading=\"eager\"\/><\/p>\n<p class=\"article-picture-caption\">Perussuomalaisten varapuheenjohtaja Teemu Keskisarja ja puheenjohtaja Riikka Purra kuvattuna puoluevaltuuston kokouksessa joulukuun puoliv\u00e4liss\u00e4. Kuva:\u00a0Lassi Rinne<\/p>\n<p class=\"article-body mb-nof-24 px-nof-16\">\u2013\u2009Kohti puoluekokousta, sinnill\u00e4 ja sisulla, Purra kuvailee tuolloista tunnelmaansa.<\/p>\n<p class=\"article-body mb-nof-24 px-nof-16\">\u2013\u2009Jatkoin jonkin aikaa viel\u00e4 huipputerveellist\u00e4 el\u00e4m\u00e4\u00e4, kunnes sitten suurimmat ty\u00f6urakat oli klaarattu \u2013 esimerkiksi suunnitellusti juotu rapsakka k\u00e4nni oli toimiva sen j\u00e4lkeen, h\u00e4n kertoo.<\/p>\n<p class=\"article-body mb-nof-24 px-nof-16\">Eduskuntaty\u00f6n kes\u00e4kuussa tauottua Purra kuvaa ty\u00f6tahtinsa rauhoittuneen huomattavasti.<\/p>\n<p class=\"article-body mb-nof-24 px-nof-16\">\u2013\u2009Olisipa aina touko- ja kes\u00e4kuu! Purra p\u00e4\u00e4tt\u00e4\u00e4 puolivuotiskatsauksensa.<\/p>\n<p><script async src=\"\/\/www.instagram.com\/embed.js\"><\/script><\/p>\n","protected":false},"excerpt":{"rendered":"Purra kertoo, ettei h\u00e4nell\u00e4 ole juuri muistikuvia helmikuulta. Valtiovarainministeri, perussuomalaisten puheenjohtaja Riikka Purra kertoo Instagramissa kuluneesta vuodestaan. Vuoden&hellip;\n","protected":false},"author":2,"featured_media":129737,"comment_status":"","ping_status":"","sticky":false,"template":"","format":"standard","meta":{"footnotes":""},"categories":[12],"tags":[22,23,26,27,33,31,30,17,34,24,25,28,29,15,18,21,32,19,20,16],"class_list":{"0":"post-129736","1":"post","2":"type-post","3":"status-publish","4":"format-standard","5":"has-post-thumbnail","7":"category-suomi","8":"tag-breaking-news","9":"tag-breakingnews","10":"tag-featured-news","11":"tag-featurednews","12":"tag-fi","13":"tag-finland","14":"tag-finnish","15":"tag-headlines","16":"tag-ilta-sanomat","17":"tag-latest-news","18":"tag-latestnews","19":"tag-main-news","20":"tag-mainnews","21":"tag-news","22":"tag-otsikot","23":"tag-paauutiset","24":"tag-suomi","25":"tag-top-stories","26":"tag-topstories","27":"tag-uutiset"},"share_on_mastodon":{"url":"https:\/\/pubeurope.com\/@fi\/115813472331883228","error":""},"_links":{"self":[{"href":"https:\/\/www.europesays.com\/fi\/wp-json\/wp\/v2\/posts\/129736","targetHints":{"allow":["GET"]}}],"collection":[{"href":"https:\/\/www.europesays.com\/fi\/wp-json\/wp\/v2\/posts"}],"about":[{"href":"https:\/\/www.europesays.com\/fi\/wp-json\/wp\/v2\/types\/post"}],"author":[{"embeddable":true,"href":"https:\/\/www.europesays.com\/fi\/wp-json\/wp\/v2\/users\/2"}],"replies":[{"embeddable":true,"href":"https:\/\/www.europesays.com\/fi\/wp-json\/wp\/v2\/comments?post=129736"}],"version-history":[{"count":0,"href":"https:\/\/www.europesays.com\/fi\/wp-json\/wp\/v2\/posts\/129736\/revisions"}],"wp:featuredmedia":[{"embeddable":true,"href":"https:\/\/www.europesays.com\/fi\/wp-json\/wp\/v2\/media\/129737"}],"wp:attachment":[{"href":"https:\/\/www.europesays.com\/fi\/wp-json\/wp\/v2\/media?parent=129736"}],"wp:term":[{"taxonomy":"category","embeddable":true,"href":"https:\/\/www.europesays.com\/fi\/wp-json\/wp\/v2\/categories?post=129736"},{"taxonomy":"post_tag","embeddable":true,"href":"https:\/\/www.europesays.com\/fi\/wp-json\/wp\/v2\/tags?post=129736"}],"curies":[{"name":"wp","href":"https:\/\/api.w.org\/{rel}","templated":true}]}}