{"id":129777,"date":"2025-12-31T10:38:06","date_gmt":"2025-12-31T10:38:06","guid":{"rendered":"https:\/\/www.europesays.com\/fi\/129777\/"},"modified":"2025-12-31T10:38:06","modified_gmt":"2025-12-31T10:38:06","slug":"influenssa-leviaa-kanta-hameessa-oma-hame-muistuttaa-ennaltaehkaisyn-tarkeydesta","status":"publish","type":"post","link":"https:\/\/www.europesays.com\/fi\/129777\/","title":{"rendered":"Influenssa levi\u00e4\u00e4 Kanta-H\u00e4meess\u00e4 \u2013 Oma H\u00e4me muistuttaa ennaltaehk\u00e4isyn t\u00e4rkeydest\u00e4"},"content":{"rendered":"<p><strong><\/p>\n<p>Hyv\u00e4 k\u00e4sihygienia, hihaan yskiminen ja hengityssuojaimen k\u00e4ytt\u00f6 ehk\u00e4isev\u00e4t tartuntoja.<\/p>\n<p><\/strong><\/p>\n<p>Influenssa on levinnyt koko maahan itsen\u00e4isyysp\u00e4iv\u00e4n j\u00e4lkeen, ja tautitilanne on vilkas my\u00f6s Oma H\u00e4meen alueella. Joulun aikana tartunnat ovat lis\u00e4\u00e4ntyneet edelleen, ja osa potilaista on tarvinnut sairaalahoitoa.<\/p>\n<p>Oma H\u00e4me muistuttaa tartuntojen ehk\u00e4isyn t\u00e4rkeydest\u00e4. Hyv\u00e4 k\u00e4sihygienia, hihaan yskiminen ja hengityssuojaimen k\u00e4ytt\u00f6 v\u00e4hent\u00e4v\u00e4t influenssan levi\u00e4mist\u00e4.<\/p>\n<p>Influenssa tarttuu herkimmin taudin alkuvaiheessa. Sairaana on t\u00e4rke\u00e4\u00e4 pysy\u00e4 kotona, kunnes oireet ovat selv\u00e4sti helpottaneet. Jos kodin ulkopuolella liikkuminen on v\u00e4ltt\u00e4m\u00e4t\u00f6nt\u00e4, maskin k\u00e4ytt\u00f6 on suositeltavaa. Sairaana ei tule vierailla sairaaloissa tai hoivapaikoissa.<\/p>\n<p>Influenssa paranee useimmiten itsest\u00e4\u00e4n. Oireita voi lievitt\u00e4\u00e4 kuumetta alentavalla l\u00e4\u00e4kkeell\u00e4 ja juomalla riitt\u00e4v\u00e4sti. Jos henkil\u00f6ll\u00e4 on perussairauksia tai oireet pitkittyv\u00e4t tai muuttuvat vakaviksi, tulee ottaa yhteytt\u00e4 P\u00e4ivystysapuun, kiireellisen hoidon Ensilinjaan numeroon 116 117.\u00a0<\/p>\n<p>Influenssarokotteita on edelleen saatavilla riskiryhmiin kuuluville<\/p>\n<p>Rokotusaika kannattaa varata mahdollisimman pian, sill\u00e4 rokotussuojan kehittyminen kest\u00e4\u00e4 noin kaksi viikkoa.<\/p>\n<p><a href=\"https:\/\/thl.fi\/aiheet\/infektiotaudit-ja-rokotukset\/rokotteet-a-o\/influenssarokote\/kenelle-ilmainen-influenssarokote-\" rel=\"nofollow noopener\" target=\"_blank\">Tarkista ennen ajan varaamista, kuulutko riskiryhm\u00e4\u00e4n<\/a><br \/><a href=\"https:\/\/omahame.fi\/rokotuspalvelut\" rel=\"nofollow noopener\" target=\"_blank\">Katso rokotusajanvarausnumerot<\/a><\/p>\n<p>Jos et kuulu riskiryhm\u00e4\u00e4n, voit tiedustella rokotetta ty\u00f6terveyshuollosta, yksityisilt\u00e4 terveysasemilta tai apteekeista.<\/p>\n<p>Taudin aiheuttajaa voi halutessaan selvitt\u00e4\u00e4 tekem\u00e4ll\u00e4 influenssa- tai Covid-kotitestin.<\/p>\n","protected":false},"excerpt":{"rendered":"Hyv\u00e4 k\u00e4sihygienia, hihaan yskiminen ja hengityssuojaimen k\u00e4ytt\u00f6 ehk\u00e4isev\u00e4t tartuntoja. Influenssa on levinnyt koko maahan itsen\u00e4isyysp\u00e4iv\u00e4n j\u00e4lkeen, ja tautitilanne&hellip;\n","protected":false},"author":2,"featured_media":129778,"comment_status":"","ping_status":"","sticky":false,"template":"","format":"standard","meta":{"footnotes":""},"categories":[165],"tags":[33,31,30,166,32,167],"class_list":{"0":"post-129777","1":"post","2":"type-post","3":"status-publish","4":"format-standard","5":"has-post-thumbnail","7":"category-terveys","8":"tag-fi","9":"tag-finland","10":"tag-finnish","11":"tag-health","12":"tag-suomi","13":"tag-terveys"},"share_on_mastodon":{"url":"https:\/\/pubeurope.com\/@fi\/115813751711685446","error":""},"_links":{"self":[{"href":"https:\/\/www.europesays.com\/fi\/wp-json\/wp\/v2\/posts\/129777","targetHints":{"allow":["GET"]}}],"collection":[{"href":"https:\/\/www.europesays.com\/fi\/wp-json\/wp\/v2\/posts"}],"about":[{"href":"https:\/\/www.europesays.com\/fi\/wp-json\/wp\/v2\/types\/post"}],"author":[{"embeddable":true,"href":"https:\/\/www.europesays.com\/fi\/wp-json\/wp\/v2\/users\/2"}],"replies":[{"embeddable":true,"href":"https:\/\/www.europesays.com\/fi\/wp-json\/wp\/v2\/comments?post=129777"}],"version-history":[{"count":0,"href":"https:\/\/www.europesays.com\/fi\/wp-json\/wp\/v2\/posts\/129777\/revisions"}],"wp:featuredmedia":[{"embeddable":true,"href":"https:\/\/www.europesays.com\/fi\/wp-json\/wp\/v2\/media\/129778"}],"wp:attachment":[{"href":"https:\/\/www.europesays.com\/fi\/wp-json\/wp\/v2\/media?parent=129777"}],"wp:term":[{"taxonomy":"category","embeddable":true,"href":"https:\/\/www.europesays.com\/fi\/wp-json\/wp\/v2\/categories?post=129777"},{"taxonomy":"post_tag","embeddable":true,"href":"https:\/\/www.europesays.com\/fi\/wp-json\/wp\/v2\/tags?post=129777"}],"curies":[{"name":"wp","href":"https:\/\/api.w.org\/{rel}","templated":true}]}}